{"id":59655,"date":"2012-08-12T19:20:43","date_gmt":"2012-08-13T00:20:43","guid":{"rendered":"http:\/\/www.bibula.com\/?p=59655"},"modified":"2012-08-12T19:40:56","modified_gmt":"2012-08-13T00:40:56","slug":"rosyjskie-klopoty-z-pomnikami","status":"publish","type":"post","link":"https:\/\/www.bibula.com\/?p=59655","title":{"rendered":"Rosyjskie k\u0142opoty z pomnikami"},"content":{"rendered":"<p><strong>Pomniki Lenina nie budz\u0105 w Rosji kontrowersji, Stalin wygrywa w konkursach na najwybitniejsz\u0105 posta\u0107 historii Rosji, kto wi\u0119c budzi sprzeciw Rosjan?<\/strong><\/p>\r\n<p>W Omsku trwa dyskusja na temat postawienia w centrum miasta pomnika admira\u0142a Aleksandra Ko\u0142czaka, dow\u00f3dcy frontu antybolszewickiego w czasie wojny domowej w Rosji w latach 1917-1920. W\u0142a\u015bnie w Omsku swoj\u0105 siedzib\u0119 mia\u0142 koalicyjny rz\u0105d antybolszewicki.<\/p>\r\n<p>Pomys\u0142 uwiecznienia Ko\u0142czaka zrodzi\u0142 si\u0119 w 2006 r. i wyszed\u0142 od \u00f3wczesnego gubernatora obwodu Leonida Polzhayeva, kt\u00f3ry sprawowa\u0142 swoj\u0105 funkcj\u0119 w latach 1991-2012.<\/p>\r\n<p>Zwolennicy postawienia pomnika postuluj\u0105 ustawienie go obok pomnika Czapajewa &#8211; \u201ebohatera\u201d taj samej wojny, ale strony bolszewickiej. Odk\u0105d w regionie przej\u0105\u0142 w\u0142adz\u0119 Wiktor Nazarow zacz\u0119\u0142y si\u0119 przepraszaj\u0105ce t\u0142umaczenia, \u017ce stawianie pomnika to \u201etylko wykonywanie uchwa\u0142y rz\u0105du regionu\u201d. Oficjalne uzasadnienie m\u00f3wi, \u017ce dzi\u0119ki Ko\u0142czakowi Omsk sta\u0142 si\u0119 w\u0142a\u015bciwie stolic\u0105 Rosji w czasie zmaga\u0144 z bolszewikami. Lokalna prasa cytuje wypowiedzi \u201eprzypadkowych\u201d mieszka\u0144c\u00f3w Omska, kt\u00f3rym rodzice opowiadali o okrucie\u0144stwach admira\u0142a i o \u201ebia\u0142ym terrorze\u201d. Czy opowiadali te\u017c o terrorze czerwonym? Tego svpressa.ru nie wspomina. Wszystko jednak wskazuje na to, \u017ce w Omsku stanie pomnik bia\u0142ego dow\u00f3dcy &#8211; w Irkucku doczeka\u0142 si\u0119 ju\u017c monumentalnej statuy.<\/p>\r\n<p>\u0179r\u00f3d\u0142o: svpressa.ru<\/p>\r\n<p>(JAM)<\/p>","protected":false},"excerpt":{"rendered":"Pomniki Lenina nie budz\u0105 w Rosji kontrowersji, Stalin wygrywa w konkursach na najwybitniejsz\u0105 posta\u0107 historii Rosji, kto wi\u0119c budzi sprzeciw Rosjan? W Omsku trwa dyskusja na temat postawienia w centrum miasta pomnika admira\u0142a Aleksandra Ko\u0142czaka, dow\u00f3dcy frontu antybolszewickiego w czasie wojny domowej w Rosji w latach 1917-1920. W\u0142a\u015bnie w Omsku swoj\u0105 siedzib\u0119 mia\u0142 koalicyjny rz\u0105d [&hellip;]","protected":false},"author":1,"featured_media":0,"comment_status":"closed","ping_status":"closed","sticky":false,"template":"","format":"standard","meta":{"_acf_changed":false,"_monsterinsights_skip_tracking":false,"_monsterinsights_sitenote_active":false,"_monsterinsights_sitenote_note":"","_monsterinsights_sitenote_category":0,"ngg_post_thumbnail":0,"footnotes":"","_wp_rev_ctl_limit":""},"categories":[6],"tags":[66,141],"acf":[],"_links":{"self":[{"href":"https:\/\/www.bibula.com\/index.php?rest_route=\/wp\/v2\/posts\/59655"}],"collection":[{"href":"https:\/\/www.bibula.com\/index.php?rest_route=\/wp\/v2\/posts"}],"about":[{"href":"https:\/\/www.bibula.com\/index.php?rest_route=\/wp\/v2\/types\/post"}],"author":[{"embeddable":true,"href":"https:\/\/www.bibula.com\/index.php?rest_route=\/wp\/v2\/users\/1"}],"replies":[{"embeddable":true,"href":"https:\/\/www.bibula.com\/index.php?rest_route=%2Fwp%2Fv2%2Fcomments&post=59655"}],"version-history":[{"count":0,"href":"https:\/\/www.bibula.com\/index.php?rest_route=\/wp\/v2\/posts\/59655\/revisions"}],"wp:attachment":[{"href":"https:\/\/www.bibula.com\/index.php?rest_route=%2Fwp%2Fv2%2Fmedia&parent=59655"}],"wp:term":[{"taxonomy":"category","embeddable":true,"href":"https:\/\/www.bibula.com\/index.php?rest_route=%2Fwp%2Fv2%2Fcategories&post=59655"},{"taxonomy":"post_tag","embeddable":true,"href":"https:\/\/www.bibula.com\/index.php?rest_route=%2Fwp%2Fv2%2Ftags&post=59655"}],"curies":[{"name":"wp","href":"https:\/\/api.w.org\/{rel}","templated":true}]}}