{"id":59647,"date":"2012-08-12T10:37:23","date_gmt":"2012-08-12T15:37:23","guid":{"rendered":"http:\/\/www.bibula.com\/?p=59647"},"modified":"2012-08-12T10:37:23","modified_gmt":"2012-08-12T15:37:23","slug":"rumunia-niepoprawna-politycznie-jerzy-przystawa","status":"publish","type":"post","link":"https:\/\/www.bibula.com\/?p=59647","title":{"rendered":"Rumunia niepoprawna politycznie &#8211; <em>Jerzy Przystawa<\/em>"},"content":{"rendered":"<p>Na temat niezwyk\u0142ych wydarze\u0144 w Rumunii polskie media, od lewa do prawa i na odwr\u00f3t, milcz\u0105 jak zakl\u0119te i na pr\u00f3\u017cno w nich poszukiwa\u0107 jakiejkolwiek rzeczowej informacji. T\u0119 zmow\u0119 milczenia sk\u0142onny by\u0142em przypisywa\u0107 przede wszystkim zdumiewaj\u0105cemu faktowi, \u017ce moi rodacy Rumuni\u0105 i Rumunami nie zwykli si\u0119 interesowa\u0107, \u017ce jest to przejaw zarozumia\u0142o\u015bci Polak\u00f3w, kt\u00f3rzy &#8211; przynajmniej w por\u00f3wnaniu z Rumuni\u0105 &#8211; czuj\u0105 si\u0119 jak\u0105\u015b wy\u017csz\u0105 ras\u0105, a to co si\u0119 dzieje w\u015br\u00f3d tych cygan\u00f3w przyjmowa\u0107 zwykli, co najwy\u017cej, z niesmakiem.<\/p>\r\n<p>Jest to zjawisko bardzo przykre, je\u015bli si\u0119 zwa\u017cy, \u017ce to Rumuni, a nie kto inny, udzielili uchod\u017acom z Polski schronienia w 1939 roku, pomimo nacisk\u00f3w i \u017c\u0105da\u0144 niemieckich. Wydawa\u0142oby si\u0119, \u017ce ta historyczna zas\u0142uga raz na zawsze zdecyduje o przyjaznym i \u017cyczliwym stosunku Polak\u00f3w do Rumun\u00f3w! Niestety, sta\u0142o si\u0119 inaczej i jest to sprawa bardzo przykra, obci\u0105\u017caj\u0105ca nasze sumienie narodowe.<\/p>\r\n<p>Za tym szczelnym parawanem zamilczania spraw rumu\u0144skich, w ostatnim numerze \u201eNajwy\u017cszego Czasu\u201d pojawi\u0142 si\u0119 artyku\u0142 Marka A. Koprowskiego, zatytu\u0142owany <strong><em>Prezydent zostaje!<\/em><\/strong>, kt\u00f3ry triumfalnie stwierdza, \u017ce trz\u0119sienie ziemi w Rumunii na razie zako\u0144czy\u0142o si\u0119 niczym. Jak na tygodnik, kt\u00f3ry od pocz\u0105tku zachwala sw\u00f3j nonkonformizm, antyunijno\u015b\u0107 i niepoprawno\u015b\u0107 polityczn\u0105, tekst zadziwia swoj\u0105 jednostronno\u015bci\u0105, wybi\u00f3rczym opisem wydarze\u0144 i jest pisany tak poprawnie politycznie, jakby jego autor pisa\u0142 go nie z Warszawy, ale wprost z g\u0142\u00f3wnej siedziby UE w Brukseli.<\/p>\r\n<p>Pan Koprowski przedstawia wydarzenia w Rumunii, jako konflikt mi\u0119dzy nienawidz\u0105cymi si\u0119 najwy\u017cszymi urz\u0119dnikami &#8211; lewackim premierem Victorem Pont\u0105 i prawicowym, konserwatywnym prezydentem Traianem Basescu, kt\u00f3rego niedobry Ponta chce wysadzi\u0107 z urz\u0119du. Po co? Najwyra\u017aniej po to, \u017ceby lewacy mogli nadal spokojnie kra\u015b\u0107, w czym prawicowy prezydent usi\u0142uje przeszkodzi\u0107. To jest samo w sobie bardzo zabawne, \u017ce 35 letni Ponta jest wsz\u0119dzie etykietowany jako <strong><em>postkomunista<\/em><\/strong>, chocia\u017c 22 lata temu chodzi\u0142 dopiero do szko\u0142y, a 61 letni Basescu, by\u0142y oficer Securitate i komunistyczny aparatczyk jest sprzedawany jako herold wolno\u015bci, prawicowo\u015bci i konserwatyzmu!<\/p>\r\n<p>Koprowski zasadniczo mija si\u0119 z prawd\u0105, kiedy w podrozdziale \u201ePocz\u0105tek afery\u201d pisze: <em>afera zacz\u0119\u0142a si\u0119 27 czerwca br. kiedy to S\u0105d Konstytucyjny rozstrzygaj\u0105c sp\u00f3r kompetencyjny mi\u0119dzy rz\u0105dem i prezydentem, orzek\u0142, \u017ce\u2026 to prezydent ma prawo reprezentowania kraju podczas posiedze\u0144 Rady Europejskiej.<\/em><\/p>\r\n<p>Nie wiem sk\u0105d p. Koprowski to wzi\u0105\u0142, podejrzewam, \u017ce z jakiej\u015b propagandowej instrukcji O\u015brodka Studi\u00f3w Wschodnich, ale z prawd\u0105 nie ma to nic wsp\u00f3lnego. Autor nie zauwa\u017cy\u0142, \u017ce w Bukareszcie, od stycznia 2012, dzie\u0144 w dzie\u0144, bez przerwy, odbywaj\u0105 si\u0119 demonstracje uliczne przeciwko <em>konserwatywnemu prezydentowi<\/em> i polityce formowanych przez niego rz\u0105d\u00f3w.<\/p>\r\n<p>W wyniku tych masowych protest\u00f3w 6 lutego 2012 upad\u0142 rz\u0105d Emila Boca, a na jego miejsce Basescu, kt\u00f3ry ma w r\u0119ku s\u0142u\u017cby specjalne, powo\u0142a\u0142 szefa kontrwywiadu Mihaia Ungureanu. Manifestacje trwa\u0142y jednak nadal i zmusi\u0142y Ungureanu do rezygnacji. 10 maja 2012 powo\u0142any zosta\u0142 na premiera Victor Ponta, kt\u00f3ry, o dziwo, b\u0142yskawicznie uzyska\u0142 poparcie wi\u0119kszo\u015bci parlamentarnej.<\/p>\r\n<p>doprowadzi\u0142 do uchwalenia nowej ordynacji wyborczejKonflikt zacz\u0105\u0142 si\u0119 nie 27 czerwca, ale 22 maja, kiedy po 10 dniach urz\u0119dowania Ponta dokona\u0142 rzeczy nies\u0142ychanej i oburzaj\u0105cej w swojej bezczelno\u015bci: doprowadzi\u0142 do uchwalenia nowej ordynacji wyborczej, takiej jaka w nowoczesnej Europie jest zabroniona: jednomandatowych okr\u0119g\u00f3w wyborczych w jednej turze, a wi\u0119c ordynacji ca\u0142kowicie wzoruj\u0105cej si\u0119 na brytyjskim systemie wyborczym First-Past-The-Post!<\/p>\r\n<p>I tu dopiero rozp\u0119ta\u0142o si\u0119 unijne piek\u0142o pot\u0119pienia <strong><em>lewackiego i postkomunistycznego<\/em><\/strong> premiera (kt\u00f3ry wprowadza brytyjskie rozwi\u0105zanie ustrojowe!). Oczywi\u015bcie, Bo\u017ce bro\u0144!, nikt nie m\u00f3wi, \u017ce to z powodu ordynacji, ale natychmiast S\u0105d Konstytucyjny j\u0105 zanegowa\u0142 z najr\u00f3\u017cniejszych ciekawych powod\u00f3w. Konstytucyjne rozwi\u0105zanie brytyjskie, ameryka\u0144skie, kanadyjskie uznane zosta\u0142o za niekonstytucyjne dla Rumunii, a t\u0119 opini\u0119 w ostrych notach potwierdzili ambasadorowie USA, Wielkiej Brytanii, kanclerz Niemiec i wszyscy \u015bwi\u0119ci.<\/p>\r\n<p>Tak si\u0119 sk\u0142ada, \u017ce wi\u0119kszo\u015b\u0107 s\u0119dzi\u00f3w S\u0105du Konstytucyjnego to nominaci Basescu i rz\u0105d, wyst\u0119puj\u0105c z wnioskiem o impeachment prezydenta, w\u0142a\u015bnie wywieranie bezprawnego, naruszaj\u0105cego konstytucj\u0119, wp\u0142ywu na SK, aby zakwestionowa\u0142 decyzj\u0119 wi\u0119kszo\u015bci parlamentarnej, wysun\u0105\u0142 jako jeden z podstawowych zarzut\u00f3w.<\/p>\r\n<p>Od tej pory w Rumunii trwa gor\u0105ca wojna, kt\u00f3rej strony specjalnie nie przebieraj\u0105 w \u015brodkach. Dzia\u0142ania Ponty okre\u015blone zosta\u0142y jako <strong><em>blitz <\/em><\/strong>i pucz. Prezydent zosta\u0142 zawieszony, na 29 lipca wyznaczono dat\u0119 referendum powszechnego, kt\u00f3re mia\u0142o to usuni\u0119cie zatwierdzi\u0107. Wszystko odbywa si\u0119 pod czujnym okiem Komisji Europejskiej i USA, kt\u00f3re za nic nie chc\u0105 dopu\u015bci\u0107, \u017ceby brytyjski system wyborczy zosta\u0142 wprowadzony w Rumunii!<\/p>\r\n<p>Oni wiedz\u0105: dzisiaj w Rumunii, jutro w Polsce i UE mo\u017ce zacz\u0105\u0107 si\u0119 rozwi\u0105zywa\u0107! Brutalne interwencje Baroso, Merkel, Hage\u2019a i innych nie pozwalaj\u0105 mie\u0107 co do tego w\u0105tpliwo\u015bci. Rz\u0105d rumu\u0144ski pisze do Komisji Weneckiej: czy w Europie obowi\u0105zuje proporcjonalny system wyborczy? Czy w Europie obowi\u0105zuje jakie\u015b quorum dla wa\u017cno\u015bci referend\u00f3w? Dlaczego w UK nie obowi\u0105zuje, a w Rumunii musi?<\/p>\r\n<p>Trwaj\u0105 nieustanne, wielotysi\u0119czne manifestacje uliczne. 29 lipca 8 459 836 obywateli posz\u0142o g\u0142osowa\u0107. 7 403 836 z nich, a wi\u0119c 88,7% za\u017c\u0105da\u0142o ust\u0105pienia Basescu. Tylko 843 375 by\u0142o przeciw. Nawet gdyby posz\u0142o o 5 milion\u00f3w wi\u0119cej i te 5 milion\u00f3w by\u0142oby za pozostawieniem Basescu na urz\u0119dzie, prezydent zosta\u0142by odwo\u0142any! Ale quorum! Najwa\u017cniejsze jest quorum! Nie wola obywateli, nie manifestacje od ponad p\u00f3\u0142 roku, nie wi\u0119kszo\u015b\u0107 parlamentarna, ale QUORUM!<\/p>\r\n<p>Sta\u0142y si\u0119 rzeczy nies\u0142ychane, kt\u00f3re specjalnie polecam prawicowcom i konserwatystom: prezydent pa\u0144stwa wezwa\u0142 do bojkotu referendum w jego osobistej sprawie! Nie wiem czy prawicowcy i konserwaty\u015bci znaj\u0105 podobne przypadki? Przyjecha\u0142 do Rumunii prawicowy i konserwatywny premier W\u0119gier Wiktor Orban i wezwa\u0142 swoich rodak\u00f3w do bojkotu! Wezwa\u0142 skutecznie: w regionach zamieszka\u0142ych przez W\u0119gr\u00f3w frekwencja spad\u0142a do ok. 6%!<\/p>\r\n<p>Ale rz\u0105d Ponty zakwestionowa\u0142 listy wyborcze sporz\u0105dzane za poprzednich rz\u0105d\u00f3w: ilu jest Rumun\u00f3w uprawnionych do g\u0142osowania? Wed\u0142ug r\u00f3\u017cnych ocen liczba podana przez Centraln\u0105 Komisj\u0119 Wyborcz\u0105 mog\u0142a by\u0107 zawy\u017cona nawet o 2 miliony!<\/p>\r\n<p>Co robi S\u0105d Konstytucyjny pod naciskiem tych fakt\u00f3w? Zawiesza swoj\u0105 decyzj\u0119 i og\u0142asza, \u017ce daje rz\u0105dowi czas do 12 wrze\u015bnia na sporz\u0105dzenie w\u0142a\u015bciwych danych. Jak s\u0142yszymy, po kilku dniach zmienia swoj\u0105 decyzj\u0119 i przesuwa termin na 31 sierpnia. Rz\u0105d chce przeprowadzi\u0107 szybki spis powszechny. SK nie zgadza si\u0119, o\u015bwiadcza, \u017ce jego nie interesuje ilu jest dzisiaj Rumun\u00f3w! On chce wiedzie\u0107 ilu ich by\u0142o w lipcu.<\/p>\r\n<p>Na drugi dzie\u0144 po g\u0142osowaniu Victor Ponta o\u015bwiadczy\u0142: <em>Prawdopodobnie Basescu nadal b\u0119dzie mieszka\u0142 w Pa\u0142acu Cotroceni, zachowa swoje samochody, wille i zwi\u0105zanych z nim klakier\u00f3w, kt\u00f3rzy b\u0119d\u0105 mu doradza\u0107 i wychwala\u0107. Ale wczoraj definitywnie przesta\u0142 by\u0107 przyw\u00f3dc\u0105 narodu rumu\u0144skiego.<\/em><\/p>\r\n<p>Trz\u0119sienie ziemi w Rumunii nie zako\u0144czy\u0142o si\u0119 wcale. Niezwyk\u0142y wysi\u0142ek m\u0142odego premiera urwania si\u0119 ze sznurka, a przynajmniej poluzowania unijnej linewki, na razie nie zako\u0144czy\u0142 si\u0119 sukcesem. Nie wiem czy polscy prawicowcy i konserwaty\u015bci, szczeg\u00f3lnie spod znaku \u201eNajwy\u017cszego Czasu\u201d maj\u0105 si\u0119 z czego cieszy\u0107.<\/p>\r\n<p><strong><em>Jerzy Przystawa<\/em><\/strong><\/p>","protected":false},"excerpt":{"rendered":"Na temat niezwyk\u0142ych wydarze\u0144 w Rumunii polskie media, od lewa do prawa i na odwr\u00f3t, milcz\u0105 jak zakl\u0119te i na pr\u00f3\u017cno w nich poszukiwa\u0107 jakiejkolwiek rzeczowej informacji. T\u0119 zmow\u0119 milczenia sk\u0142onny by\u0142em przypisywa\u0107 przede wszystkim zdumiewaj\u0105cemu faktowi, \u017ce moi rodacy Rumuni\u0105 i Rumunami nie zwykli si\u0119 interesowa\u0107, \u017ce jest to przejaw zarozumia\u0142o\u015bci Polak\u00f3w, kt\u00f3rzy &#8211; [&hellip;]","protected":false},"author":1,"featured_media":0,"comment_status":"closed","ping_status":"closed","sticky":false,"template":"","format":"standard","meta":{"_acf_changed":false,"_monsterinsights_skip_tracking":false,"_monsterinsights_sitenote_active":false,"_monsterinsights_sitenote_note":"","_monsterinsights_sitenote_category":0,"ngg_post_thumbnail":0,"footnotes":"","_wp_rev_ctl_limit":""},"categories":[9],"tags":[260,249],"acf":[],"_links":{"self":[{"href":"https:\/\/www.bibula.com\/index.php?rest_route=\/wp\/v2\/posts\/59647"}],"collection":[{"href":"https:\/\/www.bibula.com\/index.php?rest_route=\/wp\/v2\/posts"}],"about":[{"href":"https:\/\/www.bibula.com\/index.php?rest_route=\/wp\/v2\/types\/post"}],"author":[{"embeddable":true,"href":"https:\/\/www.bibula.com\/index.php?rest_route=\/wp\/v2\/users\/1"}],"replies":[{"embeddable":true,"href":"https:\/\/www.bibula.com\/index.php?rest_route=%2Fwp%2Fv2%2Fcomments&post=59647"}],"version-history":[{"count":0,"href":"https:\/\/www.bibula.com\/index.php?rest_route=\/wp\/v2\/posts\/59647\/revisions"}],"wp:attachment":[{"href":"https:\/\/www.bibula.com\/index.php?rest_route=%2Fwp%2Fv2%2Fmedia&parent=59647"}],"wp:term":[{"taxonomy":"category","embeddable":true,"href":"https:\/\/www.bibula.com\/index.php?rest_route=%2Fwp%2Fv2%2Fcategories&post=59647"},{"taxonomy":"post_tag","embeddable":true,"href":"https:\/\/www.bibula.com\/index.php?rest_route=%2Fwp%2Fv2%2Ftags&post=59647"}],"curies":[{"name":"wp","href":"https:\/\/api.w.org\/{rel}","templated":true}]}}