{"id":59524,"date":"2012-08-07T08:14:43","date_gmt":"2012-08-07T13:14:43","guid":{"rendered":"http:\/\/www.bibula.com\/?p=59524"},"modified":"2012-08-07T08:14:43","modified_gmt":"2012-08-07T13:14:43","slug":"dlaczego-nie-klekamy-maria-kominek-ops","status":"publish","type":"post","link":"https:\/\/www.bibula.com\/?p=59524","title":{"rendered":"Dlaczego nie kl\u0119kamy? &#8211; <em>Maria Kominek OPs<\/em>"},"content":{"rendered":"<p>(<em>Zamiast komentarza do artyku\u0142u S. Krajskiego \u201eKl\u0119kajmy przed Bogiem\u201d &#8211; <a href=\"http:\/\/kukonfederacjibarskiej.wordpress.com\/2012\/07\/15\/klekajmy-przed-bogiem\/\">http:\/\/kukonfederacjibarskiej.wordpress.com\/2012\/07\/15\/klekajmy-przed-bogiem\/<\/a><\/em>)<\/p>\r\n<p><strong>T<\/strong>o, \u017ce Komuni\u0119 \u015bwi\u0119t\u0105 nale\u017cy przyjmowa\u0107 zawsze na kolanach nie powinno by\u0107 w og\u00f3le kwestionowane. Przed Bogiem nale\u017cy si\u0119 ukorzy\u0107, kl\u0119kn\u0105\u0107, odda\u0107 Mu chwa\u0142\u0119. Szczeg\u00f3lnie w momencie, gdy On przychodzi do nas, gdy zni\u017ca si\u0119 do tego, by z nami si\u0119 po\u0142\u0105czy\u0107. Dlaczego wi\u0119c nie kl\u0119kamy, gdy przyjmujemy Komunie \u015bw.? Przecie\u017c jeszcze nie tak dawno wsz\u0119dzie kl\u0119kano do przyj\u0119cia Komunii \u015bw. Chwalebny ten zwyczaj utrzyma\u0142 si\u0119 obecnie w bardzo niewielkiej liczbie ko\u015bcio\u0142\u00f3w.<\/p>\r\n<p>Wydaje si\u0119, \u017ce jest kilka powod\u00f3w. Uczono nas przez wiele, wiele lat, \u017ce nale\u017cy i\u015b\u0107 do Pana z godno\u015bci\u0105 i procesyjnie, bowiem w ten spos\u00f3b wyra\u017camy swoja gotowo\u015b\u0107 do podj\u0119cia drogi chrze\u015bcija\u0144skiej, \u015bwiadczymy o tym, \u017ce jeste\u015bmy pielgrzymami do Nieba, idziemy wsp\u00f3lnie, razem do Boga. Teologia ta nie jest zasadniczo b\u0142\u0119dna, cho\u0107 nie uwzgl\u0119dnia wszystkich aspekt\u00f3w przyst\u0119powania do Komunii \u015bwi\u0119tej. \u00a0Teologia &#8211; teologi\u0105, a praktyka &#8211; praktyk\u0105. Praktyka za\u015b ukazuje wszystkie mankamenty procesyjnego podchodzenia do komunii. Jest to \u00a0zasadniczo podchodzenie w kolejce, kt\u00f3re cz\u0119sto wygl\u0105da bardzo r\u00f3\u017cnie. Ludzie kl\u0119kaj\u0105 przed plecami poprzednika, co czasami powoduje zmieszanie w kolejce. Nie bardzo wiadomo komu oddaj\u0105 cze\u015b\u0107. Gorzej jest na mszach dla dzieci &#8211; dzieci cz\u0119sto si\u0119 przepychaj\u0105 i rozmawiaj\u0105, upominaj\u0105 si\u0119 nieraz wzajemnie, by wyplu\u0107 gum\u0119!, odchodz\u0105 rozmawiaj\u0105c. Najgorzej jest jednak na mszach uroczystych, w kt\u00f3rych uczestniczy wielka liczba ludzi. I to niezale\u017cnie od tego czy s\u0105 to msze polowe czy w \u015bwi\u0105tyni &#8211; zawsze jest bardzo \u017ale. Ksi\u0119\u017ca przepychaj\u0105 si\u0119 przez t\u0142um, t\u0142um napiera na ksi\u0119\u017cy. Ksi\u0119\u017ca podaj\u0105 komuni\u0119 tym z przodu t\u0142umu i tym z tylu. Nie ma \u017cadnego skupienia, \u017cadnego momentu adoracji w czasie przyjmowania komunii. Widzia\u0142am (nie wymy\u015blam, widzia\u0142am!) ksi\u0119dza, kt\u00f3ry chodzi\u0142 po \u0142awkach, trzymaj\u0105c w jednym r\u0119ku puszk\u0119 z komunikantami. M\u0142ody i sprawny &#8211; jako\u015b si\u0119 nie potkn\u0105\u0142, ale to nie zmienia faktu, \u017ce Panu Jezusowi szacunku \u017cadnego nie okazano. Widzia\u0142am wielokrotnie jak upadaj\u0105 partyku\u0142y &#8211; przecie\u017c na mszach z tak\u0105 ilo\u015bci\u0105 ludzi raczej nie pami\u0119ta si\u0119 o patenach. A gdyby ludzie mieli podej\u015b\u0107 spokojnie do ksi\u0119\u017cy rozdaj\u0105cych komuni\u0119, ukl\u0119kn\u0105\u0107 i w spokoju odej\u015b\u0107, to nie by\u0142oby ba\u0142aganu, nie by\u0142oby przepychanki i co najwa\u017cniejsze &#8211; nie by\u0142oby obrazy Chrystusa Pana. Jednak nauczono nas podchodzi\u0107 w kolejce (procesji) i nie zastanawiamy si\u0119 nad tym. Przecie\u017c ksi\u0119\u017ca tak ucz\u0105 &#8211; wi\u0119c musi tak by\u0107 dobrze.<\/p>\r\n<p>My &#8211; wierni jeste\u015bmy jak owce. Tak naucza\u0142 Pan Jezus i wbrew temu, co twierdz\u0105 niekt\u00f3rzy egzegeci, naucza\u0142 tak nie dlatego, \u017ce \u00f3wcze\u015bni ludzie znali tylko \u017cycie pasterskie i inne przyk\u0142ady by\u0142yby dla nich niezrozumia\u0142e, ale dlatego, \u017ce owce s\u0105 na tyle g\u0142upie, \u017ce bez pasterza nie dadz\u0105 rady. Je\u015bli pasterz jest dobry, to i stado p\u00f3jdzie we w\u0142a\u015bciwym kierunku. A je\u015bli jest z\u0142y &#8211; stado \u0142atwo stanie si\u0119 \u0142upem wilk\u00f3w. Pasterz zreszt\u0105 nie koniecznie musi by\u0107 z\u0142y. Mo\u017ce by\u0107 tylko bezmy\u015blny, mo\u017ce jego te\u017c tak nauczono, a on jest bezrefleksyjny. I jest przekonany, \u017ce nie ma nic lepszego ni\u017c procesyjne podchodzenie do komunii.<\/p>\r\n<p>Wszystko ostatecznie zale\u017cy od pasterzy. Znam pewnego ksi\u0119dza, kt\u00f3ry prosi wiernych, by przyjmowali komuni\u0119 \u015bw. na kolanach, o ile nie maj\u0105 przeszk\u00f3d zdrowotnych. No i raczej wszyscy przyjmuj\u0105 na kl\u0119cz\u0105co. Ale w tym samym ko\u015bciele nast\u0119pnego dnia msz\u0119 \u015bw. odprawia inny ksi\u0105dz i staje z puszk\u0105 nic nie m\u00f3wi\u0105c &#8211; wszyscy podchodz\u0105 \u201ena stoj\u0105co\u201d. A to s\u0105 zawsze ci sami ludzie, kt\u00f3rzy chodz\u0105 codziennie do ko\u015bcio\u0142a. I w zale\u017cno\u015bci od tego kto odprawia msz\u0119 \u015bw. w inny spos\u00f3b przyjmuj\u0105 komuni\u0119.<\/p>\r\n<p>Pasterze\u2026 Ale od kilku lat Najwy\u017cszy Pasterz daje nam przyk\u0142ad &#8211; komuni\u0119 \u015bw. nale\u017cy przyjmowa\u0107 na kolana. To dlaczego tak ma\u0142o wiernych kl\u0119ka? \u00a0S\u0105 dwa powody. Jeden &#8211; to zwyczajnie si\u0119 wstydz\u0105. Nie chc\u0105 si\u0119 wyr\u00f3\u017cnia\u0107, boj\u0105 si\u0119 ludzkiej opinii. Par\u0119 razy zadano mi takie pytanie: Nie boisz si\u0119, \u017ce pomy\u015bl\u0105, \u017ce jeste\u015b wariatk\u0105? No jako\u015b si\u0119 nie boj\u0119, ale faktem jest, \u017ce w ka\u017cdej parafii jest jaka\u015b osoba nie w pe\u0142ni sprawna umys\u0142owo i najcz\u0119\u015bciej taka osoba regularnie przyst\u0119puje do komunii na kl\u0119cz\u0105co. Poniewa\u017c si\u0119 nie boi i nie wstydzi.<\/p>\r\n<p>Drugi pow\u00f3d to zra\u017cenie si\u0119 po kilku pr\u00f3bach. Albo ksi\u0105dz pomin\u0105\u0142, albo kaza\u0142 czeka\u0107 a\u017c wszystkim innym rozda komuni\u0119, albo po prostu odm\u00f3wi\u0142. (Kiedy\u015b, gdy odczeka\u0142am a\u017c wszyscy przyjm\u0105 komuni\u0119 na stoj\u0105co i dalej kl\u0119cza\u0142am obok ksi\u0119dza, on si\u0119 zwr\u00f3ci\u0142 do mnie i zapyta\u0142: \u201eA pani na co czeka tutaj, na komuni\u0119?\u201d By\u0142 to m\u0142ody kap\u0142an i chyba pierwszy raz si\u0119 spotka\u0142 z takim \u201edziwol\u0105giem\u201d.) Wi\u0119c ludzie si\u0119 zra\u017caj\u0105 i nie pr\u00f3buj\u0105 wi\u0119cej.<\/p>\r\n<p>S. Krajski proponuje, by si\u0119 skrzykn\u0105\u0107 i razem ukl\u0119kn\u0105\u0107 przed ksi\u0119dzem, tak by wymusi\u0107 udzielenia komunii \u015bw. na kl\u0119cz\u0105co. Mo\u017ce to by\u0107 skuteczne, tylko sk\u0105d znale\u017a\u0107 tylu ch\u0119tnych. Kiedy\u015b tak zrobili\u015bmy, by\u0142o nas chyba sze\u015b\u0107 os\u00f3b. Kap\u0142an jednak stan\u0105\u0142 obok nas i rozdawa\u0142 innym (na stoj\u0105co), w ko\u0144cu si\u0119 jednak zlitowa\u0142 i nad nami. Gdyby ca\u0142y pierwszy stopie\u0144 by\u0142 zaj\u0119ty kl\u0119cz\u0105cymi, mo\u017ce sprawa wygl\u0105da\u0142a by inaczej\u2026<\/p>\r\n<p>Ostatecznie nic si\u0119 nie zmieni, p\u00f3ki kap\u0142ani nie zaczn\u0105 (za przyk\u0142adem Ojca \u015awi\u0119tego) udziela\u0107 komunii \u015bw. kl\u0119cz\u0105cym i wyja\u015bnia\u0107 wiernym, \u017ce powinni Bogu odda\u0107 nale\u017cn\u0105 Mu chwa\u0142\u0119. Ale po czterdziestu kilku latach ruiny nie jest \u0142atwo odbudowywa\u0107.<\/p>\r\n<p>Nam zostaje modli\u0107 si\u0119 do Matki Bo\u017cej za kap\u0142an\u00f3w i niezale\u017cnie od opinii ludzkiej przyjmowa\u0107 Chrystusa Pana na kolanach.<\/p>\r\n<p><strong><em>Maria Kominek OPs<\/em><\/strong><\/p>\r\n<p>6 sierpnia 2012<\/p>","protected":false},"excerpt":{"rendered":"(Zamiast komentarza do artyku\u0142u S. Krajskiego \u201eKl\u0119kajmy przed Bogiem\u201d &#8211; http:\/\/kukonfederacjibarskiej.wordpress.com\/2012\/07\/15\/klekajmy-przed-bogiem\/) To, \u017ce Komuni\u0119 \u015bwi\u0119t\u0105 nale\u017cy przyjmowa\u0107 zawsze na kolanach nie powinno by\u0107 w og\u00f3le kwestionowane. Przed Bogiem nale\u017cy si\u0119 ukorzy\u0107, kl\u0119kn\u0105\u0107, odda\u0107 Mu chwa\u0142\u0119. Szczeg\u00f3lnie w momencie, gdy On przychodzi do nas, gdy zni\u017ca si\u0119 do tego, by z nami si\u0119 po\u0142\u0105czy\u0107. Dlaczego wi\u0119c [&hellip;]","protected":false},"author":1,"featured_media":0,"comment_status":"closed","ping_status":"closed","sticky":false,"template":"","format":"standard","meta":{"_acf_changed":false,"_monsterinsights_skip_tracking":false,"_monsterinsights_sitenote_active":false,"_monsterinsights_sitenote_note":"","_monsterinsights_sitenote_category":0,"ngg_post_thumbnail":0,"footnotes":"","_wp_rev_ctl_limit":""},"categories":[135],"tags":[33],"acf":[],"_links":{"self":[{"href":"https:\/\/www.bibula.com\/index.php?rest_route=\/wp\/v2\/posts\/59524"}],"collection":[{"href":"https:\/\/www.bibula.com\/index.php?rest_route=\/wp\/v2\/posts"}],"about":[{"href":"https:\/\/www.bibula.com\/index.php?rest_route=\/wp\/v2\/types\/post"}],"author":[{"embeddable":true,"href":"https:\/\/www.bibula.com\/index.php?rest_route=\/wp\/v2\/users\/1"}],"replies":[{"embeddable":true,"href":"https:\/\/www.bibula.com\/index.php?rest_route=%2Fwp%2Fv2%2Fcomments&post=59524"}],"version-history":[{"count":0,"href":"https:\/\/www.bibula.com\/index.php?rest_route=\/wp\/v2\/posts\/59524\/revisions"}],"wp:attachment":[{"href":"https:\/\/www.bibula.com\/index.php?rest_route=%2Fwp%2Fv2%2Fmedia&parent=59524"}],"wp:term":[{"taxonomy":"category","embeddable":true,"href":"https:\/\/www.bibula.com\/index.php?rest_route=%2Fwp%2Fv2%2Fcategories&post=59524"},{"taxonomy":"post_tag","embeddable":true,"href":"https:\/\/www.bibula.com\/index.php?rest_route=%2Fwp%2Fv2%2Ftags&post=59524"}],"curies":[{"name":"wp","href":"https:\/\/api.w.org\/{rel}","templated":true}]}}