{"id":59486,"date":"2012-08-06T14:57:06","date_gmt":"2012-08-06T18:57:06","guid":{"rendered":"http:\/\/www.bibula.com\/?p=59486"},"modified":"2012-08-06T14:57:06","modified_gmt":"2012-08-06T19:57:06","slug":"","status":"publish","type":"post","link":"https:\/\/www.bibula.com\/?p=59486","title":{"rendered":"Egzorcysta, poprzednik O. Amortha, \u015bwi\u0119tym?"},"content":{"rendered":"<p style=\"text-align: center;\"><img fetchpriority=\"high\" decoding=\"async\" class=\"aligncenter\" src=\"http:\/\/www.fronda.pl\/obrazy\/78559.jpg\" alt=\"\/\" width=\"600\" height=\"300\" \/><\/p>\r\n<p><strong>Gabriele Amorth, egzorcysta z Rzymu bardzo skupia na sobie uwag\u0119 medi\u00f3w. Ma\u0142o kto wie, \u017ce jego pogl\u0105dy i praktyka nie wzi\u0119\u0142y si\u0119 znik\u0105d, ale od niesamowitego egzorcysty &#8211; nauczyciela o. Candido Amantiniego. 12 lipca 2012 zosta\u0142 og\u0142oszony On s\u0142ug\u0105 Bo\u017cym. Przedstawiamy kr\u00f3tk\u0105 charakterystyk\u0119 tego nowego S\u0142ugi Bo\u017cego.<\/strong><strong><\/strong><\/p>\r\n<p>O. Candido Amantini urodzi\u0142 si\u0119 w Bagnolo di S. Flora (Grosetto) w 1914 r. w pobo\u017cnej rodzinie, w dzieci\u0144stwie gra\u0142 w orkiestrze. Wcze\u015bnie wst\u0105pi\u0142 do zakonu Pasjonist\u00f3w (Zgromadzenie m\u0119ki Jezusa Chrystusa http:\/\/www.passio.info.pl\/ ). Mia\u0142 rozleg\u0142\u0105 wiedz\u0119, wyk\u0142ada\u0142 w seminarium Pismo \u015awi\u0119te i teologi\u0119 moraln\u0105. \u0141\u0105czy\u0142 \u015bwi\u0119to\u015b\u0107 \u017cycia, m\u0105dro\u015b\u0107 i r\u00f3wnowag\u0119 wewn\u0119trzn\u0105, by\u0142 bardzo cenionym spowiednikiem i kierownikiem duchowym. \u015aw. o. Pio powiedzia\u0142 o nim: &#8222;To naprawd\u0119 kap\u0142an wed\u0142ug Serca Bo\u017cego&#8221;. Przez ponad trzydzie\u015bci lat pe\u0142ni\u0142 pos\u0142ug\u0119 egzorcysty w Scala Sancta.<\/p>\r\n<p><strong>Egzorcysta ze Scala Sancta<\/strong><\/p>\r\n<p>Najs\u0142ynniejsza ksi\u0105\u017cka Gabriela Amortha \u201eWyznania egzorcysty\u201d, zaczyna si\u0119 od wspomnienia: \u201eGdy kardyna\u0142 Ugo Poletti, wikariusz papieski dla diecezji rzymskiej, niespodziewanie przekaza\u0142 mi w\u0142adz\u0119 egzorcysty, w\u00f3wczas nie przypuszcza\u0142em, jak ogromny \u015bwiat si\u0119 otworzy dla mojego do\u015bwiadczenia i jak wielu ludzi b\u0119dzie korzysta\u0107 z mojej pos\u0142ugi. Co wi\u0119cej, zadanie to zosta\u0142o powierzone mi pocz\u0105tkowo, abym s\u0142u\u017cy\u0142 pomoc\u0105 o. Candido Amantiniemu, pasjoni\u015bcie, bardzo znanemu i do\u015bwiadczonemu egzorcy\u015bcie, kt\u00f3ry \u015bci\u0105ga\u0142 na \u015awi\u0119te Schody w Rzymie (La Scala Santa) potrzebuj\u0105cych pomocy z ca\u0142ych W\u0142och, a cz\u0119sto nawet z zagranicy.\u201d<\/p>\r\n<p>Co to za miejsce, w kt\u00f3rym m\u0142ody ks. Gabriele spotka\u0142 do\u015bwiadczonego o. Candido? \u201eLa Scala Santa\u201d, \u201e\u015awi\u0119te Schody\u201d to przedziwne miejsce w samym \u015brodku Rzymu, natrafimy na nie id\u0105c przez Rzym od Watykanu do bazyliki \u015aw. Jana na Lateranie. Podobny z wygl\u0105du raczej do rezydencji \u015bwieckiej, ni\u017c do ko\u015bcio\u0142a renesansowy budynek, skrywa w sobie starszy, u\u017cywanej od IV do XIV wieku prywatnej kaplicy papie\u017cy, kt\u00f3rzy w\u00f3wczas nie rezydowali jeszcze w Watykanie. Zgromadzono tu wiele bezcennych pami\u0105tek chrze\u015bcija\u0144stwa. Znajduj\u0105 si\u0119 w nim mi\u0119dzy innymi schody prowadz\u0105ce niegdy\u015b do pa\u0142acu Pi\u0142ata, przywiezione z Jerozolimy przez \u015bwi\u0119t\u0105 Helen\u0119 (255-328) pobo\u017cn\u0105 matk\u0119 pierwszego chrze\u015bcija\u0144skiego cesarza Konstantyna I (282-337). Maj\u0105 28 stopni, s\u0105 kamienne, przykryte nowszymi, drewnianymi, zapobiegaj\u0105cymi niszczeniu historycznej materii. Podobno s\u0105 na nich utrwalone plamy krwi Chrystusa, kt\u00f3ry st\u0105pa\u0142 po nich ubiczowany. Tradycyjnie wierni id\u0105 nimi wy\u0142\u0105cznie na kolanach, przynale\u017cny temu odpust by\u0142 taki sam jak za pielgrzymk\u0119 do Ziemi \u015awi\u0119tej. U szczytu schod\u00f3w znajduje si\u0119 fresk z Ukrzy\u017cowaniem, namalowany na zewn\u0119trznej \u015bcianie papieskiej kaplicy p.w \u015bw. Wawrzy\u0144ca, zwanej \u201eSancta Sanctorum\u201d. Znajduje znajduje si\u0119 w niej inny ceny przedmiot, ikona Chrystusa nazywana w j\u0119zyku greckim \u201eikona Acheropita\u201d, wed\u0142ug tradycji rozpocz\u0119ta przez \u015aw. \u0141ukasza, a uko\u0144czona przez anio\u0142\u00f3w. Pe\u0142ni ona wa\u017cn\u0105 funkcj\u0119 w papieskiej liturgii Wielkiego Tygodnia, jest uroczy\u015bcie wynoszona z tego miejsca i ukazywana wiernym. Opieka nad \u201e\u015awi\u0119tymi Schodami\u201d zosta\u0142a w roku 1853, przez Papie\u017ca Piusa XVI powierzona Zgromadzeniu Pasjonist\u00f3w, do kt\u00f3rego nale\u017ca\u0142 o. Candido. http:\/\/www.scalasanta.org\/<\/p>\r\n<p><strong>Do\u015bwiadczony nauczyciel<\/strong><\/p>\r\n<p>O. Gabriele Amorth wspomina: \u201eBy\u0142a to dla mnie naprawd\u0119 bardzo wielka \u0142aska. Nikt si\u0119 nie staje egzorcyst\u0105 z w\u0142asnej woli, gdy\u017c w\u00f3wczas napotyka wielkie trudno\u015bci i pope\u0142nia nieuniknione b\u0142\u0119dy ze szkod\u0105 dla wiernych. S\u0105dz\u0119, \u017ce o. Candido by\u0142 jedynym egzorcyst\u0105 na \u015bwiecie, kt\u00f3ry mia\u0142 36 lat do\u015bwiadczenia w tej dziedzinie. Nie mog\u0142em wi\u0119c mie\u0107 lepszego mistrza i jestem mu wdzi\u0119czny za cierpliwo\u015b\u0107, z jak\u0105 mnie wprowadzi\u0142 w t\u0119 zupe\u0142nie dla mnie now\u0105 pos\u0142ug\u0119. Podczas sprawowania pos\u0142ugi egzorcysty dokona\u0142em tak\u017ce innego odkrycia, mianowicie i\u017c we W\u0142oszech jest &#8211; niewielu egzorcyst\u00f3w, a przygotowanych do pe\u0142nienia tej pos\u0142ugi naprawd\u0119 bardzo ma\u0142o. Jeszcze gorszy stan rzeczy, jest w innych krajach. Musia\u0142em wi\u0119c b\u0142ogos\u0142awi\u0107 osoby kt\u00f3re przybywa\u0142y z Francji, Austrii, Niemiec, Szwajcarii, Hiszpanii, Anglii, gdzie &#8211; zdaniem prosz\u0105cych &#8211; nie uda\u0142o si\u0119 im znale\u017a\u0107 egzorcysty. Czy\u017cby to by\u0142o niedbalstwo ze strony biskup\u00f3w i kap\u0142an\u00f3w? Prawdziwa i rzeczywista niewiara w konieczno\u015b\u0107 i skuteczno\u015b\u0107 tej pos\u0142ugi?<\/p>\r\n<p>Tutaj warto zauwa\u017cy\u0107, \u017ce ta rzekoma niewiara hierarch\u00f3w w potrzeb\u0119 egzorcyscatu, to cz\u0119sty temat narzeka\u0144. Ale czy rzeczywi\u015bcie w\u00f3wczas by\u0142o i jest z tym a\u017c tak \u017ale, skoro o Candido mia\u0142 dziesi\u0105tki lat mo\u017cliwo\u015b\u0107 egzorcyzmowania w tak wa\u017cnym, obserwowanym przez papie\u017cy i \u015bwiat miejscu, jakim by\u0142y i s\u0105 \u201e\u015awi\u0119te Schody\u201d?<\/p>\r\n<p>Z pewno\u015bci\u0105, taka pos\u0142uga nie by\u0142a w\u00f3wczas popularnym i cenionym zaj\u0119ciem kap\u0142an\u00f3w: \u201eCzu\u0142em w ka\u017cdym razie, \u017ce rozpoczynam pe\u0142nienie apostolstwa w\u015br\u00f3d os\u00f3b bardzo cierpi\u0105cych, kt\u00f3rych nikt nie rozumie: ani domownicy, ani lekarze, ani kap\u0142ani. Duszpasterstwo na tym polu jest dzisiaj w \u015bwiecie katolickim ca\u0142kowicie zaniedbane. W przesz\u0142o\u015bci tak nie by\u0142o i musz\u0119 przyzna\u0107, \u017ce w niekt\u00f3rych konfesjach wywodz\u0105cych si\u0119 z reformy protestanckiej egzorcyzm\u00f3w dokonuje si\u0119 cz\u0119sto i skutecznie. Ka\u017cda katedra powinna mie\u0107 swojego egzorcyst\u0119, tak jak ma specjalnego spowiednika; i tym liczniejsi powinni by\u0107 egzorcy\u015bci, im bardziej si\u0119 ich potrzebuje: w wi\u0119kszych parafiach, w sanktuariach. Tymczasem, poza ma\u0142\u0105 liczebno\u015bci\u0105, egzorcy\u015bci s\u0105 \u017ale widziani, zwalczani, trudno im znale\u017a\u0107 miejsce do pe\u0142nienia swojej pos\u0142ugi. Wiadomo, \u017ce op\u0119tani przez z\u0142ego ducha niekiedy krzycz\u0105. To wystarcza, aby prze\u0142o\u017cony domu zakonnego lub proboszcz nie zechcia\u0142 mie\u0107 egzorcyst\u00f3w w swoich pomieszczeniach; spokojne \u017cycie i unikanie wszelkiej wrzawy maj\u0105 wi\u0119ksz\u0105 warto\u015b\u0107 ni\u017c mi\u0142o\u015b\u0107 lecz\u0105ca op\u0119tanych. Tak\u017ce pisz\u0105cy te s\u0142owa musia\u0142 przeby\u0107 swoj\u0105 drog\u0119 krzy\u017cow\u0105, chocia\u017c nie w takim stopniu jak inni egzorcy\u015bci, bardziej godni i cenieni. Jest to refleksja, do kt\u00f3rej zach\u0119cam wszystkich biskup\u00f3w, kt\u00f3rzy s\u0105 niekiedy ma\u0142o wra\u017cliwi na to zagadnienie. A chodzi przecie\u017c o pos\u0142ug\u0119 powierzon\u0105 wy\u0142\u0105cznie im: tylko oni mog\u0105 j\u0105 pe\u0142ni\u0107 lub wyznacza\u0107 egzorcyst\u00f3w. Jak powsta\u0142a ta ksi\u0105\u017cka? Zrodzi\u0142a si\u0119 z pragnienia podzielenia si\u0119 z osobami zainteresowanymi owocami d\u0142ugiego i bogatego do\u015bwiadczenia, do\u015bwiadczenia raczej o. Candido ni\u017c mojego.\u201d http:\/\/lublin.republika.pl\/egzorcysta1.html<\/p>\r\n<p>&#8222;Ojciec Candido zna\u0142 sekrety piek\u0142a&#8221; (Wywiad z Ks. Gabrielem Amorthem, 12 lipca 2012 r., strona internetowa Stanze Vaticane): \u00a0<\/p>\r\n<p><strong>Czy Ojciec Amorth jest szcz\u0119\u015bliwy? Ojciec Candido b\u0119dzie dzi\u015b uczczony!<\/strong><\/p>\r\n<p><strong>\u00a0<\/strong>Bardzo jestem szcz\u0119\u015bliwy, bo ojciec Candido by\u0142 cz\u0142owiekiem Bo\u017cym! Zawsze spokojny, zawsze u\u015bmiechni\u0119ty, nigdy si\u0119 nie w\u015bcieka\u0142, nawet na diab\u0142a! M\u00f3wili o tym wszyscy, by\u0142 dobrze by\u0142 znany w Rzymie, poniewa\u017c przez te 36 lat bez niestrudzenie, ci\u0105gle egzorcyzmowa\u0142.<\/p>\r\n<p><strong>Jak Ksi\u0105dz wspomina swojego nauczyciela?<\/strong><br \/>By\u0142 specjalnie obdarzony przez Pana Boga. Na przyk\u0142ad, potrzebowa\u0142 niekiedy tylko zobaczy\u0107 fotografi\u0119, \u017ceby da\u0107 wst\u0119pn\u0105 ocen\u0119, czy ta osoba potrzebuje opieki medycznej czy egzorcyzm\u00f3w&#8230;<\/p>\r\n<p><strong>Co Ojciec ma na my\u015bli ?<\/strong><br \/>Opowiem wam pewn\u0105 histori\u0119. Pewnego dnia, kiedy byli\u015bmy razem, pokaza\u0142 mi trzy zdj\u0119cia, kt\u00f3re zosta\u0142y nam przekazane. Wzi\u0105\u0142 pierwsze przedstawiaj\u0105ce m\u0119\u017cczyzn\u0119 i powiedzia\u0142: &#8222;Co Ojciec Amorth uwa\u017ca?&#8221;. A ja powiedzia\u0142em: &#8222;Nie widz\u0119 nic, Ojcze Candido&#8221;. Na co on: &#8222;Widzisz? Temu cz\u0142owiekowi nie potrzeba niczego.&#8221; Nast\u0119pnie wzi\u0105\u0142 zdj\u0119cie kobiety i spyta\u0142 jeszcze raz: &#8222;A tu jak Ojciec Amorth uwa\u017ca?&#8221;. Ja znowu powt\u00f3rzy\u0142em: &#8222;Nie uwa\u017cam nic, Ojciec Candido&#8221;. Jego odpowied\u017a brzmia\u0142a: &#8222;Ta kobieta bardzo potrzebuje opieki medycznej, powinni to skonsultowa\u0107 lekarze, nie egzorcy\u015bci&#8221;. Na ko\u0144cu wzi\u0105\u0142 trzecie zdj\u0119cie, kt\u00f3re przedstawia\u0142o m\u0142odego cz\u0142owieka: &#8222;A o tym co Ojciec Amorth uwa\u017ca? Ta m\u0142oda potrzebuje egzorcyzm\u00f3w, patrz&#8230;&#8221; Odpowiedzia\u0142em :&#8221; Ojcze Candido, ja nic nie widz\u0119! Widz\u0119 tylko, czy ta osoba jest pi\u0119kna, czy brzydka. I je\u015bli mam by\u0107 szczery, to ta dziewczyna jest niez\u0142a.&#8221; A on si\u0119 roze\u015bmia\u0142 ! Zrobi\u0142em sobie \u017cart, ale on ju\u017c sobie zdawa\u0142 spraw\u0119, \u017ce ta dziewczyna bardzo potrzebowa\u0142a Pana Boga.<\/p>\r\n<p><img decoding=\"async\" class=\"alignleft\" style=\"margin: 10px;\" src=\"http:\/\/www.fronda.pl\/obrazy\/78555.jpg\" alt=\"\/\" width=\"328\" height=\"209\" align=\"left\" \/><strong>Wspomina\u0142 ju\u017c Ojciec, \u017ce nie Ojciec Candido nigdy si\u0119 sprzecza\u0142, nawet z diab\u0142em. Szatan ba\u0142 si\u0119 go?<\/strong><br \/>Szatan jakby ba\u0142 si\u0119, dr\u017c\u0105c przed nim! Uciek\u0142 natychmiast. Diabe\u0142 naprawd\u0119 boi si\u0119 nas wszystkich, tak d\u0142ugo jak jeste\u015bmy w \u0141asce Bo\u017cej.<\/p>\r\n<p><strong>Ojciec oczywi\u015bcie obserwowa\u0142 egzorcyzmy o. Amantini &#8230;<\/strong><br \/>Jasne! Bra\u0142em w nich udzia\u0142 przez 6 lat. Zosta\u0142em mianowany na egzorcyst\u0119 w 1986 roku i od tego czasu zacz\u0119li\u015bmy razem wyp\u0119dza\u0107 z\u0142ego. Nast\u0119pnie w 1990 roku, na dwa lata przed jego \u015bmierci\u0105, zacz\u0105\u0142em egzorcyzmowa\u0107 sam, bo nie potrzebowa\u0142em ju\u017c si\u0119 wprawia\u0107 z nim. W\u00f3wczas ju\u017c gdy kto\u015b przyszed\u0142 do niego, odpowiada\u0142: &#8222;Id\u017a do Ojciec Amortha&#8221;. Do tego uwa\u017cany jestem za jego nast\u0119pc\u0119.<\/p>\r\n<p><strong>Czy Ojciec Candido \u017cartowa\u0142 z demonami ?<\/strong><br \/>Opowiem wam o wa\u017cnym epizodzie, aby\u015bcie mogli zrozumie\u0107, jak by\u0142o. Musicie wiedzie\u0107, \u017ce gdy nie ma op\u0119tania przez demona, nie ma te\u017c i dialogu demona z egzorcyst\u0105. Ale gdy jest, czasami B\u00f3g zmusza go do m\u00f3wienia prawdy, pomimo i\u017c szatan jest natury k\u0142amc\u0105. Pewnego razu, gdy Ojciec Candido ju\u017c uwolni\u0142 osob\u0119 po egzorcyzmach, powiedzia\u0142 ironicznie do diab\u0142a. &#8222;Mia\u0142e\u015b tu dobrze ogrzewany dom, jest jednak dla ciebie przygotowany gdzie indziej ma\u0142y domek, gdzie nie b\u0119dziesz cierpia\u0142 zimna &#8222;. Ale diabe\u0142 przerwa\u0142 mu i odpowiedzia\u0142: &#8222;Ty nic nie wiesz&#8221;.<\/p>\r\n<p><strong>Co mia\u0142 na my\u015bli?<\/strong><br \/>Kiedy diabe\u0142 przerwa\u0142 ksi\u0119dzu t\u0119 wypowied\u017a, w\u00f3wczas by\u0142 przymuszony przez Boga, do powiedzenia prawdy. Dzieje si\u0119 tak w bardzo wa\u017cnych sprawach. Cz\u0119sto jestem pytany przez wiernych: &#8222;Jak to mo\u017cliwe, \u017ceby B\u00f3g stworzy\u0142 piek\u0142o, jak m\u00f3g\u0142 w og\u00f3le pomy\u015ble\u0107 o miejscu cierpienia?&#8221;. Na tym przyk\u0142adzie zobaczyli\u015bmy, \u017ce diabe\u0142 odpowiedzia\u0142 na prowokacje o. Candido, ujawniaj\u0105c wa\u017cn\u0105 prawd\u0119 o piekle: &#8222;Nie, B\u00f3g nie stworzy\u0142 piek\u0142a! Ono by\u0142o nasze. On nie my\u015bla\u0142 nawet o tym&#8221;. Wi\u0119c plan stworzenia Bo\u017cego nie rozwa\u017ca\u0142 istnienia piek\u0142a, ale sta\u0142o si\u0119 tak za spraw\u0105 upad\u0142ych anio\u0142\u00f3w! Nieraz podczas egzorcyzm\u00f3w zapytywa\u0142em diab\u0142a: &#8222;Zrobi\u0142e\u015b sobie piek\u0142o?&#8221;. A odpowied\u017a by\u0142a zawsze taka sama: &#8222;Wszyscy nad tym pracowali\u015bmy&#8221;.<\/p>\r\n<p><img decoding=\"async\" class=\"alignleft\" style=\"margin: 10px;\" src=\"http:\/\/www.fronda.pl\/obrazy\/78557.jpg\" alt=\"\/\" width=\"332\" height=\"243\" align=\"left\" \/><strong>Jakie najwa\u017cniejsze przes\u0142anie pozostawi\u0142 Ojcu Ojciec Candido?<\/strong><br \/>Pozostawi\u0142 mi wiele rad, zw\u0142aszcza w ostatnich dw\u00f3ch latach \u017cycia. Najwa\u017cniejsze? B\u0119d\u0105c cz\u0142owiekiem wiary, modlitwy i zawsze prosi\u0142 o wstawiennictwo Naj\u015bwi\u0119tszej Maryi Panny. Cz\u0119sto te\u017c doradza\u0142 mi pokor\u0119, poniewa\u017c egzorcysta musi by\u0107 \u015bwiadomy, \u017ce nie opiera si\u0119 na \u017cadnej mocy poza Bo\u017c\u0105, a efekt egzorcyzmu jest Jego Darem. Je\u015bli On nie zaingeruje, odprawienie rytua\u0142u nie b\u0119dzie nic warte! (http:\/\/stanzevaticane.tgcom24.it\/2012\/07\/13\/padre-candido-e-quel-segreto-sullinferno).<\/p>\r\n<p><strong>Inne wspomnienie Ojca Amortha o Ojcu Candido:<\/strong><\/p>\r\n<p>\u201eNieraz sytuacja rozprasza nadmierny sceptycyzm. Ks. Amorth mia\u0142 w Rzymie w 1993 r. wyk\u0142ad dla oko\u0142o 40 psychiatr\u00f3w, w tym najwi\u0119kszych luminarzy rzymskich. Wszyscy o\u015bwiadczyli, \u017ce s\u0105 albo niewierz\u0105cy, albo przynajmniej niepraktykuj\u0105cy. Po wyk\u0142adzie jeden powiedzia\u0142: &#8222;M\u00f3wi\u0142 ojciec d\u0142ugo i pi\u0119knie, ale co by ojciec zrobi\u0142, gdybym powiedzia\u0142, \u017ce absolutnie nie wierz\u0119 w to wszystko&#8221;. Ksi\u0105dz Amorth na to: &#8222;Panie profesorze, odpowiedzia\u0142bym pokazuj\u0105c konkretny przypadek op\u0119tania w praktyce&#8221; i przytoczy\u0142 wydarzenie z dzia\u0142alno\u015bci swego mistrza, wieloletniego egzorcysty rzymskiego, o. Candido Amantini, kt\u00f3ry przekonany \u017ce pewna dziewczyna, opr\u00f3cz egzorcyzm\u00f3w potrzebuje tak\u017ce leczenia psychiatrycznego, pos\u0142a\u0142 j\u0105 do znanego psychiatry. Ten posadzi\u0142 j\u0105 przed swoim biurkiem, zada\u0142 kilka pyta\u0144 i powiedzia\u0142: &#8222;Powinna pani za\u017cywa\u0107 lekarstwa, kt\u00f3re pani przepisz\u0119&#8221;. Wzi\u0105\u0142 bloczek i zacz\u0105\u0142 wypisywa\u0107 recept\u0119. Nagle dziewczyna wyrwa\u0142a mu recept\u0119, zmi\u0119\u0142a j\u0105 i powiedzia\u0142a zduszonym g\u0142osem: &#8222;Te rzeczy nie s\u0105 mi potrzebne&#8221;. Dziewczyna siedzia\u0142a nieruchomo na krze\u015ble i na oczach lekarza jej r\u0119ka wyd\u0142u\u017cy\u0142a si\u0119 o p\u00f3\u0142tora metra. Lekarz przerazi\u0142 si\u0119 i nie chcia\u0142 wi\u0119cej s\u0142ysze\u0107 ani o niej, ani o innych osobach kierowanych przez ojca Candido.\u201d Ks. Marian Pi\u0105tkowski, Wsp\u00f3\u0142praca egzorcysty z psychiatrami, wyk\u0142ad w Gnie\u017anie 13.10.2005 r. http:\/\/www.sandomierz.opoka.org.pl\/czytelnia\/autor.php?id=91<\/p>\r\n<p><img loading=\"lazy\" decoding=\"async\" class=\"alignleft\" style=\"margin: 10px;\" src=\"http:\/\/www.fronda.pl\/obrazy\/78556.jpg\" alt=\"\/\" width=\"229\" height=\"356\" align=\"left\" \/><strong>O. Candido znowu w domu<\/strong><\/p>\r\n<p>Pan powo\u0142a\u0142 go do swojej chwa\u0142y 22 wrze\u015bnia 1992 r. By\u0142 to dzie\u0144 \u015bw. Candido, jego patrona. Wsp\u00f3\u0142braciom, kt\u00f3rzy od rana przewijali si\u0119 przy jego \u0142\u00f3\u017cku, by z\u0142o\u017cy\u0107 mu \u017cyczenia, powiedzia\u0142: &#8222;Poprosi\u0142em \u015bw. Candido, \u017ceby zrobi\u0142 mi dzisiaj prezent&#8221;. Bardzo cierpia\u0142, wiadomo wi\u0119c o co poprosi\u0142 i zosta\u0142 wys\u0142uchany. Pochowany zosta\u0142 na cmentarzu, w skromnym grobie, podobnie jak wsp\u00f3\u0142bracia. 12 lipca 2012 oko\u0142o na 15.25, z ma\u0142ym op\u00f3\u017anieniem (wydarzenie by\u0142o zaplanowane na godz. 15) otworzono drzwi \u015awi\u0119tych Schod\u00f3w dla t\u0142umu wiernych, kt\u00f3ry pragn\u0119li uczci\u0107 trumn\u0119 z ekshumowanymi z cmentarza szcz\u0105tkami. Nieustannie, po\u015br\u00f3d \u0142ez, modlitwy przybli\u017cali si\u0119, aby uczci\u0107 trumn\u0119 S\u0142ugi Bo\u017cego. Po\u015br\u00f3d nich jest wiele tych, kt\u00f3rzy go znali i kt\u00f3rym wiele pom\u00f3g\u0142, a tak\u017ce i ci, kt\u00f3rzy s\u0105 przekonani o tym, \u017ce pomaga im tak\u017ce po \u015bmierci, wstawiaj\u0105c si\u0119 za nimi swoimi modlitwami jako \u015bwi\u0119ty w niebie. Kilka minut przed 17:30 trumn\u0119 uczci\u0142 bardzo tym faktem poruszony o. Gabriele Amorth. O godzinie 17.30 rozpocz\u0119\u0142a si\u0119 uroczysta Msza \u015awi\u0119ta pod przewodnictwem Jego Ekscelencji bpa Bartolucciego z Kongregacji do Spraw Kanonizacyjnych, koncelebrowana przez ponad dwudziestu ksi\u0119\u017cy w tym Ojca Franciszka Baamonte, m\u0142odego nast\u0119pnego Egzorcysty Rzymu i innych egzorcyst\u00f3w. Obecni tak\u017ce byli dwaj bratankowie o. Candido i wiele jego dzieci duchowych.Na koniec po b\u0142ogos\u0142awie\u0144stwie trumna zosta\u0142a umieszczona w kaplicy (http:\/\/padrecandidoamantini.blogspot.com).<\/p>\r\n<p>Ojcze Kandydzie, M\u00f3dl si\u0119 za nami !<\/p>\r\n<p><strong><em>Natalia Kaniewska<\/em><\/strong><\/p>","protected":false},"excerpt":{"rendered":"Gabriele Amorth, egzorcysta z Rzymu bardzo skupia na sobie uwag\u0119 medi\u00f3w. Ma\u0142o kto wie, \u017ce jego pogl\u0105dy i praktyka nie wzi\u0119\u0142y si\u0119 znik\u0105d, ale od niesamowitego egzorcysty &#8211; nauczyciela o. Candido Amantiniego. 12 lipca 2012 zosta\u0142 og\u0142oszony On s\u0142ug\u0105 Bo\u017cym. Przedstawiamy kr\u00f3tk\u0105 charakterystyk\u0119 tego nowego S\u0142ugi Bo\u017cego. O. Candido Amantini urodzi\u0142 si\u0119 w Bagnolo di [&hellip;]","protected":false},"author":1,"featured_media":0,"comment_status":"closed","ping_status":"closed","sticky":false,"template":"","format":"standard","meta":{"_acf_changed":false,"_monsterinsights_skip_tracking":false,"_monsterinsights_sitenote_active":false,"_monsterinsights_sitenote_note":"","_monsterinsights_sitenote_category":0,"ngg_post_thumbnail":0,"footnotes":"","_wp_rev_ctl_limit":""},"categories":[3],"tags":[39,41],"acf":[],"_links":{"self":[{"href":"https:\/\/www.bibula.com\/index.php?rest_route=\/wp\/v2\/posts\/59486"}],"collection":[{"href":"https:\/\/www.bibula.com\/index.php?rest_route=\/wp\/v2\/posts"}],"about":[{"href":"https:\/\/www.bibula.com\/index.php?rest_route=\/wp\/v2\/types\/post"}],"author":[{"embeddable":true,"href":"https:\/\/www.bibula.com\/index.php?rest_route=\/wp\/v2\/users\/1"}],"replies":[{"embeddable":true,"href":"https:\/\/www.bibula.com\/index.php?rest_route=%2Fwp%2Fv2%2Fcomments&post=59486"}],"version-history":[{"count":0,"href":"https:\/\/www.bibula.com\/index.php?rest_route=\/wp\/v2\/posts\/59486\/revisions"}],"wp:attachment":[{"href":"https:\/\/www.bibula.com\/index.php?rest_route=%2Fwp%2Fv2%2Fmedia&parent=59486"}],"wp:term":[{"taxonomy":"category","embeddable":true,"href":"https:\/\/www.bibula.com\/index.php?rest_route=%2Fwp%2Fv2%2Fcategories&post=59486"},{"taxonomy":"post_tag","embeddable":true,"href":"https:\/\/www.bibula.com\/index.php?rest_route=%2Fwp%2Fv2%2Ftags&post=59486"}],"curies":[{"name":"wp","href":"https:\/\/api.w.org\/{rel}","templated":true}]}}