{"id":59407,"date":"2012-08-03T17:22:00","date_gmt":"2012-08-03T22:22:00","guid":{"rendered":"http:\/\/www.bibula.com\/?p=59407"},"modified":"2012-08-04T21:20:50","modified_gmt":"2012-08-05T02:20:50","slug":"list-otwarty-do-gen-zbigniewa-scibor-%e2%80%93-rylskiego","status":"publish","type":"post","link":"https:\/\/www.bibula.com\/?p=59407","title":{"rendered":"List otwarty do gen. Zbigniewa \u015acibor \u2013 Rylskiego"},"content":{"rendered":"<p><strong>List otwarty Prezesa M\u0142odzie\u017cy Wszechpolskiej Roberta Winnickiego do Prezesa Zwi\u0105zku Powsta\u0144c\u00f3w Warszawskich, gen. Zbigniewa \u015acibor-Rylskiego<\/strong><\/p>\r\n<p><strong><em>\u00a0Szanowny Panie Generale! <br \/><\/em><\/strong><\/p>\r\n<p>Wczorajszy apel na Kopcu Powstania Warszawskiego na d\u0142ugo pozostanie w pami\u0119ci wszystkich jego uczestnik\u00f3w. Tysi\u0105ce ludzi &#8211; Kombatanci, harcerze, przedstawiciele w\u0142adz i s\u0142u\u017cb mundurowych, Warszawiacy i Polacy z kraju, kt\u00f3rzy przyjechali specjalnie na uroczysto\u015bci 1 sierpnia. W\u015br\u00f3d nich tysi\u0105ce ludzi m\u0142odych, tysi\u0105ce m\u0142odych patriot\u00f3w.\u00a0Pojawienie si\u0119 Kombatant\u00f3w powitane zosta\u0142o gor\u0105cymi oklaskami i wielokrotnym, gromkim <strong>\u201eCze\u015b\u0107 i chwa\u0142a Bohaterom!\u201d.<\/strong><\/p>\r\n<p><strong>Przedstawiciele obecnych w\u0142adz stolicy i kraju, z prezydent Hann\u0105 Gronkiewicz-Waltz na czele, <\/strong>przywitani zostali zgo\u0142a inaczej. Buczenie, gwizdy czy has\u0142a <strong>\u201ePrecz z komun\u0105!\u201d<\/strong> da\u0142o si\u0119 s\u0142ysze\u0107 niemal r\u00f3wnie mocno, jak te oddaj\u0105ce cze\u015b\u0107 Bohaterom naszej historii.<\/p>\r\n<p>W swoim wyst\u0105pieniu, kt\u00f3re wywar\u0142o du\u017ce wra\u017cenie na wszystkich zgromadzonych,\u00a0dziwi\u0142 si\u0119 Pan Genera\u0142 &#8211; jak m\u0142odzi ludzie mog\u0105 krzycze\u0107 takie rzeczy? Jak mog\u0105 wobec w\u0142adz \u201ewolnej Polski\u201d, jak to Pan okre\u015bli\u0142, u\u017cywa\u0107 takich zwrot\u00f3w?\u00a0Uzna\u0142 to Pan Genera\u0142 za smutne i niedopuszczalne.<\/p>\r\n<p>Chcia\u0142bym pom\u00f3c Panu zrozumie\u0107 tych, kt\u00f3rzy w ten spos\u00f3b si\u0119 zachowywali. Bo przecie\u017c\u00a0tysi\u0105ce m\u0142odych Polak\u00f3w nie znalaz\u0142o si\u0119 w tym miejscu i czasie przypadkowo i nieprzypadkowo swoimi okrzykami wyra\u017cali zar\u00f3wno cze\u015b\u0107 Bohaterom, jak i sw\u00f3j stosunek do dzisiejszych w\u0142adz Polski.\u00a0Na pytanie, dlaczego m\u0142odzi patrioci, widz\u0105c przedstawicieli rz\u0105dz\u0105cych, krzycz\u0105 dzi\u015b <strong><em>\u201eprecz z komun\u0105<\/em><\/strong>\u201d, chcia\u0142bym odpowiedzie\u0107 Panu zestawem przyk\u0142ad\u00f3w, tylko z ostatniego roku:<\/p>\r\n<p>&#8211; gdy postanowili\u015bmy zorganizowa\u0107\u00a0Marsz\u00a0Niepodleg\u0142o\u015bci,\u00a0wsp\u00f3\u0142czesna Trybuna Ludu, Gazeta Wyborcza\u00a0i ca\u0142y koncern Agora, rozp\u0119ta\u0142y wobec nas nagonk\u0119, wyzywaj\u0105c od faszyst\u00f3w; nagonk\u0119, kt\u00f3r\u0105 prowadz\u0105 nieustannie; nagonk\u0119, kt\u00f3r\u0105 podchwytuje i wspiera wi\u0119kszo\u015b\u0107 prorz\u0105dowych medi\u00f3w; w\u0142adze miasta i policja za\u015b w o wiele wi\u0119kszym stopniu wola\u0142y wsp\u00f3\u0142pracowa\u0107 z lewicowymi boj\u00f3wkarzami, kt\u00f3rzy Marsz pr\u00f3bowali zablokowa\u0107;<\/p>\r\n<p>&#8211; gdy zbuntowali\u015bmy si\u0119 przeciwko mi\u0119dzynarodowym przepisom ograniczaj\u0105cym wolno\u015b\u0107 s\u0142owa w tzw. sprawie ACTA,\u00a0od przedstawicieli rz\u0105du us\u0142yszeli\u015bmy, \u017ce protestuje \u201e\u017culia\u201d, \u017ce jeste\u015bmy idiotami,\u00a0kt\u00f3rzy nie rozumiej\u0105 prawa; gdy w dziesi\u0105tkach tysi\u0119cy wyszli\u015bmy na ulice w obronie podstawowych wolno\u015bci obywatelskich,\u00a0w\u0142adze mia\u0142y dla nas wy\u0142\u0105cznie s\u0142owa pogardy i pot\u0119pienia;<\/p>\r\n<p>&#8211; po zako\u0144czeniu protest\u00f3w domy ich organizator\u00f3w \u201eodwiedzali\u201d funkcjonariusze policji; liceali\u015bci byli \u201eodwiedzani\u201d w szko\u0142ach &#8211; przeprowadzano \u201eprofilaktyczne\u201d rozmowy z nauczycielami; innych z kolei inwigilowa\u0107 i werbowa\u0107 pr\u00f3bowa\u0142a Agencja Bezpiecze\u0144stwa Wewn\u0119trznego;\u00a0do\u015bwiadczamy represji za wyra\u017canie sprzeciwu wobec polityki rz\u0105dz\u0105cych, co w demokracji pono\u0107 przest\u0119pstwem nie jest;<\/p>\r\n<p>&#8211; wielu m\u0142odych patriot\u00f3w zosta\u0142o pobitych przez s\u0142u\u017cby bezpiecze\u0144stwa pa\u0144stwa; niestety, przes\u0142uchania rozpoczynaj\u0105ce si\u0119 od ciosu w brzuch i epitetu <strong><em>\u201ety p\u2026.ny faszysto!\u201d<\/em><\/strong> to ju\u017c nie pojedynczy incydent, a wiele przypadk\u00f3w w r\u00f3\u017cnych cz\u0119\u015bciach kraju;\u00a0m\u0142odzi patrioci zaczynaj\u0105 reagowa\u0107 na widok policjanta jak niegdy\u015b na mundur MO &#8211; nie dlatego, \u017ce maj\u0105 co\u015b na sumieniu, ale dlatego, \u017ce spodziewaj\u0105 si\u0119 represji za sam fakt \u201ewychylania si\u0119\u201d;<\/p>\r\n<p>&#8211; dosz\u0142o do tego, \u017ce w jednym z miast\u00a0uniemo\u017cliwiono przeprowadzenie krytycznego wobec w\u0142adz zgromadzenia, zatrzymuj\u0105c organizator\u00f3w i przewo\u017c\u0105c ich na komend\u0119\u00a0na godzin\u0119 przed planowan\u0105 manifestacj\u0105;<\/p>\r\n<p>&#8211; na stadionach pi\u0142karskich delegaci PZPN cenzuruj\u0105 antykomunistyczne oprawy kibic\u00f3w;\u00a0rz\u0105d z kolei wypowiedzia\u0142 kibicom regularn\u0105 wojn\u0119 w momencie, gdy liczba incydent\u00f3w na stadionach zacz\u0119\u0142a spada\u0107, ale za to masowo zacz\u0119\u0142y si\u0119 pojawia\u0107 tre\u015bci narodowo-patriotyczne i niepoprawne polityczne;<\/p>\r\n<p>&#8211; rz\u0105d drastycznie ogranicza nauczanie historii, kt\u00f3re jest fundamentem budowania to\u017csamo\u015bci narodowej; na akcj\u0119 Strajk Szkolny, kt\u00f3r\u0105 w tym roku zainicjowali\u015bmy, w\u0142a\u015bnie w obronie edukacji i patriotycznego wychowania, pozostaje g\u0142uchy;<\/p>\r\n<p>&#8211;\u00a0prezydent Komorowski, przy poparciu wi\u0119kszo\u015bci rz\u0105dz\u0105cej, forsuje w\u0142a\u015bnie w parlamencie ustaw\u0119 drastycznie ograniczaj\u0105c\u0105 wolno\u015b\u0107 zgromadze\u0144, pomimo \u017ce wszelkie organizacje spo\u0142eczne &#8211; od lewa do prawa, zgodnie ostrzegaj\u0105 przed ni\u0105, jako zamachem na podstawowe prawa obywatelskie;<\/p>\r\n<p>Przyk\u0142ad\u00f3w mo\u017cna by mno\u017cy\u0107. Domy\u015blam si\u0119, \u017ce w pono\u0107 wolnych mediach, pono\u0107 wolnej Polski, nie us\u0142ysza\u0142 Pan Genera\u0142 o wielu sprawach, o kt\u00f3rych tutaj napisa\u0142em.\u00a0Sytuacja w mediach to zreszt\u0105 kolejny, odr\u0119bny temat, kt\u00f3ry zbli\u017ca nas klimatem do PRLu.<\/p>\r\n<p>Polska m\u0142odzie\u017c poddawana jest dzi\u015b pot\u0119\u017cnej obr\u00f3bce kultury masowej i propagandy medialnej, a tak\u017ce, niestety, szkolnej.\u00a0Pr\u00f3buje si\u0119 nam wpoi\u0107 oboj\u0119tno\u015b\u0107 na poj\u0119cia takie jak: historia, pami\u0119\u0107, to\u017csamo\u015b\u0107 narodowa, niepodleg\u0142o\u015b\u0107, po\u015bwi\u0119cenie dla narodu. Propaganda wmawia m\u0142odym, \u017ce ca\u0142y \u015bwiat ma si\u0119 obraca\u0107 wok\u00f3\u0142 ich w\u0142asnego \u201eja\u201d, \u017ce polsko\u015b\u0107 to prze\u017cytek, \u017ce to\u017csamo\u015b\u0107 jest niewa\u017cna.<\/p>\r\n<p>Istniej\u0105 jednak\u00a0tysi\u0105ce m\u0142odych Polak\u00f3w, kt\u00f3rzy si\u0119 przeciwko tej rzeczywisto\u015bci buntuj\u0105. To ci, kt\u00f3rzy wbrew wspomnianym trendom kultury, propagandy medi\u00f3w, wbrew szkolnej \u201eeuropeizacji\u201d chc\u0105 pozosta\u0107 Polakami i chc\u0105, \u017ceby okre\u015blenie \u201eby\u0107 Polakiem\u201d rzeczywi\u015bcie co\u015b znaczy\u0142o. Id\u0105 na przek\u00f3r.\u00a0To przede wszystkim w\u0142a\u015bnie my, zbuntowana przeciwko III RP cz\u0119\u015b\u0107 m\u0142odzie\u017cy, organizujemy patriotyczne manifestacje, chodzimy na groby \u017co\u0142nierzy, je\u017adzimy do rodak\u00f3w na Kresach, kultywujemy narodowe tradycje.<\/p>\r\n<p>Jednocze\u015bnie jeste\u015bmy nazywani faszystami i \u201e\u017culi\u0105\u201d, inwigilowani przez s\u0142u\u017cby bezpiecze\u0144stwa, wytykani w szko\u0142ach przez niekt\u00f3rych nauczycieli, r\u00f3wnie gorliwie dzi\u015b pr\u00f3buj\u0105cych nas \u201ezeuropeizowa\u0107\u201d, jak niegdy\u015b naszych rodzic\u00f3w wychowa\u0107 na \u201eludzi sowieckich\u201d.<\/p>\r\n<p>Dlatego <strong>gdy s\u0142yszymy \u201eGazeta Wyborcza\u201d, my\u015blimy \u201eTrybuna Ludu\u201d, gdy s\u0142yszymy PO, my\u015blimy PZPR, a gdy widzimy wysokiego rang\u0105 partyjniaka obecnej w\u0142adzy, to pierwsze co przychodzi nam na my\u015bl, to okrzyk \u201eprecz z komun\u0105!\u201d<\/strong> III RP nie postrzegamy jako Polski autentycznie wolnej, autentycznie niepodleg\u0142ej, ale jako tw\u00f3r zarz\u0105dzany przez elity r\u00f3wnie s\u0142u\u017calcze wobec obcych, jak mia\u0142o to miejsce w PRLu.<\/p>\r\n<p><strong>Panie Generale!<\/strong><\/p>\r\n<p>Jak b\u0119dzie za rok wygl\u0105da\u0142 1 sierpnia? S\u0105dz\u0119, \u017ce tysi\u0105ce m\u0142odych ludzi ponownie przyjdzie na Kopiec Powstania, by odda\u0107 cze\u015b\u0107 Bohaterom. Jestem przekonany, \u017ce mog\u0105 pos\u0142ucha\u0107 apelu Pana Genera\u0142a i z zaci\u015bni\u0119tymi z\u0119bami nie komentowa\u0107 obecno\u015bci przedstawicieli w\u0142adzy, kt\u00f3r\u0105 uwa\u017caj\u0105 za niesuwerenn\u0105, kosmopolityczn\u0105, obc\u0105 i wrog\u0105.<\/p>\r\n<p>Chcia\u0142bym, \u017ceby mia\u0142 Pan jednak \u015bwiadomo\u015b\u0107, \u017ce tak czy inaczej, zrobimy wszystko, by t\u0119 w\u0142adz\u0119 obali\u0107, by system zbudowany w Polsce po roku 89 radykalnie zmieni\u0107. A wszystko to dlatego, \u017ce chcemy mie\u0107, jako m\u0142odzi Polacy, nie tylko chwalebn\u0105 przesz\u0142o\u015b\u0107, ale i prawdziwie niepodleg\u0142\u0105 przysz\u0142o\u015b\u0107 w naszej narodowej Ojczy\u017anie. I mamy \u015bwiadomo\u015b\u0107 faktu, \u017ce je\u015bli my o ni\u0105 nie b\u0119dziemy walczy\u0107, to nikt inny za nas tego nie zrobi.<\/p>\r\n<p>Z wyrazami najwy\u017cszego szacunku<\/p>\r\n<p>Robert Winnicki<br \/> Prezes Zarz\u0105du G\u0142\u00f3wnego<br \/> M\u0142odzie\u017cy Wszechpolskiej<\/p>\r\n<p>Warszawa, 2 sierpnia 2012 r.<\/p>\r\n\r\n<blockquote>\r\n<h2>Wyszkowski o generale \u015acibor-Rylskim<\/h2>\r\n\r\n<p><strong>\u015acibor nie wst\u0105pi\u0142 do PZPR, ale naj\u0105\u0142 si\u0119 do s\u0142u\u017cby komunistom jako tzw. po\u017cyteczny idiota. Sowietyzm potrzebowa\u0142 \u201ekonstruktywnych\u201d bezpartyjnych i \u015acibor t\u0119 rol\u0119 wype\u0142nia\u0142 skrz\u0119tniej od innych. Dlatego zosta\u0142 wci\u0105gni\u0119ty do Obywatelskiego Komitetu Obchod\u00f3w 40. Rocznicy Powstania Warszawskiego, kt\u00f3ry by\u0142 dzie\u0142em takich zdrajc\u00f3w i zbrodniarzy jak Jaruzelski i Kiszczak.<\/strong><\/p>\r\n<p>Czy mo\u017cna dziwi\u0107 si\u0119 buczeniu wobec \u0142ajdaka, m\u00f3wi\u0105cego o zniewa\u017caniu krzy\u017ca na Krakowskim Przedmie\u015bciu jako o \u201eweso\u0142ym happeningu\u201d, i wobec jego partyjnej towarzyszki wysy\u0142aj\u0105cej funkcjonariuszy stra\u017cy miejskiej, \u017ceby, tak jak niegdy\u015b ZOMO, usuwali kwiaty i znicze czcz\u0105ce pami\u0119\u0107 tego, kt\u00f3ry przywr\u00f3ci\u0142 Powstaniu jego chwa\u0142\u0119?<\/p>\r\n<p>C\u00f3\u017c w tej sytuacji zrobi\u0142a rz\u0105dowa propaganda? <strong>Tym razem w roli herolda urz\u0119dowego pot\u0119pienia obsadzono dawnego bohatera, ale p\u00f3\u017aniej beznadziejnego oportunist\u0119 od lat wys\u0142uguj\u0105cego si\u0119 Jaruzelskiemu i jemu podobnym.<\/strong> Zbigniew \u015acibor-Rylski prze\u017cy\u0142 szlachetniejszych od siebie i zosta\u0142 nominowany symbolem Powstania Warszawskiego moc\u0105 przykomunistycznego Zwi\u0105zku Bojownik\u00f3w o Wolno\u015b\u0107 i Demokracj\u0119. \u0179a\u0142osny by\u0142y bohater, kt\u00f3ry poni\u017cy\u0142 si\u0119 do wyprzeda\u017cy zas\u0142ug swej m\u0142odo\u015bci spadkobiercom kat\u00f3w w\u0142asnych koleg\u00f3w.<\/p>\r\n<p><strong>\u015acibor nie wst\u0105pi\u0142 do PZPR, ale naj\u0105\u0142 si\u0119 do s\u0142u\u017cby komunistom jako tzw. po\u017cyteczny idiota.<\/strong> Sowietyzm potrzebowa\u0142 \u201ekonstruktywnych\u201d bezpartyjnych i \u015acibor t\u0119 rol\u0119 wype\u0142nia\u0142 skrz\u0119tniej od innych. <strong>Dlatego zosta\u0142 wci\u0105gni\u0119ty do Obywatelskiego Komitetu Obchod\u00f3w 40. Rocznicy Powstania Warszawskiego, kt\u00f3ry by\u0142 dzie\u0142em takich zas\u0142u\u017conych w <a id=\"anchorbbtBubble213\">walce<\/a> z pami\u0119ci\u0105 Powstania zdrajc\u00f3w i zbrodniarzy jak Jaruzelski i Kiszczak<\/strong>, a zorganizowany zosta\u0142 jako akt propagandy stanu wojennego maj\u0105cej dowodzi\u0107, \u017ce powsta\u0144cy akceptuj\u0105 i popieraj\u0105 re\u017cim zbudowany przez NKWD na trupach Katynia i Powstania. Wtedy, gdy jego niez\u0142omni towarzysze broni odmawiali wsparcia w\u0142adzy chc\u0105cej odnowi\u0107 stalinizm, \u015acibor dawa\u0142 propagandzie komunistycznej swe w\u0142asne miedziane czo\u0142o.<\/p>\r\n<p>Tegorocznego 1 sierpnia w obchodach bra\u0142 udzia\u0142 m\u00f3j syn. Nie krzycza\u0142 i nie bucza\u0142, ale mo\u017ce by to zrobi\u0142, gdybym mu wcze\u015bniej powiedzia\u0142, \u017ce by\u0142em w Warszawie 31 lipca 1984 r. i sta\u0142em przy ulicy Miodowej obok grupy Niez\u0142omnych Powsta\u0144c\u00f3w, kt\u00f3rzy odm\u00f3wili udzia\u0142u w uroczysto\u015bci po\u0142o\u017cenia kamienia w\u0119gielnego pod pomnik \u201eBohater\u00f3w Powstania Warszawskiego\u201d. Niez\u0142omni z daleka obserwowali tych upad\u0142ych, kt\u00f3rzy stan\u0119li wtedy przy Jaruzelskim<strong>. Tacy jak \u015acibor zgodzili si\u0119 nie tylko na zmian\u0119 projektu pomnika, z wybranego w konkursie i wyra\u017caj\u0105cego ide\u0119 Powstania, na socrealistyczn\u0105 kalk\u0119 pomnik\u00f3w partyzant\u00f3w sowieckich, ale i na poni\u017cenie pami\u0119ci ofiar przez zmian\u0119 nazwy z \u201ePomnika Powstania\u201d ma \u201ePomnik Bohater\u00f3w\u201d.<\/strong> S\u0142ysza\u0142em w\u00f3wczas gwizdy i okrzyki oburzenia, bo wtedy wszyscy wiedzieli, \u017ce ca\u0142a akcja jest zak\u0142aman\u0105 komunistyczn\u0105 propagand\u0105, a ci, kt\u00f3rzy w niej uczestnicz\u0105 s\u0105 chronionymi przez ZOMO i SB kolaborantami komuny.<\/p>\r\n<p>Nast\u0119pnego dnia \u0142apsy z SB do p\u00f3\u017anego wieczora patrolowa\u0142y Pow\u0105zki, by niez\u0142omni powsta\u0144cy nie utworzyli \u201enielegalnego zgromadzenia\u201d. Szybko gasili znicze i usuwali umieszczone na krzy\u017cach karteczki oddaj\u0105ce cze\u015b\u0107 Powstaniu. Czy mo\u017cna powstrzyma\u0107 si\u0119 od poczucia, \u017ce dzisiaj to samo robi\u0105 stra\u017cnicy Hanny Gronkiewicz-Waltz i cyngle z &#8222;GW&#8221;-TVN?<\/p>\r\n<p>Tak, jest zmiana na lepsze, bo ja w\u00f3wczas ba\u0142em si\u0119, \u017ce w\u015br\u00f3d ciemnych grob\u00f3w mog\u0119 zosta\u0107 napadni\u0119ty przez esbek\u00f3w, a teraz m\u00f3j syn takiej obawy nie mia\u0142.<strong> Ale cho\u0107 policje jawne, tajne i dwup\u0142ciowe obecnych w\u0142adz ju\u017c nie atakuj\u0105 wieczorem na Pow\u0105zkach, to potrafi\u0105 zrobi\u0107 to w centrum Warszawy w bia\u0142y dzie\u0144<\/strong>. A potem ich s\u0105dy potrafi\u0105 skaza\u0107 szlachetnego cz\u0142owieka za to, \u017ce \u201ew dniu 10 maja 2011 r. ok. godz. 9:45 na ul. Krakowskie Przedmie\u015bcie w Warszawie za\u015bmieci\u0142 miejsce publiczne &#8211; poprzez ustawienie podstawy w kt\u00f3rej umieszczono krzy\u017c\u201d.<\/p>\r\n<p>To tych stra\u017cnik\u00f3w miejskich, t\u0119 pod\u0142\u0105 kobiet\u0119, kt\u00f3ra im wydaje pod\u0142e rozkazy i tego jej pod\u0142ego szefa, kt\u00f3ry o Powstaniu podle m\u00f3wi\u0142 jako polskiej nienormalno\u015bci, wybuczano, gdy stan\u0119li na miejscu, kt\u00f3rego nie s\u0105 godni.<\/p>\r\n<p><em>Ca\u0142o\u015b\u0107 artyku\u0142u uka\u017ce si\u0119 8 sierpnia w tygodniku &#8222;Gazera Polska&#8221;<\/em> <strong><\/strong><\/p>\r\n<p>Autor: Krzysztof Wyszkowski, | \u0179r\u00f3d\u0142o: Gazeta Polska<\/p>\r\n<p class=\"zrodlo\">Za: <a href=\"http:\/\/niezalezna.pl\/31601-wyszkowski-o-generale-scibor-rylskim\">niezalezna.pl (2012-08-04)<\/a><\/p>\r\n<\/blockquote>","protected":false},"excerpt":{"rendered":"List otwarty Prezesa M\u0142odzie\u017cy Wszechpolskiej Roberta Winnickiego do Prezesa Zwi\u0105zku Powsta\u0144c\u00f3w Warszawskich, gen. Zbigniewa \u015acibor-Rylskiego \u00a0Szanowny Panie Generale! Wczorajszy apel na Kopcu Powstania Warszawskiego na d\u0142ugo pozostanie w pami\u0119ci wszystkich jego uczestnik\u00f3w. Tysi\u0105ce ludzi &#8211; Kombatanci, harcerze, przedstawiciele w\u0142adz i s\u0142u\u017cb mundurowych, Warszawiacy i Polacy z kraju, kt\u00f3rzy przyjechali specjalnie na uroczysto\u015bci 1 sierpnia. W\u015br\u00f3d [&hellip;]","protected":false},"author":1,"featured_media":0,"comment_status":"closed","ping_status":"closed","sticky":false,"template":"","format":"standard","meta":{"_acf_changed":false,"_monsterinsights_skip_tracking":false,"_monsterinsights_sitenote_active":false,"_monsterinsights_sitenote_note":"","_monsterinsights_sitenote_category":0,"ngg_post_thumbnail":0,"footnotes":"","_wp_rev_ctl_limit":""},"categories":[9],"tags":[92],"acf":[],"_links":{"self":[{"href":"https:\/\/www.bibula.com\/index.php?rest_route=\/wp\/v2\/posts\/59407"}],"collection":[{"href":"https:\/\/www.bibula.com\/index.php?rest_route=\/wp\/v2\/posts"}],"about":[{"href":"https:\/\/www.bibula.com\/index.php?rest_route=\/wp\/v2\/types\/post"}],"author":[{"embeddable":true,"href":"https:\/\/www.bibula.com\/index.php?rest_route=\/wp\/v2\/users\/1"}],"replies":[{"embeddable":true,"href":"https:\/\/www.bibula.com\/index.php?rest_route=%2Fwp%2Fv2%2Fcomments&post=59407"}],"version-history":[{"count":0,"href":"https:\/\/www.bibula.com\/index.php?rest_route=\/wp\/v2\/posts\/59407\/revisions"}],"wp:attachment":[{"href":"https:\/\/www.bibula.com\/index.php?rest_route=%2Fwp%2Fv2%2Fmedia&parent=59407"}],"wp:term":[{"taxonomy":"category","embeddable":true,"href":"https:\/\/www.bibula.com\/index.php?rest_route=%2Fwp%2Fv2%2Fcategories&post=59407"},{"taxonomy":"post_tag","embeddable":true,"href":"https:\/\/www.bibula.com\/index.php?rest_route=%2Fwp%2Fv2%2Ftags&post=59407"}],"curies":[{"name":"wp","href":"https:\/\/api.w.org\/{rel}","templated":true}]}}