{"id":58967,"date":"2012-07-18T10:25:23","date_gmt":"2012-07-18T15:25:23","guid":{"rendered":"http:\/\/www.bibula.com\/?p=58967"},"modified":"2012-07-18T10:25:23","modified_gmt":"2012-07-18T15:25:23","slug":"w-kaluszu-odslonieto-pomnik-dowodcy-upa","status":"publish","type":"post","link":"https:\/\/www.bibula.com\/?p=58967","title":{"rendered":"W Ka\u0142uszu ods\u0142oni\u0119to pomnik dow\u00f3dcy UPA"},"content":{"rendered":"<p><strong>W Ka\u0142uszu w obwodzie iwanofrankowskim ods\u0142oni\u0119to pomnik dow\u00f3dcy Ukrai\u0144skiej Powsta\u0144czej Armii Romana Szuchewycza, odpowiedzialnego za zbrodnie na polskiej ludno\u015bci Kres\u00f3w. Po\u015bwi\u0119cili go prawos\u0142awni i greckokatoliccy biskupi.<\/strong><\/p>\r\n<p>Uroczysto\u015b\u0107 odby\u0142a si\u0119 30 czerwca br., w 105. rocznic\u0119 urodzin Szuchewycza. Udzia\u0142 w niej wzi\u0119li m.in. syn Szuchewycza Jurij, mer Ka\u0142usza Ihor Nasalik, deputowany ukrai\u0144skiego parlamentu Zinowij Szkutiak (Nasz Ukraina), a tak\u017ce liderzy organizacji nacjonalistycznych: O\u0142eh Tiahnybok ze &#8222;Swobody&#8221;, Bohdan Czerwak z melnykowskiego OUN, Stepan Braciun z Kongresu Ukrai\u0144skich Nacjonalist\u00f3w oraz przedstawiciel OUN-Bandery Bohdan Dubas. W\u015br\u00f3d zaproszonych by\u0142o r\u00f3wnie\u017c wielu weteran\u00f3w UPA i SS-Galizien.<br \/> <br \/> Pomnik po\u015bwi\u0119ci\u0142 biskup Ukrai\u0144skiego Ko\u015bcio\u0142a Prawos\u0142awnego Patriarchatu Kijowskiego Joazaf oraz biskup-emeryt Ukrai\u0144skiego Ko\u015bcio\u0142a Greckokatolickiego Sofron Mudryj.<\/p>\r\n<p><span class=\"pullquote\"><!-- Pomnik ukrai\u0144skiego zbrodniarza po\u015bwi\u0119cili prawos\u0142awni i greckokatoliccy biskupi --><\/span>Ods\u0142oni\u0119ciu 4,5 metrowego monumentu towarzyszy\u0142o wypuszczenie w niebo niebiesko-\u017c\u00f3\u0142tych balon\u00f3w, go\u0142\u0119bi oraz wojskowa salwa honorowa. Od\u015bpiewano r\u00f3wnie\u017c hymn Ukrainy i hymn Organizacji Ukrai\u0144skich Nacjonalist\u00f3w.<br \/> <br \/> Zbudowano go za pieni\u0105dze miasta Ka\u0142usza, obwodu iwano-frankowskiego oraz mieszka\u0144c\u00f3w miasta i organizacji spo\u0142ecznych, w\u015br\u00f3d kt\u00f3rych prowadzono zbi\u00f3rk\u0119 pod has\u0142em &#8222;Powszechna Mobilizacja&#8221;.<br \/> <br \/> Roman Szuchewycz by\u0142 w latach 1943-1950 dow\u00f3dc\u0105 Ukrai\u0144skiej Powsta\u0144czej Armii, odpowiedzialnej za wymordowane ok. 120 tysi\u0119cy Polak\u00f3w na Kresach. Akceptowa\u0142 zbrodnicze metody UPA na Wo\u0142yniu, a nast\u0119pnie bezpo\u015brednio kierowa\u0142 ludob\u00f3jstwem ludno\u015bci polskiej na terenie Ma\u0142opolski Wschodniej.<br \/> <br \/> Ukrai\u0144ska Powsta\u0144cza Armia jest dzi\u015b na zachodzie Ukrainy uwa\u017cana za organizacj\u0119 bohatersk\u0105, walcz\u0105c\u0105 o niepodleg\u0142o\u015b\u0107 Ukrainy. Na wschodzie kraju za zdrajc\u00f3w i kolaborant\u00f3w Hitlera<br \/> <br \/> tr\/Kresy.pl<br \/> fot. vkontakte.ru, vikna.if.ua<\/p>\r\n<ul>\r\n<li><strong>Galeria zdj\u0119\u0107: <a href=\"http:\/\/www.kresy.pl\/volgal,fotoarchiwum?zobacz\/w-kaluszu-odslonieto-pomnik-dowodcy-upa\">Kresy.pl<\/a><\/strong><\/li>\r\n<\/ul>","protected":false},"excerpt":{"rendered":"W Ka\u0142uszu w obwodzie iwanofrankowskim ods\u0142oni\u0119to pomnik dow\u00f3dcy Ukrai\u0144skiej Powsta\u0144czej Armii Romana Szuchewycza, odpowiedzialnego za zbrodnie na polskiej ludno\u015bci Kres\u00f3w. Po\u015bwi\u0119cili go prawos\u0142awni i greckokatoliccy biskupi. Uroczysto\u015b\u0107 odby\u0142a si\u0119 30 czerwca br., w 105. rocznic\u0119 urodzin Szuchewycza. Udzia\u0142 w niej wzi\u0119li m.in. syn Szuchewycza Jurij, mer Ka\u0142usza Ihor Nasalik, deputowany ukrai\u0144skiego parlamentu Zinowij Szkutiak (Nasz [&hellip;]","protected":false},"author":1,"featured_media":0,"comment_status":"closed","ping_status":"closed","sticky":false,"template":"","format":"standard","meta":{"_acf_changed":false,"_monsterinsights_skip_tracking":false,"_monsterinsights_sitenote_active":false,"_monsterinsights_sitenote_note":"","_monsterinsights_sitenote_category":0,"ngg_post_thumbnail":0,"footnotes":"","_wp_rev_ctl_limit":""},"categories":[215],"tags":[167,17],"acf":[],"_links":{"self":[{"href":"https:\/\/www.bibula.com\/index.php?rest_route=\/wp\/v2\/posts\/58967"}],"collection":[{"href":"https:\/\/www.bibula.com\/index.php?rest_route=\/wp\/v2\/posts"}],"about":[{"href":"https:\/\/www.bibula.com\/index.php?rest_route=\/wp\/v2\/types\/post"}],"author":[{"embeddable":true,"href":"https:\/\/www.bibula.com\/index.php?rest_route=\/wp\/v2\/users\/1"}],"replies":[{"embeddable":true,"href":"https:\/\/www.bibula.com\/index.php?rest_route=%2Fwp%2Fv2%2Fcomments&post=58967"}],"version-history":[{"count":0,"href":"https:\/\/www.bibula.com\/index.php?rest_route=\/wp\/v2\/posts\/58967\/revisions"}],"wp:attachment":[{"href":"https:\/\/www.bibula.com\/index.php?rest_route=%2Fwp%2Fv2%2Fmedia&parent=58967"}],"wp:term":[{"taxonomy":"category","embeddable":true,"href":"https:\/\/www.bibula.com\/index.php?rest_route=%2Fwp%2Fv2%2Fcategories&post=58967"},{"taxonomy":"post_tag","embeddable":true,"href":"https:\/\/www.bibula.com\/index.php?rest_route=%2Fwp%2Fv2%2Ftags&post=58967"}],"curies":[{"name":"wp","href":"https:\/\/api.w.org\/{rel}","templated":true}]}}