{"id":58952,"date":"2012-07-18T09:35:40","date_gmt":"2012-07-18T14:35:40","guid":{"rendered":"http:\/\/www.bibula.com\/?p=58952"},"modified":"2012-07-18T09:35:40","modified_gmt":"2012-07-18T14:35:40","slug":"prof-zybertowicz-zaslepienie-funkcjonalne-systemowo%e2%80%ad","status":"publish","type":"post","link":"https:\/\/www.bibula.com\/?p=58952","title":{"rendered":"Prof. Zybertowicz: Za\u015blepienie funkcjonalne systemowo\u00e2\u20ac\u00ad"},"content":{"rendered":"<p><strong><em> W mediach b\u0119dzie si\u0119 toczy\u0142a gra o to,\u201d\u00ad \u201d\u00ac\u017ceby z tego nagrania nie zosta\u0142y wyci\u0105gni\u0119te wnioski takie,\u201d\u00ad \u201d\u00acjak po rozmowie Michnik-Rywin. \u201d\u00acChodzi o to,\u201d\u00ad \u201d\u00ac\u017ceby wyborcy\u201d\u00ad \u201d\u00aczbyt wyra\u017anie\u201d\u00ad \u201d\u00acsobie nie u\u015bwiadomili,\u201d\u00ad \u201d\u00acna czym polega istota rz\u0105d\u00f3w Platformy<\/em> <\/strong>&#8211; m\u00f3wi portalowi Stefczyk.info i wPolityce.pl socjolog prof. Andrzej Zybertowicz.<\/p>\r\n<p><strong>Stefczyk.info wPolityce.pl:\u201d\u00ad \u201d\u00acPolska debata publiczna \u017cyje ta\u015bmami,\u201d\u00ad \u201d\u00acna kt\u00f3rych zarejestrowano rozmow\u0119 by\u0142ego szefa Agencji Rynku Rolnego W\u0142adys\u0142awa \u0141ukasika i szefa k\u00f3\u0142ek rolniczych W\u0142adys\u0142awa Serafina.\u201d\u00ad \u201d\u00acPanowie m\u00f3wi\u0105 o patologiach w sp\u00f3\u0142kach zale\u017cnych od rz\u0105du.\u201d\u00ad \u201d\u00acCo ta sprawa m\u00f3wi o mechanizmach rz\u0105dz\u0105cych polityk\u0105\u201d\u00ad?\u201d\u00ac<\/strong><br \/> <br \/> <strong>Prof.\u201d\u00ad \u201d\u00acAndrzej Zybertowicz:\u201d\u00ad \u201d\u00ac<\/strong>Dla badacza\u201d\u00ad \u201d\u00acfaktycznych,\u201d\u00ad \u201d\u00acw tym zakulisowych,\u201d\u00ad \u201d\u00acmechanizm\u00f3w\u201d\u00ad \u201d\u00ac\u017cycia spo\u0142ecznego w Polsce,\u201d\u00ad \u201d\u00acta\u201d\u00ad \u201d\u00acspraw\u201d\u00ada \u201d\u00acnie m\u00f3wi nic nowego.\u201d\u00ad \u201d\u00acOstatnie z\u0142udzenia co do dobrej woli wielu polityk\u00f3w i dziennikarzy utraci\u0142em obserwuj\u0105c ich reakcje na ujawnienie rozmowy Aleksandra Gudzowatego i J\u00f3zefa Oleksego.\u201d\u00ad \u201d\u00acWielu komentator\u00f3w zwraca\u0142o uwag\u0119 na wulgarny j\u0119zyk,\u201d\u00ad \u201d\u00acale pomini\u0119to\u201d\u00ad \u201d\u00acs\u0142owa\u201d\u00ad \u201d\u00ackluczowe s\u0142owa\u201d\u00ad \u201d\u00acOleksego:\u201d\u00ad \u201e\u201d\u00ackosmopolityczne gangi rozkrad\u0142y Polsk\u0119\u201d\u00ad\u201d\u201d\u00ac.\u201d\u00ad \u201d\u00acChocia\u017c stara\u0142em si\u0119 ten motyw nag\u0142o\u015bni\u0107,\u201d\u00ad \u201d\u00acnikt z mainstreamu go nie podj\u0105\u0142.<br \/> <br \/> <strong>Teraz jest podobnie?<br \/> <\/strong><br \/> S\u0142ucha\u0142em\u201d\u00ad \u201d\u00acdzi\u015b\u201d\u00ad \u201d\u00acw radiu TOK FM rozm\u00f3w Jana Wr\u00f3bla.\u201d\u00ad \u201d\u00acJedn\u0105 z nich przeprowadzi\u0142 z rzecznikiem Najwy\u017cszej Izby Kontroli,\u201d\u00ad \u201d\u00ackt\u00f3ry wskaza\u0142,\u201d\u00ad \u201d\u00ac\u017ce NIK wyczerpa\u0142 wszystkie kroki,\u201d\u00ad \u201d\u00acby zmusi\u0107 w\u0142adze sp\u00f3\u0142ki Elwarr do zwrotu nienale\u017cnie pobranych milionowych sum.\u201d\u00ad \u201d\u00acTa sp\u00f3\u0142ka\u201d\u00ad \u201d\u00acjest zale\u017cna od\u201d\u00ad \u201d\u00acministra rolnictwa <strong>(na zdj.)<\/strong>,\u201d\u00ad \u201d\u00aca ten podlega premierowi.\u201d\u00ad \u201d\u00acJednak dziennikarz ani przez chwil\u0119 nie dopu\u015bci\u0142 do swojej g\u0142owy my\u015bli,\u201d\u00ad \u201d\u00ac\u017ce odpowiedzialne za patologiczne\u201d\u00ad \u201d\u00acsytuacje\u201d\u00ad \u201d\u00acs\u0105 osoby maj\u0105 realne narz\u0119dzia nadzoru nad t\u0105 i\u201d\u00ad \u201d\u00acpodobnymi sp\u00f3\u0142kami.\u201d\u00ad \u201d\u00acWola\u0142 krytykowa\u0107\u201d\u00ad \u201d\u00acNIK,\u201d\u00ad \u201d\u00ac\u017ce sporz\u0105dza raporty,\u201d\u00ad \u201d\u00acz kt\u00f3rych nic nie wynika i atakowa\u0107\u201d\u00ad \u201d\u00acBeat\u0119 Szyd\u0142o z PiS,\u201d\u00ad \u201d\u00ac\u017ce opozycja nie wykorzysta\u0142a raportu NIK do nag\u0142o\u015bnienia sprawy.\u201d\u00ad<br \/> <br \/> \u201d\u00ac<strong>O czym to \u015bwiadczy\u201d\u00ad?\u201d\u00ac<br \/> <\/strong><br \/> To pokazuje,\u201d\u00ad \u201d\u00ac\u017ce w systemie w\u0142adzy w Polsce brakuj\u0105cym ogniwem jest uczciwe dziennikarstwo,\u201d\u00ad \u201d\u00ackt\u00f3re\u201d\u00ad \u201d\u00acwskazuje na osoby i mechanizmy\u201d\u00ad \u201d\u00acfaktycznie odpowiedzialne,\u201d\u00ad \u201d\u00aca nie wype\u0142nia swoje zadanie w spos\u00f3b fikcyjny.\u201d\u00ad \u201d\u00acGdy\u201d\u00ad \u201d\u00acred.\u201d\u00ad \u201d\u00acWr\u00f3bel pyta pos\u0142ank\u0119 Szyd\u0142o,\u201d\u00ad \u201d\u00acjaki jest sens powstania komisji \u015bledczej,\u201d\u00ad \u201d\u00acskoro komisja kierowana przez pos\u0142a PO Miros\u0142awa Seku\u0142\u0119 zamiot\u0142a pod dywan afer\u0119 hazardow\u0105,\u201d\u00ad \u201d\u00acto\u201d\u00ad \u201d\u00acnie powie ani s\u0142owa,\u201d\u00ad \u201d\u00ac\u017ce to\u201d\u00ad \u201d\u00acw\u0142a\u015bnie\u201d\u00ad \u201d\u00actolerancja dziennikarzy\u201d\u00ad \u201d\u00acwobec bezczelnego\u201d\u00ad \u201d\u00acnaginania procedur przez pos\u0142\u00f3w PO z komisji da\u0142a\u201d\u00ad \u201d\u00acnader szerokie\u201d\u00ad \u201d\u00acpole manewru do zatuszowania afery.\u201d\u00ad<br \/> <br \/> \u201d\u00ac<strong>Dlaczego Wr\u00f3bel tak post\u0119puje\u201d\u00ad?\u201d\u00ac<br \/> <\/strong><br \/> W\u201d\u00ad \u201d\u00acjego przypadku\u201d\u00ad \u201d\u00acpewnie\u201d\u00ad \u201d\u00acmamy do czynienia z za\u015blepieniem,\u201d\u00ad \u201d\u00ackt\u00f3re\u201d\u00ad \u201d\u00ac- tak si\u0119 sk\u0142ada\u201d\u00ad \u201d\u00ac-\u201d\u00ad \u201d\u00acjest funkcjonalne systemowo.\u201d\u00ad \u201d\u00acG\u0142osy\u201d\u00ad \u201d\u00acw\u201d\u00ad \u201d\u00acsprawie\u201d\u00ad \u201d\u00acta\u015bm PSL\u201d\u00ad \u201d\u00acmo\u017cna\u201d\u00ad \u201d\u00acpodzieli\u0107 na dwa typy.\u201d\u00ad \u201d\u00acCz\u0119stsze s\u0105 wypowiedzi maj\u0105ce na celu\u201d\u00ad \u201d\u00acumniejszenie wagi tej sprawy\u201d\u00ad \u201d\u00ac-\u201d\u00ad \u201d\u00acbo przecie\u017c demokracja w Polsce dzia\u0142a\u201d\u00ad. Wczoraj w TV pose\u0142 Andrzej Halicki z PO powiedzia\u0142:\u201d\u00ad \u201e\u201d\u00acPolska nie jest krajem afer\u201d\u00ad\u201d\u201d\u00ac.\u201d\u00ad \u201d\u00acPowtarza si\u0119 tekst z czas\u00f3w afery hazardowej:\u201d\u00ad \u201d\u00acrozmowa\u201d\u00ad \u201d\u00acukazuje pewne nieprawid\u0142owo\u015bci,\u201d\u00ad \u201d\u00acjak\u0105\u015b nieetyczno\u015b\u0107.\u201d\u00ad \u201d\u00acZnacznie rzadziej w g\u0142\u00f3wnych mediach mamy\u201d\u00ad \u201d\u00acg\u0142osy,\u201d\u00ad \u201d\u00acpr\u00f3buj\u0105ce\u201d\u00ad \u201d\u00acpokaza\u0107\u201d\u00ad \u201d\u00acg\u0142\u0119bsze\u201d\u00ad \u201d\u00acmechanizmy.\u201d\u00ad \u201d\u00acBartosz Marczuk\u201d\u00ad \u201d\u00acnapisa\u0142 w\u201d\u00ad &#8222;\u201d\u00acRzeczpospolitej\u201d\u00ad\u201d\u201d\u00ac,\u201d\u00ad \u201d\u00ac\u017ce rozmowa pokazuje powa\u017cn\u0105\u201d\u00ad \u201e\u201d\u00acniewydolno\u015b\u0107 pa\u0144stwa\u201d\u00ad \u201d\u00ac-\u201d\u00ad \u201d\u00ac\u017cadnej kontroli,\u201d\u00ad \u201d\u00ac\u017cadnych procedur zapobiegaj\u0105cych nadu\u017cyciom\u201d\u00ad\u201d\u201d\u00ac.\u201d\u00ad \u201d\u00acPrzecie\u017c Donald Tusk,\u201d\u00ad \u201d\u00acczo\u0142\u00f3wka PO oraz wielu znanych dziennikarzy doskonale\u201d\u00ad \u201d\u00acsobie z tego zdaj\u0105 spraw\u0119.\u201d\u00ad \u201d\u00acAle milcz\u0105,\u201d\u00ad \u201d\u00acgdy\u017c\u201d\u00ad \u201d\u00acs\u0105 beneficjentami chorego systemu\u201d\u00ad \u201d\u00acIII RP.\u201d\u00ad<br \/> <br \/> <strong>Czego mo\u017cna si\u0119 obecnie spodziewa\u0107?<br \/> <\/strong><br \/> W najbli\u017cszych dniach w mediach b\u0119dzie si\u0119 toczy\u0142a gra o to,\u201d\u00ad \u201d\u00ac\u017ceby z tego nagrania nie zosta\u0142y wyci\u0105gni\u0119te wnioski takie,\u201d\u00ad \u201d\u00acjak po rozmowie Michnik-Rywin.\u201d\u00ad \u201d\u00acTamto nagranie r\u00f3wnie\u017c pokaza\u0142o mechanizmy III RP.\u201d\u00ad \u201d\u00acChodzi o to,\u201d\u00ad \u201d\u00ac\u017ceby wyborcy\u201d\u00ad \u201d\u00aczbyt wyra\u017anie\u201d\u00ad \u201d\u00acsobie nie u\u015bwiadomili,\u201d\u00ad \u201d\u00acna czym polega istota rz\u0105d\u00f3w Platformy.\u201d\u00ad<br \/> <br \/> \u201d\u00ac<strong>Po raz kolejny opinia publiczna poznaje nagranie tajnych rozm\u00f3w kilka miesi\u0119cy po powstaniu.\u201d\u00ad \u201d\u00acJakie mechanizmy decyduj\u0105 o ujawnianiu takich materia\u0142\u00f3w\u201d\u00ad?\u201d\u00ac<br \/> <\/strong><br \/> Za wiarygodne uznaj\u0119 pog\u0142oski,\u201d\u00ad \u201d\u00ac\u017ce istnieje wi\u0119cej podobnych nagra\u0144.\u201d\u00ad \u201d\u00acS\u0105dz\u0119 jednak,\u201d\u00ad \u201d\u00ac\u017ce wi\u0119kszo\u015b\u0107 z nich w og\u00f3le nie zostanie\u201d\u00ad &#8222;\u201d\u00acodpalona\u201d\u00ad\u201d\u201d\u00ac.\u201d\u00ad \u201d\u00acOne s\u0105 bowiem\u201d\u00ad \u201d\u00acpotrzebne\u201d\u00ad \u201d\u00acjako instrument wzajemnych przytrzyma\u0144 politycznych\u201d\u00ad \u201d\u00aci biznesowych\u201d\u00ad \u201d\u00acszuler\u00f3w.\u201d\u00ad \u201d\u00acTo swoiste\u201d\u00ad \u201d\u00acpolisy bezpiecze\u0144stwa.\u201d\u00ad \u201d\u00acTakie nagrania wychodz\u0105 na powierzchni\u0119 w taki sam spos\u00f3b,\u201d\u00ad \u201d\u00acjak haki na agent\u00f3w.\u201d\u00ad \u201d\u00acGdy komu\u015b puszczaj\u0105 nerwy lub czuje si\u0119 zagro\u017cony na tyle,\u201d\u00ad \u201d\u00ac\u017ce ods\u0142ania r\u0105bek\u201d\u00ad \u201d\u00acrzeczywisto\u015bci.\u201d\u00ad \u201d\u00acZarazem jednak pilnuje si\u0119,\u201d\u00ad \u201d\u00acby\u201d\u00ad \u201d\u00acten,\u201d\u00ad \u201d\u00actak przyjazny szulerom,\u201d\u00ad \u201d\u00acsystem nie zosta\u0142 zdestabilizowany.\u201d\u00ad \u201d\u00acTo wa\u017cna cz\u0119\u015b\u0107 uprawiania polityki i dzia\u0142alno\u015bci gospodarczej w III RP.\u201d\u00ad<br \/> <br \/> \u201d\u00ac<strong>Jak Pan ocenia kaliber tej sprawy z punktu widzenia patologii III RP\u201d\u00ad?<br \/> <\/strong><br \/> PSL jest krytykowany na wszystkie sposoby,\u201d\u00ad \u201d\u00acale ta sprawa to przecie\u017c drobiazg,\u201d\u00ad \u201d\u00acgdy we\u017amiemy pod uwag\u0119 nigdy niewyja\u015bnione opinii publicznej powa\u017cne\u201d\u00ad \u201d\u00aczarzuty wobec Krzysztofa Bondaryka,\u201d\u00ad \u201d\u00acszefa najwi\u0119kszej\u201d\u00ad \u201d\u00acpolskiej\u201d\u00ad \u201d\u00actajnej\u201d\u00ad \u201d\u00acs\u0142u\u017cby i zadziwiaj\u0105c\u0105\u201d\u00ad \u201d\u00actu\u201d\u00ad \u201d\u00acbierno\u015b\u0107 premiera.\u201d\u00ad \u201d\u00acDr\u0105\u017c\u0105c ten w\u0105tek,\u201d\u00ad \u201d\u00acmo\u017cna\u201d\u00ad \u201d\u00acnatur\u0119 systemu III RP\u201d\u00ad \u201d\u00aczrozumie\u0107 znacznie g\u0142\u0119biej.<br \/> <br \/> Rozmawia\u0142 sa\u017c<\/p>","protected":false},"excerpt":{"rendered":"W mediach b\u0119dzie si\u0119 toczy\u0142a gra o to,\u201d\u00ad \u201d\u00ac\u017ceby z tego nagrania nie zosta\u0142y wyci\u0105gni\u0119te wnioski takie,\u201d\u00ad \u201d\u00acjak po rozmowie Michnik-Rywin. \u201d\u00acChodzi o to,\u201d\u00ad \u201d\u00ac\u017ceby wyborcy\u201d\u00ad \u201d\u00aczbyt wyra\u017anie\u201d\u00ad \u201d\u00acsobie nie u\u015bwiadomili,\u201d\u00ad \u201d\u00acna czym polega istota rz\u0105d\u00f3w Platformy &#8211; m\u00f3wi portalowi Stefczyk.info i wPolityce.pl socjolog prof. Andrzej Zybertowicz. Stefczyk.info wPolityce.pl:\u201d\u00ad \u201d\u00acPolska debata publiczna \u017cyje ta\u015bmami,\u201d\u00ad \u201d\u00acna [&hellip;]","protected":false},"author":1,"featured_media":0,"comment_status":"closed","ping_status":"closed","sticky":false,"template":"","format":"standard","meta":{"_acf_changed":false,"_monsterinsights_skip_tracking":false,"_monsterinsights_sitenote_active":false,"_monsterinsights_sitenote_note":"","_monsterinsights_sitenote_category":0,"ngg_post_thumbnail":0,"footnotes":"","_wp_rev_ctl_limit":""},"categories":[9],"tags":[92],"acf":[],"_links":{"self":[{"href":"https:\/\/www.bibula.com\/index.php?rest_route=\/wp\/v2\/posts\/58952"}],"collection":[{"href":"https:\/\/www.bibula.com\/index.php?rest_route=\/wp\/v2\/posts"}],"about":[{"href":"https:\/\/www.bibula.com\/index.php?rest_route=\/wp\/v2\/types\/post"}],"author":[{"embeddable":true,"href":"https:\/\/www.bibula.com\/index.php?rest_route=\/wp\/v2\/users\/1"}],"replies":[{"embeddable":true,"href":"https:\/\/www.bibula.com\/index.php?rest_route=%2Fwp%2Fv2%2Fcomments&post=58952"}],"version-history":[{"count":0,"href":"https:\/\/www.bibula.com\/index.php?rest_route=\/wp\/v2\/posts\/58952\/revisions"}],"wp:attachment":[{"href":"https:\/\/www.bibula.com\/index.php?rest_route=%2Fwp%2Fv2%2Fmedia&parent=58952"}],"wp:term":[{"taxonomy":"category","embeddable":true,"href":"https:\/\/www.bibula.com\/index.php?rest_route=%2Fwp%2Fv2%2Fcategories&post=58952"},{"taxonomy":"post_tag","embeddable":true,"href":"https:\/\/www.bibula.com\/index.php?rest_route=%2Fwp%2Fv2%2Ftags&post=58952"}],"curies":[{"name":"wp","href":"https:\/\/api.w.org\/{rel}","templated":true}]}}