{"id":58949,"date":"2012-07-18T09:33:41","date_gmt":"2012-07-18T14:33:41","guid":{"rendered":"http:\/\/www.bibula.com\/?p=58949"},"modified":"2012-07-18T09:33:54","modified_gmt":"2012-07-18T14:33:54","slug":"system-monitorowania-dzieci-czyli-%e2%80%9epelna-inwigilacja%e2%80%9d","status":"publish","type":"post","link":"https:\/\/www.bibula.com\/?p=58949","title":{"rendered":"System monitorowania dzieci, czyli \u201epe\u0142na inwigilacja&#8221;"},"content":{"rendered":"<p><strong>\u201ePe\u0142n\u0105 inwigilacj\u0105\u201d nazwa\u0142 Generalny Inspektor Ochrony Danych Osobowych projekt centralnego systemu monitorowania dzieci, nad kt\u00f3rym pracuje ministerstwo pracy. &#8211; <em>Nie podoba mi si\u0119 zw\u0142aszcza to, \u017ce zakres zbieranych danych ma by\u0107 w nim tak szeroki: od interwencji policyjnych po wykaz obowi\u0105zkowych szczepie\u0144 i informacji medycznych<\/em> &#8211; m\u00f3wi dr Wojciech Rafa\u0142 Wiewi\u00f3rowski w wywiadzie dla dziennika \u201eRzeczpospolita\u201d.<\/strong><\/p>\r\n<p>Wed\u0142ug Generalnego Inspektora Ochrony Danych Osobowych, pomys\u0142 utworzenia centralnego systemu monitorowania dzieci jest absurdalny. &#8211; <em>Artyku\u0142 51 Konstytucji wyra\u017anie stanowi, \u017ce o obywatelu mo\u017cna zbiera\u0107 tylko te informacje, kt\u00f3re s\u0105 niezb\u0119dne w demokratycznym pa\u0144stwie prawa. Zatem, je\u015bli taki system mia\u0142by by\u0107 stworzony, nale\u017ca\u0142o by wykaza\u0107, \u017ce dalsze funkcjonowanie pa\u0144stwa bez jego powstania, \u0142\u0105cz\u0105cego si\u0119 z daleko id\u0105c\u0105 ingerencj\u0105 w prywatno\u015b\u0107 rodzin, nie jest mo\u017cliwe<\/em> &#8211; podkre\u015bla Wiewi\u00f3rowski. Jego zdaniem, taki centralny system nie zapobiegnie tragediom, kt\u00f3rych ofiarami padaj\u0105 dzieci.<\/p>\r\n<p>Wiewi\u00f3rowski przypomina, \u017ce w zesz\u0142ym roku we wszystkich gminach mia\u0142y zosta\u0107 uruchomione zespo\u0142y interdyscyplinarne, kt\u00f3re mia\u0142y zbiera\u0107 i przetwarza\u0107 informacje o przemocy w rodzinie. &#8211; <em>Przewidziano te\u017c wprowadzenie tzw. niebieskich kart, zak\u0142adanych przez policj\u0119, pracownik\u00f3w socjalnych, nauczycieli czy lekarzy. Okazuje si\u0119, \u017ce najcz\u0119\u015bciej z tego uprawnienia korzysta policja, a inne podmioty raczej sporadycznie. Zatem jest to raczej problem organizacyjny. Z naszych informacji wynika, \u017ce zaledwie co trzecia gmina, kt\u00f3ra stworzy\u0142a system przeciwdzia\u0142ania przemocy w rodzinie, we w\u0142a\u015bciwy spos\u00f3b wype\u0142nia swoje obowi\u0105zki, wynikaj\u0105ce z ustawy o ochronie danych osobowych<\/em> &#8211; m\u00f3wi Generalny Inspektor Ochrony Danych Osobowych, dodaj\u0105c, \u017ce jesieni\u0105 przeprowadzone zostan\u0105 kontrole w gminach. Je\u015bli oka\u017ce si\u0119, \u017ce te dane s\u0105 chronione w niedostateczny spos\u00f3b, to kartoteki takie b\u0119d\u0105 musia\u0142y by\u0107 zlikwidowane.<\/p>\r\n<p>Wed\u0142ug Wiewi\u00f3rowskiego, \u201eznalezienie si\u0119 w takim rejestrze stygmatyzuje dziecko z powodu rzeczy, kt\u00f3rych ono nigdy nie zrobi\u0142o, a wy\u0142\u0105cznie dlatego, \u017ce doro\u015bli &#8211; jego rodzice czy opiekunowie &#8211; zachowali si\u0119 wobec niego w nieodpowiedni spos\u00f3b\u201d. &#8211; <em>Obawiam si\u0119 tak\u017ce, \u017ce zebrane w ten spos\u00f3b informacje b\u0119d\u0105 wp\u0142ywa\u0107 na ca\u0142e jego dalsze \u017cycie. Automatycznie ten, kto by\u0142 ofiar\u0105 przemocy, b\u0119dzie traktowany te\u017c jako potencjalny sprawca w doros\u0142ym \u017cyciu. W konsekwencji b\u0119dzie m\u00f3g\u0142 mie\u0107 k\u0142opoty np. ze znalezieniem pracy w administracji, policji, czy s\u0142u\u017cbach specjalnych. I nie m\u00f3wimy tu o wycieku danych, tylko o korzystaniu z nich przez uprawnione do tego podmioty, kt\u00f3re maj\u0105 do rejestr\u00f3w legalny dost\u0119p &#8211; <\/em>podkre\u015bla.<\/p>\r\n<p>&#8211; <em>Dziecko, tak jak ka\u017cdy doros\u0142y jest obywatelem i ma swoje prawa. Zapewne wszczepienie dziecku chipa, \u017ceby \u0142atwiej go by\u0142o monitorowa\u0107, by\u0142oby jeszcze \u201eskuteczniejszym&#8221; sposobem dzia\u0142ania, ale nie powinno mie\u015bci\u0107 si\u0119 w polskiej i europejskiej kulturze prawnej &#8211; <\/em>stwierdza Generalny Inspektor Ochrony Danych Osobowych.<\/p>\r\n<p>\u0179r\u00f3d\u0142o: \u201eRzeczpospolita\u201d<\/p>\r\n<p>pam<\/p>","protected":false},"excerpt":{"rendered":"\u201ePe\u0142n\u0105 inwigilacj\u0105\u201d nazwa\u0142 Generalny Inspektor Ochrony Danych Osobowych projekt centralnego systemu monitorowania dzieci, nad kt\u00f3rym pracuje ministerstwo pracy. &#8211; Nie podoba mi si\u0119 zw\u0142aszcza to, \u017ce zakres zbieranych danych ma by\u0107 w nim tak szeroki: od interwencji policyjnych po wykaz obowi\u0105zkowych szczepie\u0144 i informacji medycznych &#8211; m\u00f3wi dr Wojciech Rafa\u0142 Wiewi\u00f3rowski w wywiadzie dla dziennika [&hellip;]","protected":false},"author":1,"featured_media":0,"comment_status":"closed","ping_status":"closed","sticky":false,"template":"","format":"standard","meta":{"_acf_changed":false,"_monsterinsights_skip_tracking":false,"_monsterinsights_sitenote_active":false,"_monsterinsights_sitenote_note":"","_monsterinsights_sitenote_category":0,"ngg_post_thumbnail":0,"footnotes":"","_wp_rev_ctl_limit":""},"categories":[8],"tags":[92,351],"acf":[],"_links":{"self":[{"href":"https:\/\/www.bibula.com\/index.php?rest_route=\/wp\/v2\/posts\/58949"}],"collection":[{"href":"https:\/\/www.bibula.com\/index.php?rest_route=\/wp\/v2\/posts"}],"about":[{"href":"https:\/\/www.bibula.com\/index.php?rest_route=\/wp\/v2\/types\/post"}],"author":[{"embeddable":true,"href":"https:\/\/www.bibula.com\/index.php?rest_route=\/wp\/v2\/users\/1"}],"replies":[{"embeddable":true,"href":"https:\/\/www.bibula.com\/index.php?rest_route=%2Fwp%2Fv2%2Fcomments&post=58949"}],"version-history":[{"count":0,"href":"https:\/\/www.bibula.com\/index.php?rest_route=\/wp\/v2\/posts\/58949\/revisions"}],"wp:attachment":[{"href":"https:\/\/www.bibula.com\/index.php?rest_route=%2Fwp%2Fv2%2Fmedia&parent=58949"}],"wp:term":[{"taxonomy":"category","embeddable":true,"href":"https:\/\/www.bibula.com\/index.php?rest_route=%2Fwp%2Fv2%2Fcategories&post=58949"},{"taxonomy":"post_tag","embeddable":true,"href":"https:\/\/www.bibula.com\/index.php?rest_route=%2Fwp%2Fv2%2Ftags&post=58949"}],"curies":[{"name":"wp","href":"https:\/\/api.w.org\/{rel}","templated":true}]}}