{"id":5890,"date":"2009-01-26T12:40:27","date_gmt":"2009-01-26T17:40:27","guid":{"rendered":"http:\/\/www.bibula.com\/?p=5890"},"modified":"2009-01-26T12:40:27","modified_gmt":"2009-01-26T17:40:27","slug":"watykan-krytykuje-obame-za-wspieranie-mordowania-nienarodzonych","status":"publish","type":"post","link":"https:\/\/www.bibula.com\/?p=5890","title":{"rendered":"Watykan krytykuje Obam\u0119 za wspieranie mordowania nienarodzonych"},"content":{"rendered":"<p><span style=\"font-weight: bold;\">Prezydent USA Barack Obama zni\u00f3s\u0142 zakaz finansowania z funduszy federalnych dzia\u0142alno\u015bci klinik i organizacji dokonuj\u0105cych aborcji lub zapewniaj\u0105cych doradztwo w tej dziedzinie. Decyzja spotka\u0142a si\u0119 z krytyk\u0105 Watykanu.<\/span><br \/>\r\n <br \/>\r\n W wywiadzie dla dziennika \u201eCorriere della Sera\u201d komentuje decyzj\u0119 prezes Papieskiej Akademii \u201ePro Vita\u201d.<br \/>\r\n <br \/>\r\n \u201eJe\u017celi to jest jeden z pierwszych akt\u00f3w prezydenta Obamy, to z ca\u0142ym nale\u017cnym szacunkiem musz\u0119 powiedzie\u0107, \u017ce to tylko krok do rozczarowania. Je\u015bli wyst\u0119puje si\u0119 s\u0142usznie w roli obro\u0144cy godno\u015bci cz\u0142owieka, mo\u017cna si\u0119 spodziewa\u0107, \u017ce prawo to obejmowa\u0107 b\u0119dzie wszystkich, bez dyskryminacji ani wewn\u0119trznych sprzeczno\u015bci\u201d &#8211; powiedzia\u0142 abp Fisichella.<br \/>\r\n<\/p>\r\n\r\n<p><img decoding=\"async\" class=\"alignleft\" src=\"http:\/\/www.konserwatyzm.pl\/files\/images\/1215_480.png\" alt=\"\" width=\"196\" height=\"176\" align=\"left\" \/><\/p>\r\n\r\n<p>Po decyzji o zamkni\u0119ciu wi\u0119zienia w Guantanamo mo\u017cna by\u0142o oczekiwa\u0107, \u017ce podobn\u0105 trosk\u0105 prezydent otoczy tak\u017ce rodz\u0105ce si\u0119 \u017cycie, doda\u0142 w\u0142oski hierarcha. Tymczasem Barack Obama \u201ez arogancj\u0105 kogo\u015b, kto uwa\u017ca, \u017ce ma racj\u0119, z\u0142o\u017cy\u0142 podpis na dekrecie, kt\u00f3ry de facto jest dalszym otwarciem na aborcj\u0119, a zatem na zag\u0142ad\u0119 istot ludzkich\u201d. Na uwag\u0119 rozm\u00f3wcy, \u017ce wi\u0119kszo\u015b\u0107 katolik\u00f3w ameryka\u0144skich g\u0142osowa\u0142a na kandydata demokrat\u00f3w, arcybiskup zauwa\u017cy\u0142, \u017ce w kampanii wyborczej nie by\u0142o temat\u00f3w etycznych.<br \/>\r\n <br \/>\r\n Krytycznie posuni\u0119cie nowego ameryka\u0144skiego prezydenta oceni\u0142 tak\u017ce by\u0142y prezes Akademii \u201ePro Vita\u201d, bp Elio Sgreccia. \u201eSpo\u015br\u00f3d tylu dobrych rzeczy, kt\u00f3re m\u00f3g\u0142 zrobi\u0107, Barack Obama wybra\u0142 najgorsz\u0105\u201d &#8211; powiedzia\u0142 w\u0142oski hierarcha agencji ANSA.<br \/>\r\n <br \/>\r\n \u201eTo powa\u017cny cios nie tylko dla nas, katolik\u00f3w, ale dla os\u00f3b, kt\u00f3re na ca\u0142ym \u015bwiecie walcz\u0105 z rzezi\u0105 niewini\u0105tek, jaka dokonuje si\u0119 poprzez aborcj\u0119\u201d, doda\u0142 bp Sgreccia. Przypomina\u0142 jednocze\u015bnie, \u017ce \u201eprawo do \u017cycia jest pierwszym, kt\u00f3re nale\u017cy chroni\u0107 i broni\u0107\u201d. Zacytowa\u0142 najnowszy sonda\u017c, przeprowadzony na zam\u00f3wienie ameryka\u0144skiego episkopatu, z kt\u00f3rego wynika, \u017ce \u201e80 procent obywateli Stan\u00f3w Zjednoczonych przeciwnych jest aborcji\u201d.<br \/>\r\n <br \/>\r\n \u201eZ ca\u0142ym szacunkiem dla polityki Obamy, to co\u015b, o czym jako Ko\u015bci\u00f3\u0142 musimy m\u00f3wi\u0107\u201d &#8211; stwierdzi\u0142 bp Elio Sgreccia.<br \/>\r\n <br \/>\r\n info.wiara.pl<\/p>\r\n\r\n<p><br class=\"spacer_\" \/><\/p>\r\n\r\n<p><br class=\"spacer_\" \/><\/p>\r\n\r\n<p>Za: <a href=\"http:\/\/www.konserwatyzm.pl\/aktualnosci.php\/Wiadomosc\/2051\/\" target=\"_blank\">Konserwatyzm.pl<\/a><\/p>\r\n\r\n<p><br class=\"spacer_\" \/><\/p>","protected":false},"excerpt":{"rendered":"Prezydent USA Barack Obama zni\u00f3s\u0142 zakaz finansowania z funduszy federalnych dzia\u0142alno\u015bci klinik i organizacji dokonuj\u0105cych aborcji lub zapewniaj\u0105cych doradztwo w tej dziedzinie. Decyzja spotka\u0142a si\u0119 z krytyk\u0105 Watykanu. W wywiadzie dla dziennika \u201eCorriere della Sera\u201d komentuje decyzj\u0119 prezes Papieskiej Akademii \u201ePro Vita\u201d. \u201eJe\u017celi to jest jeden z pierwszych akt\u00f3w prezydenta Obamy, to z ca\u0142ym nale\u017cnym [&hellip;]","protected":false},"author":1,"featured_media":0,"comment_status":"closed","ping_status":"closed","sticky":false,"template":"","format":"standard","meta":{"_acf_changed":false,"_monsterinsights_skip_tracking":false,"_monsterinsights_sitenote_active":false,"_monsterinsights_sitenote_note":"","_monsterinsights_sitenote_category":0,"ngg_post_thumbnail":0,"footnotes":"","_wp_rev_ctl_limit":""},"categories":[3],"tags":[94,21],"acf":[],"_links":{"self":[{"href":"https:\/\/www.bibula.com\/index.php?rest_route=\/wp\/v2\/posts\/5890"}],"collection":[{"href":"https:\/\/www.bibula.com\/index.php?rest_route=\/wp\/v2\/posts"}],"about":[{"href":"https:\/\/www.bibula.com\/index.php?rest_route=\/wp\/v2\/types\/post"}],"author":[{"embeddable":true,"href":"https:\/\/www.bibula.com\/index.php?rest_route=\/wp\/v2\/users\/1"}],"replies":[{"embeddable":true,"href":"https:\/\/www.bibula.com\/index.php?rest_route=%2Fwp%2Fv2%2Fcomments&post=5890"}],"version-history":[{"count":0,"href":"https:\/\/www.bibula.com\/index.php?rest_route=\/wp\/v2\/posts\/5890\/revisions"}],"wp:attachment":[{"href":"https:\/\/www.bibula.com\/index.php?rest_route=%2Fwp%2Fv2%2Fmedia&parent=5890"}],"wp:term":[{"taxonomy":"category","embeddable":true,"href":"https:\/\/www.bibula.com\/index.php?rest_route=%2Fwp%2Fv2%2Fcategories&post=5890"},{"taxonomy":"post_tag","embeddable":true,"href":"https:\/\/www.bibula.com\/index.php?rest_route=%2Fwp%2Fv2%2Ftags&post=5890"}],"curies":[{"name":"wp","href":"https:\/\/api.w.org\/{rel}","templated":true}]}}