{"id":58873,"date":"2012-07-16T21:09:57","date_gmt":"2012-07-17T02:09:57","guid":{"rendered":"http:\/\/www.bibula.com\/?p=58873"},"modified":"2012-07-16T17:20:21","modified_gmt":"2012-07-16T22:20:21","slug":"polsko-ukrainskie-pojednanie-i-rzez-wolynska","status":"publish","type":"post","link":"https:\/\/www.bibula.com\/?p=58873","title":{"rendered":"Polsko-ukrai\u0144skie pojednanie i &#8222;rze\u017a wo\u0142y\u0144ska&#8221;"},"content":{"rendered":"<p>We wsp\u00f3\u0142czesnej \u015bwiadomo\u015bci Polak\u00f3w najbardziej tragiczn\u0105 kulminacj\u0105 wrogo\u015bci pomi\u0119dzy naszymi narodami jest &#8222;tragedia wo\u0142y\u0144ska&#8221;. Tragiczne wydarzenia mia\u0142y miejsce g\u0142\u00f3wnie w latach 1942-43 na terenach praktycznie ca\u0142ego ukrai\u0144skiego Polesia. Polacy okre\u015blaj\u0105 te wydarzenia jako &#8222;rze\u017a wo\u0142y\u0144ska&#8221; przede wszystkim dlatego, \u017ce ofiarami tej antypolskiej akcji sta\u0142a si\u0119 w wi\u0119kszo\u015bci bezbronna ludno\u015b\u0107 wo\u0142y\u0144skich wiosek: m\u0119\u017cczy\u017ani i kobiety, ludzie starsi i dzieci.<\/p>\r\n<p>Wi\u0119kszo\u015b\u0107 polskich historyk\u00f3w przychyla si\u0119 do tego, \u017ce akcj\u0119 inicjowali i rozpocz\u0119li Ukrai\u0144cy z UPA, a aktywnie wspomagali ich miejscowi ch\u0142opi. Do takiej sytuacji doprowadzi\u0142a inicjowana przez kr\u0119gi nacjonalistyczne propaganda, aby uwolni\u0107 ziemie ukrai\u0144skie od \u017cywio\u0142u polskiego, \u017ceby w przysz\u0142o\u015bci Polska nie mog\u0142a pretendowa\u0107 na te tereny.<\/p>\r\n<p>Wed\u0142ug polskich \u017ar\u00f3de\u0142, antypolska akcja obj\u0119\u0142a ponad 4600 osad i nabra\u0142a form masowego wyniszczania ludno\u015bci cywilnej z cechami szczeg\u00f3lnego okrucie\u0144stwa. Z opowie\u015bci poszczeg\u00f3lnych \u015bwiadk\u00f3w, kt\u00f3rym uda\u0142o si\u0119 prze\u017cy\u0107, krew zamiera w \u017cy\u0142ach. Jak stwierdzi\u0142 jeden ze wsp\u00f3\u0142czesnych polskich publicyst\u00f3w: \u201eMog\u0119 zrozumie\u0107, po co oni to robili, ale nie rozumiem dlaczego tak okrutnie?\u201d.<\/p>\r\n<p>W Polsce &#8211; i komunistycznej i w niepodleg\u0142ej &#8211; kilka razy pr\u00f3bowano inicjowa\u0107 \u015bledztwo w tej sprawie, ale nie znaleziono nikogo winnego i nie ukarano nikogo. Inn\u0105 rzecz\u0105 jest odpowiedzialno\u015b\u0107 moralna, od kt\u00f3rej nikt nas nie uwolni\u0142. Polacy, kt\u00f3rzy ocaleli, ani ich rodziny, nigdy nie us\u0142yszeli od Ukrai\u0144c\u00f3w s\u0142\u00f3w przeprosin. Prezydenci Kuczma i Kwa\u015bniewski wykonali jaki\u015b rytualny taniec nad mogi\u0142ami pomordowanych we wsi Pawliwka (Poryck &#8211; red.), w czasie obchod\u00f3w 60. rocznicy tragedii, ale s\u0142owo \u201ePrzepraszam!\u201d tam tak i nie pad\u0142o. Wtedy te\u017c parlamenty: polski i ukrai\u0144ski stara\u0142y si\u0119 og\u0142osi\u0107 wsp\u00f3ln\u0105 uchwa\u0142\u0119 z tej okazji, ale wysz\u0142o z tego, jak zawsze, tanie polityczne przedstawienie, kt\u00f3re nikogo nie usatysfakcjonowa\u0142o. Hierarchowie Ko\u015bcio\u0142\u00f3w rzymskokatolickiego i greckokatolickiego zwr\u00f3cili si\u0119 z odezw\u0105 do wiernych o pojednanie. Po 2004 roku swe rytualne ta\u0144ce nad mogi\u0142ami odprawili te\u017c prezydenci Juszczenko i Kaczy\u0144ski, ale te\u017c &#8211; bez konkretnych wynik\u00f3w.<\/p>\r\n<p>Zbli\u017ca si\u0119 70. rocznica, kt\u00f3r\u0105 b\u0119dziemy obchodzi\u0107 w nast\u0119pnym roku. Ju\u017c dzi\u015b wida\u0107, jak wiele os\u00f3b w Polsce bole\u015bnie odczuwa krzywdy, zadane przez Ukrai\u0144c\u00f3w w tamtych latach. To uczucie niesprawiedliwo\u015bci &#8211; gdy s\u0105 ofiary, a nie ma winnych &#8211; nie pozostaje niezauwa\u017cone przez polskich polityk\u00f3w, dzia\u0142aczy spo\u0142ecznych i media. Nie pozostanie bez uwagi ca\u0142ego polskiego spo\u0142ecze\u0144stwa.<\/p>\r\n<p>Przed kilkoma dniami Rada Miejska Krakowa przyj\u0119\u0142a rezolucj\u0119, w kt\u00f3rej zwraca si\u0119 do prezydenta i Sejmu RP aby dzie\u0144 11 lipca czci\u0107 jako Dzie\u0144 Pami\u0119ci M\u0119cze\u0144stwa Kresowian, \u017ceby odda\u0107 cze\u015b\u0107 \u201ewszystkim ofiarom, okrutnie pomordowanym przez ukrai\u0144skich nacjonalist\u00f3w spod znaku OUN-UPA\u201d. Jest to pierwsza oznaka tego, \u017ce w lipcu 2013 roku w polsko-ukrai\u0144skich stosunkach zn\u00f3w zrobi si\u0119 gor\u0105co.<\/p>\r\n<p>Jak mo\u017cemy zmieni\u0107 t\u0119 nieprzyjemn\u0105 sytuacj\u0119, kt\u00f3ra powtarza si\u0119 z roku na rok, a szczeg\u00f3lnego rozd\u017awi\u0119ku nabiera w czasie jubileuszy? Przecie\u017c Polska &#8211; to nie przesadzaj\u0105c, nasz jedyny prawdziwy przyjaciel i partner za zachodni\u0105 granic\u0105. Pa\u0144stwo i nar\u00f3d od kt\u00f3rych oczekujemy pomocy, nie mo\u017ce mie\u0107 do nas \u017calu o krzywdy historyczne. Musimy ten problem jako\u015b rozwi\u0105za\u0107.<\/p>\r\n<p>Ale co my, mieszka\u0144cy Ukrainy, mieliby\u015bmy zrobi\u0107, \u017ceby problem rozwi\u0105za\u0107 w spos\u00f3b cywilizowany? Co powinni zrobi\u0107 przedstawiciele oficjalnej Ukrainy, a tak\u017ce przeci\u0119tni obywatele, \u017ceby wra\u017cliwi na temat \u201erzezi wo\u0142y\u0144skiej\u201d Polacy odczuli satysfakcj\u0119? Przy jakich okoliczno\u015bciach temat tragedii wo\u0142y\u0144skiej mo\u017cemy zabra\u0107 politykom i przekaza\u0107 historykom? Na ten temat pom\u00f3wimy na kolejnym posiedzeniu galicyjskiego Klubu Dyskusyjnego \u201eMytusa\u201d 23 lipca br.<\/p>\r\n<p><em><strong>Wo\u0142odymyr Pawliw<\/strong><\/em><br \/>moderator klubu \u201eMytusa\u201d <\/p>\r\n<p>Kuriergalicyjski.com\/Kresy.pl<\/p>","protected":false},"excerpt":{"rendered":"We wsp\u00f3\u0142czesnej \u015bwiadomo\u015bci Polak\u00f3w najbardziej tragiczn\u0105 kulminacj\u0105 wrogo\u015bci pomi\u0119dzy naszymi narodami jest &#8222;tragedia wo\u0142y\u0144ska&#8221;. Tragiczne wydarzenia mia\u0142y miejsce g\u0142\u00f3wnie w latach 1942-43 na terenach praktycznie ca\u0142ego ukrai\u0144skiego Polesia. Polacy okre\u015blaj\u0105 te wydarzenia jako &#8222;rze\u017a wo\u0142y\u0144ska&#8221; przede wszystkim dlatego, \u017ce ofiarami tej antypolskiej akcji sta\u0142a si\u0119 w wi\u0119kszo\u015bci bezbronna ludno\u015b\u0107 wo\u0142y\u0144skich wiosek: m\u0119\u017cczy\u017ani i kobiety, ludzie [&hellip;]","protected":false},"author":1,"featured_media":0,"comment_status":"closed","ping_status":"closed","sticky":false,"template":"","format":"standard","meta":{"_acf_changed":false,"_monsterinsights_skip_tracking":false,"_monsterinsights_sitenote_active":false,"_monsterinsights_sitenote_note":"","_monsterinsights_sitenote_category":0,"ngg_post_thumbnail":0,"footnotes":"","_wp_rev_ctl_limit":""},"categories":[215],"tags":[92,167,17],"acf":[],"_links":{"self":[{"href":"https:\/\/www.bibula.com\/index.php?rest_route=\/wp\/v2\/posts\/58873"}],"collection":[{"href":"https:\/\/www.bibula.com\/index.php?rest_route=\/wp\/v2\/posts"}],"about":[{"href":"https:\/\/www.bibula.com\/index.php?rest_route=\/wp\/v2\/types\/post"}],"author":[{"embeddable":true,"href":"https:\/\/www.bibula.com\/index.php?rest_route=\/wp\/v2\/users\/1"}],"replies":[{"embeddable":true,"href":"https:\/\/www.bibula.com\/index.php?rest_route=%2Fwp%2Fv2%2Fcomments&post=58873"}],"version-history":[{"count":0,"href":"https:\/\/www.bibula.com\/index.php?rest_route=\/wp\/v2\/posts\/58873\/revisions"}],"wp:attachment":[{"href":"https:\/\/www.bibula.com\/index.php?rest_route=%2Fwp%2Fv2%2Fmedia&parent=58873"}],"wp:term":[{"taxonomy":"category","embeddable":true,"href":"https:\/\/www.bibula.com\/index.php?rest_route=%2Fwp%2Fv2%2Fcategories&post=58873"},{"taxonomy":"post_tag","embeddable":true,"href":"https:\/\/www.bibula.com\/index.php?rest_route=%2Fwp%2Fv2%2Ftags&post=58873"}],"curies":[{"name":"wp","href":"https:\/\/api.w.org\/{rel}","templated":true}]}}