{"id":58822,"date":"2012-07-16T09:24:56","date_gmt":"2012-07-16T14:24:56","guid":{"rendered":"http:\/\/www.bibula.com\/?p=58822"},"modified":"2012-07-16T09:24:56","modified_gmt":"2012-07-16T14:24:56","slug":"restytucja-mienia-koscielnego-po-czesku","status":"publish","type":"post","link":"https:\/\/www.bibula.com\/?p=58822","title":{"rendered":"Restytucja mienia ko\u015bcielnego po czesku"},"content":{"rendered":"<p><strong>Ni\u017csza izba czeskiego parlamentu zatwierdzi\u0142a ustaw\u0119 o restytucji mienia ko\u015bcielnego oraz gmin \u017cydowskich. Przyj\u0119cie rz\u0105dowych propozycji nast\u0105pi\u0142o po wielogodzinnej, burzliwej debacie. Pa\u0144stwo przeka\u017ce spo\u0142eczno\u015bciom wyznaniowym maj\u0105tek szacowany na 5,5 mld euro. W zamian od 2030 roku przestanie finansowa\u0107 ich dzia\u0142alno\u015b\u0107.<\/strong> <br \/><br \/> Rz\u0105d premiera Petra Nec\u00cb\u2122 asa zawar\u0142 porozumienie z Ko\u015bcio\u0142ami po 20 latach skomplikowanych negocjacji. Program restytucji mienia wsp\u00f3lnot religijnych ma naprawi\u0107 krzywdy wyrz\u0105dzone im przez totalitarny re\u017cim. Sprawa ta budzi jednak spore kontrowersje i silny op\u00f3r lewicy.<\/p>\r\n<p>Za wnioskiem rz\u0105du g\u0142osowa\u0142o w sobot\u0119 93 deputowanych centroprawicowej koalicji. Przeciw by\u0142o 89 pos\u0142\u00f3w, g\u0142\u00f3wnie lewicowych. Projekt przeforsowano dopiero za pi\u0105tym razem po wielu miesi\u0105cach debaty blokowanej przez lewicow\u0105 opozycj\u0119. Decyzj\u0119 Izby Poselskiej mo\u017ce jeszcze odrzuci\u0107 Senat, w kt\u00f3rym przewag\u0119 maj\u0105 deputowani lewicy.<\/p>\r\n<p>Jak informuje Radio Watyka\u0144skie, o\u015bwiadczenie w tej sprawie wyda\u0142 przewodnicz\u0105cy czeskiego Episkopatu ks. kard. Dominik Duka. Wyrazi\u0142 w nim ubolewanie, \u017ce debata nad restytucj\u0105 nie by\u0142a rzeczowa. Przypomnia\u0142 te\u017c, \u017ce przyj\u0119ta ustawa &#8222;ma posta\u0107 kompromisu, kt\u00f3ry pozwoli z jednej strony uregulowa\u0107 prawa maj\u0105tkowe, a z drugiej zdejmie z pa\u0144stwa obowi\u0105zek wyp\u0142acania pensji duchownym&#8221;.<\/p>\r\n<p>Podczas burzliwej, wielogodzinnej nocnej debaty lewicowa opozycja argumentowa\u0142a, \u017ce pa\u0144stwa nie sta\u0107 na tak &#8222;szczodry gest&#8221;, poniewa\u017c bud\u017cet znajduje si\u0119 w trudnej sytuacji. Przewodnicz\u0105cy Czeskiej Partii Socjaldemokratycznej (CSSD) Bohuslav Sobotka przywo\u0142ywa\u0142 badania, z kt\u00f3rych wynika, \u017ce 80 proc. Czech\u00f3w nie popiera restytucji. W trakcie debaty przesz\u0142a poprawka parlamentarnej komisji ustawodawczej wprowadzaj\u0105ca zasad\u0119, \u017ce &#8222;ko\u015bcio\u0142y musz\u0105 przedstawi\u0107 w czasie przejmowania maj\u0105tku wiarygodne dokumenty, i\u017c by\u0142 on ich w\u0142asno\u015bci\u0105&#8221;.<br \/> <br \/> <strong>Zwrot cz\u0119\u015bciowy<\/strong><\/p>\r\n<p>Do aktu dziejowej sprawiedliwo\u015bci dochodzi 21 lat po upadku komunizmu. Czeskie pa\u0144stwo zwr\u00f3ci Ko\u015bcio\u0142om chrze\u015bcija\u0144skim i gminom \u017cydowskim zagrabiony i znacjonalizowany maj\u0105tek szacowany na 3 mld euro oraz wyp\u0142aci odszkodowania w wysoko\u015bci 2,5 mld euro. Chodzi o 2,5 tys. budynk\u00f3w, 175 tys. hektar\u00f3w las\u00f3w i 25 tys. hektar\u00f3w ziemi. W przewa\u017caj\u0105cej wi\u0119kszo\u015bci s\u0105 to dobra Ko\u015bcio\u0142a katolickiego. Zwrot maj\u0105tku dokonywa\u0107 si\u0119 b\u0119dzie stopniowo. Oko\u0142o 56 proc. maj\u0105tku zostanie przekazane w naturze, za\u015b przez 30 lat skarb pa\u0144stwa b\u0119dzie wyp\u0142aca\u0107 odszkodowanie za obiekty, kt\u00f3rych nie da si\u0119 odzyska\u0107.<\/p>\r\n<p>W ci\u0105gu trzech pierwszych lat, pocz\u0105wszy od przysz\u0142ego roku, pa\u0144stwo b\u0119dzie wyp\u0142aca\u0142o Ko\u015bcio\u0142om \u0142\u0105cznie 57,8 mln euro rocznie. Od roku 2016 wspomniana kwota b\u0119dzie obni\u017cana corocznie o 5 procent. Jednocze\u015bnie od roku 2013 pa\u0144stwo b\u0119dzie obni\u017ca\u0107 pensje duchownym i pracownikom instytucji ko\u015bcielnych, a\u017c do ca\u0142kowitego wycofania si\u0119 z finansowania ich dzia\u0142alno\u015bci w roku 2030. Obecnie na te cele przeznacza si\u0119 z bud\u017cetu pa\u0144stwa oko\u0142o 60 mln euro.<\/p>\r\n<p><strong><em>Piotr Falkowski<\/em><\/strong><\/p>","protected":false},"excerpt":{"rendered":"Ni\u017csza izba czeskiego parlamentu zatwierdzi\u0142a ustaw\u0119 o restytucji mienia ko\u015bcielnego oraz gmin \u017cydowskich. Przyj\u0119cie rz\u0105dowych propozycji nast\u0105pi\u0142o po wielogodzinnej, burzliwej debacie. Pa\u0144stwo przeka\u017ce spo\u0142eczno\u015bciom wyznaniowym maj\u0105tek szacowany na 5,5 mld euro. W zamian od 2030 roku przestanie finansowa\u0107 ich dzia\u0142alno\u015b\u0107. Rz\u0105d premiera Petra Nec\u00cb\u2122 asa zawar\u0142 porozumienie z Ko\u015bcio\u0142ami po 20 latach skomplikowanych negocjacji. Program [&hellip;]","protected":false},"author":1,"featured_media":0,"comment_status":"closed","ping_status":"closed","sticky":false,"template":"","format":"standard","meta":{"_acf_changed":false,"_monsterinsights_skip_tracking":false,"_monsterinsights_sitenote_active":false,"_monsterinsights_sitenote_note":"","_monsterinsights_sitenote_category":0,"ngg_post_thumbnail":0,"footnotes":"","_wp_rev_ctl_limit":""},"categories":[3],"tags":[227],"acf":[],"_links":{"self":[{"href":"https:\/\/www.bibula.com\/index.php?rest_route=\/wp\/v2\/posts\/58822"}],"collection":[{"href":"https:\/\/www.bibula.com\/index.php?rest_route=\/wp\/v2\/posts"}],"about":[{"href":"https:\/\/www.bibula.com\/index.php?rest_route=\/wp\/v2\/types\/post"}],"author":[{"embeddable":true,"href":"https:\/\/www.bibula.com\/index.php?rest_route=\/wp\/v2\/users\/1"}],"replies":[{"embeddable":true,"href":"https:\/\/www.bibula.com\/index.php?rest_route=%2Fwp%2Fv2%2Fcomments&post=58822"}],"version-history":[{"count":0,"href":"https:\/\/www.bibula.com\/index.php?rest_route=\/wp\/v2\/posts\/58822\/revisions"}],"wp:attachment":[{"href":"https:\/\/www.bibula.com\/index.php?rest_route=%2Fwp%2Fv2%2Fmedia&parent=58822"}],"wp:term":[{"taxonomy":"category","embeddable":true,"href":"https:\/\/www.bibula.com\/index.php?rest_route=%2Fwp%2Fv2%2Fcategories&post=58822"},{"taxonomy":"post_tag","embeddable":true,"href":"https:\/\/www.bibula.com\/index.php?rest_route=%2Fwp%2Fv2%2Ftags&post=58822"}],"curies":[{"name":"wp","href":"https:\/\/api.w.org\/{rel}","templated":true}]}}