{"id":58804,"date":"2012-07-14T22:47:23","date_gmt":"2012-07-15T03:47:23","guid":{"rendered":"http:\/\/www.bibula.com\/?p=58804"},"modified":"2012-07-14T22:47:23","modified_gmt":"2012-07-15T03:47:23","slug":"prof-jan-zaryn-przypomina-ekskomunika-na-komunistow-nadal-obowiazuje","status":"publish","type":"post","link":"https:\/\/www.bibula.com\/?p=58804","title":{"rendered":"Prof. Jan \u0179aryn przypomina: Ekskomunika na komunist\u00f3w nadal obowi\u0105zuje"},"content":{"rendered":"<p><strong>Dekret \u015awi\u0119tego Oficjum z 1 lipca 1949 r. nak\u0142adaj\u0105cy ekskomunik\u0119 komunist\u00f3w by\u0142 skierowany do katolik\u00f3w, w tym intelektualist\u00f3w katolickich mieszkaj\u0105cych w Europie Zachodniej. Zabrania\u0142 im jakiejkolwiek wsp\u00f3\u0142pracy na poziomie ideowym i praktycznym z wyznawcami marksizmu, a zatem z lansowaniem teorii i praktyki antychrze\u015bcija\u0144skiej i ludob\u00f3jczej &#8211; m\u00f3wi portalowi Fronda.pl prof. Jan \u0179aryn, historyk.<\/strong><\/p>\r\n<p>Dekret \u015awi\u0119tego Oficjum z 1 lipca 1949 r. nak\u0142adaj\u0105cy ekskomunik\u0119 komunist\u00f3w by\u0142 skierowany do katolik\u00f3w, w tym intelektualist\u00f3w katolickich mieszkaj\u0105cych w Europie Zachodniej. Zabrania\u0142 im jakiejkolwiek wsp\u00f3\u0142pracy na poziomie ideowym i praktycznym z wyznawcami marksizmu, a zatem z lansowaniem teorii i praktyki antychrze\u015bcija\u0144skiej &#8211; ludob\u00f3jczej.<\/p>\r\n<p>Stolica Apostolska patrzy\u0142a na marksizm ze strony nauki, w tym r\u00f3wnie\u017c nauki spo\u0142ecznej Ko\u015bcio\u0142a Katolickiego i strony realizowania doktryny marksistowskiej od 1917 r., kt\u00f3re to praktyki ludob\u00f3jcze skierowane przeciwko Ko\u015bcio\u0142owi i chrze\u015bcija\u0144stwu zosta\u0142y przeniesione ju\u017c na grunt Europy \u015arodkowo-Wschodniej. Brak wiedzy o tym co si\u0119 dzieje za \u017celazn\u0105 kurtyn\u0105, wytwarza\u0142 w inteligencji katolickiej pokus\u0119 by has\u0142a o sprawiedliwo\u015bci spo\u0142ecznej wytwarzane przez marksizm traktowa\u0107 jako wsp\u00f3\u0142graj\u0105ce i do pogodzenia z chrze\u015bcija\u0144stwem.<\/p>\r\n<p>W Polsce, ten dekret mia\u0142 jeszcze inne znaczenie. Komuni\u015bci pos\u0142u\u017cyli si\u0119 nim, aby zmanipulowa\u0107 jego intencj\u0119 i wymusi\u0107 na hierarchach deklaracj\u0119 i\u017c jego tre\u015b\u0107 jest \u015bwiadectwem nawo\u0142uj\u0105cym katolik\u00f3w \u017cyj\u0105cych w Polsce do zdrady pa\u0144stwa. To wprowadza\u0142o hierarchi\u0119 w bardzo niewygodny wyb\u00f3r mi\u0119dzy lojalno\u015bci\u0105 wobec pa\u0144stwa zarz\u0105dzanego przez komunist\u00f3w i lojalno\u015bci\u0105 wobec Stolicy Apostolskiej. Od tego dekretu rozpoczyna si\u0119, w jakiej\u015b mierze, okres represji wobec Ko\u015bcio\u0142a. To by\u0142a reakcja w\u0142adz na rzekome mieszanie si\u0119 Ko\u015bcio\u0142a w rzeczywisto\u015b\u0107 pa\u0144stwa.<\/p>\r\n<p>Tego dekretu nikt nigdy nie wycofa\u0142 i nadal obowi\u0105zuje. Faktem jest, \u017ce gdy na II Soborze Watyka\u0144skim z inicjatywy polskiego episkopatu i prymasa Wyszy\u0144skiego, pr\u00f3bowano pot\u0119pi\u0107 doktryn\u0119 komunistyczn\u0105 i realny socjalizm, to nie zaj\u0119to si\u0119 naszym wnioskiem. Jednak nie oznacza to anulowania dekretu z 1949 r.<\/p>\r\n<p>Koncesjonowane \u015brodowiska katolickie i komuni\u015bci uznali to jednak, jako rozchodzenie si\u0119 linii politycznej Episkopatu Polski pod wodz\u0105 prymasa Wyszy\u0144skiego i Stolicy Apostolskiej. Tworz\u0105c ten klin pr\u00f3bowano udowodni\u0107, \u017ce II Sob\u00f3r Watyka\u0144ski nie opowiedzia\u0142 si\u0119 za polityk\u0105 prymasa wobec PRL. To nie by\u0142a jednak prawda &#8211; m\u00f3wi \u0179aryn.<\/p>\r\n<h4><em>Not. Jaros\u0142aw Wr\u00f3blewski<\/em><\/h4>","protected":false},"excerpt":{"rendered":"Dekret \u015awi\u0119tego Oficjum z 1 lipca 1949 r. nak\u0142adaj\u0105cy ekskomunik\u0119 komunist\u00f3w by\u0142 skierowany do katolik\u00f3w, w tym intelektualist\u00f3w katolickich mieszkaj\u0105cych w Europie Zachodniej. Zabrania\u0142 im jakiejkolwiek wsp\u00f3\u0142pracy na poziomie ideowym i praktycznym z wyznawcami marksizmu, a zatem z lansowaniem teorii i praktyki antychrze\u015bcija\u0144skiej i ludob\u00f3jczej &#8211; m\u00f3wi portalowi Fronda.pl prof. Jan \u0179aryn, historyk. Dekret \u015awi\u0119tego [&hellip;]","protected":false},"author":1,"featured_media":0,"comment_status":"closed","ping_status":"closed","sticky":false,"template":"","format":"standard","meta":{"_acf_changed":false,"_monsterinsights_skip_tracking":false,"_monsterinsights_sitenote_active":false,"_monsterinsights_sitenote_note":"","_monsterinsights_sitenote_category":0,"ngg_post_thumbnail":0,"footnotes":"","_wp_rev_ctl_limit":""},"categories":[9],"tags":[66],"acf":[],"_links":{"self":[{"href":"https:\/\/www.bibula.com\/index.php?rest_route=\/wp\/v2\/posts\/58804"}],"collection":[{"href":"https:\/\/www.bibula.com\/index.php?rest_route=\/wp\/v2\/posts"}],"about":[{"href":"https:\/\/www.bibula.com\/index.php?rest_route=\/wp\/v2\/types\/post"}],"author":[{"embeddable":true,"href":"https:\/\/www.bibula.com\/index.php?rest_route=\/wp\/v2\/users\/1"}],"replies":[{"embeddable":true,"href":"https:\/\/www.bibula.com\/index.php?rest_route=%2Fwp%2Fv2%2Fcomments&post=58804"}],"version-history":[{"count":0,"href":"https:\/\/www.bibula.com\/index.php?rest_route=\/wp\/v2\/posts\/58804\/revisions"}],"wp:attachment":[{"href":"https:\/\/www.bibula.com\/index.php?rest_route=%2Fwp%2Fv2%2Fmedia&parent=58804"}],"wp:term":[{"taxonomy":"category","embeddable":true,"href":"https:\/\/www.bibula.com\/index.php?rest_route=%2Fwp%2Fv2%2Fcategories&post=58804"},{"taxonomy":"post_tag","embeddable":true,"href":"https:\/\/www.bibula.com\/index.php?rest_route=%2Fwp%2Fv2%2Ftags&post=58804"}],"curies":[{"name":"wp","href":"https:\/\/api.w.org\/{rel}","templated":true}]}}