{"id":58258,"date":"2012-06-30T10:16:41","date_gmt":"2012-06-30T15:16:41","guid":{"rendered":"http:\/\/www.bibula.com\/?p=58258"},"modified":"2012-06-30T10:16:41","modified_gmt":"2012-06-30T15:16:41","slug":"sowieckie-powiazania-prokuratora-od-smolenska","status":"publish","type":"post","link":"https:\/\/www.bibula.com\/?p=58258","title":{"rendered":"Sowieckie powi\u0105zania prokuratora od Smole\u0144ska"},"content":{"rendered":"<p><strong>Prowadz\u0105cy \u015bledztwo ws. smole\u0144skiej katastrofy Jaros\u0142aw Sej zajmuje si\u0119 m.in. kontaktami z Komitetem \u015aledczym Federacji Rosyjskiej. Tymczasem z dokument\u00f3w, do kt\u00f3rych dotar\u0142a \u201eCodzienna\u201d, wynika, \u017ce jego ojciec p\u0142k Jerzy Sej odby\u0142 specjalne przeszkolenie GRU i by\u0142 zwi\u0105zany z sowieckimi s\u0142u\u017cbami wojskowymi, a po 1990 r. tak\u017ce z WSI.<\/strong><\/p>\r\n<table class=\"outset\" align=\"left\">\r\n<tbody>\r\n<tr>\r\n<td><a href=\"http:\/\/niezalezna.pl\/uploads\/foto\/2012\/06\/swiadectwo-sej.jpg\"><img decoding=\"async\" title=\"Sowieckie powi\u0105zania prokuratora od Smole\u0144ska - niezalezna.pl\" src=\"http:\/\/niezalezna.pl\/uploads\/imagecache\/200s\/foto\/2012\/06\/swiadectwo-sej.jpg\" alt=\"Sowieckie powi\u0105zania prokuratora od Smole\u0144ska - niezalezna.pl\" width=\"200\" height=\"138\" \/><\/a><\/td>\r\n<\/tr>\r\n<tr>\r\n<td>\r\n<p class=\"zrodlo\">foto. arch. GPC<\/p>\r\n<\/td>\r\n<\/tr>\r\n<\/tbody>\r\n<\/table>\r\n<p>Je\u015bli prze\u0142o\u017ceni prokuratora, kt\u00f3ry prowadzi \u015bledztwo w\u00a0 sprawie katastrofy smole\u0144skiej, wiedzieli o\u00a0 przesz\u0142o\u015bci jego ojca, to nie powinni wyznacza\u0107 go na prowadz\u0105cego tak wa\u017cnego \u015bledztwa, a\u00a0 przede wszystkim nie powierza\u0107 mu kontakt\u00f3w z\u00a0 komitetem \u015bledczym Federacji Rosyjskiej.<br \/> <br \/> Je\u017celi szefowie prokuratury tego nie wiedzieli, to teraz, po uzyskaniu tej wiedzy, powinni go natychmiast od sun\u0105\u0107 od tego post\u0119powania &#8211; m\u00f3wi nam prof. Andrzej Zybertowicz, ekspert ds. bezpiecze\u0144stwa pa\u0144stwa.<br \/> <br \/> \u201eGazeta Polska Codziennie\u201d dotar\u0142a do dokument\u00f3w s\u0142u\u017cb specjalnych PRL-u dotycz\u0105cych prokuratora p\u0142k. Jerzego Seja. Jest w nich m.in. dok\u0142adnie opisany przebieg jego kariery zawodowej, a tak\u017ce sprawy prywatne dotycz\u0105ce rodziny. Niezwykle ceniony przez prze\u0142o\u017conych, by\u0142 wielokrotnie nagradzany, m.in. za wybitne zas\u0142ugi umacniania obronno\u015bci PRL-u. Wysokie nagrody pieni\u0119\u017cne uzyska\u0142 w\u00a0 okresie stanu wojennego &#8211; jedna z\u00a0 nich dotyczy\u0142a rzetelnej i\u00a0 sumiennej s\u0142u\u017cby. W tym czasie by\u0142 rzecznikiem prasowym Naczelnej Prokuratury Wojskowej i\u00a0 jednocze\u015bnie sekretarzem Podstawowej Organizacji Partyjnej NPW. Tu\u017c po zako\u0144czeniu stanu wojennego Jerzy Sej zosta\u0142 oddelegowany do II Zarz\u0105du Sztabu Generalnego (poprzednika Wojskowych S\u0142u\u017cb Informacyjnych), gdzie zosta\u0142 I sekretarzem Komitetu (Politycznego &#8211; przyp. red.) PZPR. W 1987 r. zosta\u0142 skierowany na specjalistyczny kurs GRU<br \/> (sowieckich s\u0142u\u017cb specjalnych) organizowany przez Ministerstwo Obrony ZSRS.<br \/> <br \/> <em>\u201eWni\u00f3s\u0142 du\u017cy osobisty wk\u0142ad w efektywno\u015b\u0107 <a id=\"anchorbbtBubble260\">dzia\u0142ania<\/a> organizacji partyjnych instytucji. Jako I\u00a0 sekretarz KP (Komitetu Politycznego &#8211; przyp. red inicjowa\u0142 podejmowanie r\u00f3\u017cnych dzia\u0142a\u0144 po linii partyjnej, kt\u00f3re wspiera\u0142y dzia\u0142ania s\u0142u\u017cbowe. Anga\u017cowa\u0142 si\u0119 do r\u00f3\u017cnych akcji politycznych. Postawa ideowo-polityczna bez zarzutu\u201d <\/em>&#8211; czytamy w\u00a0 opinii s\u0142u\u017cbowej dotycz\u0105cej Jerzego Seja za 1988 r.<br \/> <br \/> Po <a id=\"anchorbbtBubble306\">zmianie<\/a> w\u0142adzy w 1990 r. p\u0142k Jerzy Sej oficjalnie zamienia si\u0119 w obywatela Jerzego Seja i uzyskuje wpis na list\u0119 radc\u00f3w prawnych. Jednocze\u015bnie Jerzy Sej wsp\u00f3\u0142pracuje w Wojskowymi S\u0142u\u017cbami Informacyjnymi &#8211; w\u00a0 1994 r. na wniosek \u00f3wczesnego premiera Waldemara Pawlaka prezydent Lech Wa\u0142\u0119sa odznacza p\u0142k. Seja Krzy\u017cem Kawalerskim Orderu Odrodzenia Polski \u201eza wybitne zas\u0142ugi umacniania obronno\u015bci i suwerenno\u015bci kraju\u201d. Nazwisko p\u0142k. Seja pojawia si\u0119 tak\u017ce w raporcie z weryfikacji WSI &#8211; w\u00a0 aneksie nr 13 jest wymieniony w spisie oficer\u00f3w WSI, kt\u00f3rzy przeszli szkolenie GRU w ZSRS.<br \/> <br \/> Za po\u015brednictwem NPW wys\u0142ali\u015bmy do prokuratora Jaros\u0142awa Seja pytania &#8211; chcieli\u015bmy si\u0119 dowiedzie\u0107, czy zwi\u0105zki jego ojca z sowieckimi s\u0142u\u017cbami specjalnymi maj\u0105 jakikolwiek wp\u0142yw na prowadzenie przez niego \u015bledztwa smole\u0144skiego. Do chwili oddania gazety do druku nie uzyskali\u015bmy odpowiedzi. <\/p>\r\n<p>Autor: Dorota Kania, | \u0179r\u00f3d\u0142o: Gazeta Polska Codziennie<\/p>","protected":false},"excerpt":{"rendered":"Prowadz\u0105cy \u015bledztwo ws. smole\u0144skiej katastrofy Jaros\u0142aw Sej zajmuje si\u0119 m.in. kontaktami z Komitetem \u015aledczym Federacji Rosyjskiej. Tymczasem z dokument\u00f3w, do kt\u00f3rych dotar\u0142a \u201eCodzienna\u201d, wynika, \u017ce jego ojciec p\u0142k Jerzy Sej odby\u0142 specjalne przeszkolenie GRU i by\u0142 zwi\u0105zany z sowieckimi s\u0142u\u017cbami wojskowymi, a po 1990 r. tak\u017ce z WSI. foto. arch. GPC Je\u015bli prze\u0142o\u017ceni prokuratora, kt\u00f3ry [&hellip;]","protected":false},"author":1,"featured_media":0,"comment_status":"closed","ping_status":"closed","sticky":false,"template":"","format":"standard","meta":{"_acf_changed":false,"_monsterinsights_skip_tracking":false,"_monsterinsights_sitenote_active":false,"_monsterinsights_sitenote_note":"","_monsterinsights_sitenote_category":0,"ngg_post_thumbnail":0,"footnotes":"","_wp_rev_ctl_limit":""},"categories":[139],"tags":[92,137,141,36],"acf":[],"_links":{"self":[{"href":"https:\/\/www.bibula.com\/index.php?rest_route=\/wp\/v2\/posts\/58258"}],"collection":[{"href":"https:\/\/www.bibula.com\/index.php?rest_route=\/wp\/v2\/posts"}],"about":[{"href":"https:\/\/www.bibula.com\/index.php?rest_route=\/wp\/v2\/types\/post"}],"author":[{"embeddable":true,"href":"https:\/\/www.bibula.com\/index.php?rest_route=\/wp\/v2\/users\/1"}],"replies":[{"embeddable":true,"href":"https:\/\/www.bibula.com\/index.php?rest_route=%2Fwp%2Fv2%2Fcomments&post=58258"}],"version-history":[{"count":0,"href":"https:\/\/www.bibula.com\/index.php?rest_route=\/wp\/v2\/posts\/58258\/revisions"}],"wp:attachment":[{"href":"https:\/\/www.bibula.com\/index.php?rest_route=%2Fwp%2Fv2%2Fmedia&parent=58258"}],"wp:term":[{"taxonomy":"category","embeddable":true,"href":"https:\/\/www.bibula.com\/index.php?rest_route=%2Fwp%2Fv2%2Fcategories&post=58258"},{"taxonomy":"post_tag","embeddable":true,"href":"https:\/\/www.bibula.com\/index.php?rest_route=%2Fwp%2Fv2%2Ftags&post=58258"}],"curies":[{"name":"wp","href":"https:\/\/api.w.org\/{rel}","templated":true}]}}