{"id":58234,"date":"2012-06-28T21:46:05","date_gmt":"2012-06-29T02:46:05","guid":{"rendered":"http:\/\/www.bibula.com\/?p=58234"},"modified":"2012-06-28T21:46:05","modified_gmt":"2012-06-29T02:46:05","slug":"rosja-zlupione-archiwalia-wroca-do-polski","status":"publish","type":"post","link":"https:\/\/www.bibula.com\/?p=58234","title":{"rendered":"Rosja: z\u0142upione archiwalia wr\u00f3c\u0105 do Polski?"},"content":{"rendered":"<p><strong>Polska mo\u017ce wkr\u00f3tce odzyska\u0107 znaczn\u0105 cze\u015b\u0107 archiwali\u00f3w przechowywanych na terytorium Rosji. O szczeg\u00f3\u0142ach wsp\u00f3\u0142pracy w tej dziedzinie rozmawiali w Moskwie ministrowie kultury: Polski &#8211; Bogdan Zdrojewski i Rosji &#8211; W\u0142adimir Medinski.<\/strong><\/p>\r\n<p>Wed\u0142ug Bogdana Zdrojewskiego &#8211; wsp\u00f3\u0142praca polskich i rosyjskich ekspert\u00f3w mo\u017ce rozpocz\u0105\u0107 si\u0119 do\u015b\u0107 szybko. Minister kultury nie wykluczy\u0142, \u017ce ju\u017c w lipcu. Przypomnia\u0142, \u017ce chodzi o dokumenty dotycz\u0105ce prawie 200 lat historii. S\u0105 to mi\u0119dzy innymi: dokumenty zwi\u0105zane ze zbrodni\u0105 katy\u0144sk\u0105, wojn\u0105 polsko &#8211; bolszewick\u0105 i okresem zabor\u00f3w.\u00a0<\/p>\r\n<p>W trakcie wizyty Bogdana Zdrojewskiego w Moskwie uzgodniono r\u00f3wnie\u017c szczeg\u00f3\u0142y wsp\u00f3\u0142pracy kulturalnej na najbli\u017csze lata. Szczeg\u00f3ln\u0105 uwag\u0119 zwr\u00f3cono na organizacj\u0119 w 2015 roku \u201eroku kultury polskiej w Rosji i kultury rosyjskiej w Polsce\u201d.\u00a0<\/p>\r\n<p>IAR\/KRESY.PL<\/p>\r\n<blockquote>\r\n<h2><strong>Rosja zwr\u00f3ci Polsce archiwa wywiadu II RP<\/strong><\/h2>\r\n<p><strong>Rosja jest gotowa zwr\u00f3ci\u0107 Polsce archiwalia przej\u0119te w czasie II wojny \u015bwiatowej. Dotyczy to tak\u017ce akt polskiego wywiadu. <br \/><\/strong><\/p>\r\n<p>Jak poinformowa\u0142 w czwartek w Moskwie minister kultury Bogdan Zdrojewski, Polska przyj\u0119\u0142a rosyjsk\u0105 propozycj\u0119 wsp\u00f3\u0142pracy w zakresie archiwali\u00f3w. Rosjanie s\u0105 gotowi zwr\u00f3ci\u0107 dokumenty przej\u0119te w trakcie II wojny \u015bwiatowej. Profesor W\u0142adys\u0142aw St\u0119pniak, Naczelny Dyrektor Archiw\u00f3w Pa\u0144stwowych podkre\u015bla, \u017ce strona polska oczekuje teraz na szczeg\u00f3\u0142owy wykaz materia\u0142\u00f3w.<\/p>\r\n<p>&#8211; <em>W kr\u0119gu historyk\u00f3w, profesjonalist\u00f3w i archiwist\u00f3w to s\u0105 rzeczy raczej znane. Najwi\u0119ksz\u0105 cz\u0119\u015b\u0107 pod wzgl\u0119dem ilo\u015bciowym, ale zaliczy\u0142bym j\u0105 tak\u017ce do najwa\u017cniejszych merytorycznie archiwali\u00f3w, stanowi\u0105 akta wywiadu polskiego z okresu II Rzeczypospolitej &#8211; tzw. akta &#8222;dw\u00f3jki&#8221;&#8221;<\/em> &#8211; oceni\u0142 prof. St\u0119pniak.<\/p>\r\n<p>&#8211; <em>Nale\u017cy te\u017c zwr\u00f3ci\u0107 uwag\u0119 na materia\u0142y Senatu Wolnego Miasta Gda\u0144ska. Te dokumenty w istotnym procencie by\u0142y przez Rosjan po wojnie zwracane, ale dokonywano licznych wy\u0142\u0105cze\u0144 i to, co zas\u0142uguje na baczn\u0105 uwag\u0119, to fakt by Rosjanie zwr\u00f3cili nam te akta. S\u0105 te\u017c materia\u0142y, kt\u00f3re u nas potocznie nazywa si\u0119 &#8222;archiwum belwederskim&#8221;. To niezwykle wa\u017cne historycznie i cenne pod wzgl\u0119dem merytorycznym, istotne dla to\u017csamo\u015bci narodowej i pa\u0144stwowej Polak\u00f3w, materia\u0142y zgromadzone w wyniku dzia\u0142alno\u015bci Instytutu J\u00f3zefa Pi\u0142sudskiego Po\u015bwi\u0119conego Badaniu Najnowszej Historii Polski. Materia\u0142y Instytutu Pi\u0142sudskiego wymieszano z dokumentacj\u0105 i materia\u0142ami archiwalnymi, kt\u00f3re zgromadzi\u0142o Muzeum Belwederskie &#8211; po \u015bmierci marsza\u0142ka<\/em> &#8211; t\u0142umaczy\u0142 Naczelny Dyrektor Archiw\u00f3w Pa\u0144stwowych.<\/p>\r\n<p>O zwrot tych materia\u0142\u00f3w Polska ubiega si\u0119 ju\u017c od d\u0142u\u017cszego czasu. Z kolei Rosjanie s\u0105 zainteresowani dokumentacj\u0105 niemieckich instytucji dzia\u0142aj\u0105cych do roku 1945 na terenie dzisiejszego okr\u0119gu kaliningradzkiego.<\/p>\r\n<p>\u0179r\u00f3d\u0142o: polskatimes.pl<\/p>\r\n<p>mat<\/p>\r\n<p class=\"zrodlo\">Za: <a href=\"http:\/\/www.pch24.pl\/rosja-zwroci-polsce-archiwa-wywiadu-ii-rp,3815,i.html#ixzz1z98v2ide\">Polonia Christiana &#8211; pch24.pl (2012-06-28) <\/a><\/p>\r\n<\/blockquote>","protected":false},"excerpt":{"rendered":"Polska mo\u017ce wkr\u00f3tce odzyska\u0107 znaczn\u0105 cze\u015b\u0107 archiwali\u00f3w przechowywanych na terytorium Rosji. O szczeg\u00f3\u0142ach wsp\u00f3\u0142pracy w tej dziedzinie rozmawiali w Moskwie ministrowie kultury: Polski &#8211; Bogdan Zdrojewski i Rosji &#8211; W\u0142adimir Medinski. Wed\u0142ug Bogdana Zdrojewskiego &#8211; wsp\u00f3\u0142praca polskich i rosyjskich ekspert\u00f3w mo\u017ce rozpocz\u0105\u0107 si\u0119 do\u015b\u0107 szybko. Minister kultury nie wykluczy\u0142, \u017ce ju\u017c w lipcu. Przypomnia\u0142, \u017ce [&hellip;]","protected":false},"author":1,"featured_media":0,"comment_status":"closed","ping_status":"closed","sticky":false,"template":"","format":"standard","meta":{"_acf_changed":false,"_monsterinsights_skip_tracking":false,"_monsterinsights_sitenote_active":false,"_monsterinsights_sitenote_note":"","_monsterinsights_sitenote_category":0,"ngg_post_thumbnail":0,"footnotes":"","_wp_rev_ctl_limit":""},"categories":[6],"tags":[92,141,59],"acf":[],"_links":{"self":[{"href":"https:\/\/www.bibula.com\/index.php?rest_route=\/wp\/v2\/posts\/58234"}],"collection":[{"href":"https:\/\/www.bibula.com\/index.php?rest_route=\/wp\/v2\/posts"}],"about":[{"href":"https:\/\/www.bibula.com\/index.php?rest_route=\/wp\/v2\/types\/post"}],"author":[{"embeddable":true,"href":"https:\/\/www.bibula.com\/index.php?rest_route=\/wp\/v2\/users\/1"}],"replies":[{"embeddable":true,"href":"https:\/\/www.bibula.com\/index.php?rest_route=%2Fwp%2Fv2%2Fcomments&post=58234"}],"version-history":[{"count":0,"href":"https:\/\/www.bibula.com\/index.php?rest_route=\/wp\/v2\/posts\/58234\/revisions"}],"wp:attachment":[{"href":"https:\/\/www.bibula.com\/index.php?rest_route=%2Fwp%2Fv2%2Fmedia&parent=58234"}],"wp:term":[{"taxonomy":"category","embeddable":true,"href":"https:\/\/www.bibula.com\/index.php?rest_route=%2Fwp%2Fv2%2Fcategories&post=58234"},{"taxonomy":"post_tag","embeddable":true,"href":"https:\/\/www.bibula.com\/index.php?rest_route=%2Fwp%2Fv2%2Ftags&post=58234"}],"curies":[{"name":"wp","href":"https:\/\/api.w.org\/{rel}","templated":true}]}}