{"id":58152,"date":"2012-06-27T08:35:47","date_gmt":"2012-06-27T13:35:47","guid":{"rendered":"http:\/\/www.bibula.com\/?p=58152"},"modified":"2020-09-22T21:02:44","modified_gmt":"2020-09-23T01:02:44","slug":"okrutny-ubek-skazany-trzy-lata-wiezienia","status":"publish","type":"post","link":"https:\/\/www.bibula.com\/?p=58152","title":{"rendered":"Okrutny ubek skazany. Trzy lata wi\u0119zienia"},"content":{"rendered":"<p><strong>By\u0142y oficer UB 86-letni Jerzy K. zosta\u0142 dzisiaj prawomocnie skazany na 3 lata wi\u0119zienia za zn\u0119canie si\u0119 nad wi\u0119\u017aniami politycznymi okresu stalinowskiego. Oprawca zapowiada kasacj\u0119 do S\u0105du Najwy\u017cszego.<\/strong><br \/>\r\n<br \/>\r\n[&#8230;] <span class=\"podpis_sz\">Ca\u0142y tekst dost\u0119pny w materiale \u017ar\u00f3d\u0142owym<\/span><\/p>\r\n<p>Autor: gb, | \u0179r\u00f3d\u0142o: PAP, Niezale\u017cna.pl<\/p>\r\n<h4>\u00a0<\/h4>\r\n<hr style=\"background-color: #000000; border-width: 0; color: #000000; height: 2px; line-height: 0; text-align: center; width: 100%;\" \/>\r\n<h4>\u00a0<\/h4>\r\n<blockquote>\r\n<p><strong>KOMENTARZ <em>BIBU\u0141Y<\/em><\/strong>: Na trzy lata wi\u0119zienia s\u0119dziowie bez zmru\u017cenia oka skazuj\u0105 za kradzie\u017ce rower\u00f3w i w\u0142amania do piwnicy, natomiast w przypadku tego brutalnego zbrodniarza kara powinna by\u0107 znacznie wy\u017csza, odstraszaj\u0105ca, no i oczywi\u015bcie powinna zapa\u015b\u0107 20 lat temu, gdy &#8222;Jerzy K.&#8221; spokojnie cieszy\u0142 si\u0119 swoj\u0105 emerytur\u0105 podlewaj\u0105c r\u00f3\u017ce na dzia\u0142ce. Niestety, tzw. wymiar sprawiedliwo\u015bci w PRL-bis nie jest ani rychliwy ani sprawiedliwy.<\/p>\r\n<\/blockquote>\r\n<h4>\u00a0<\/h4>\r\n<hr style=\"background-color: #000000; border-width: 0; color: #000000; height: 2px; line-height: 0; text-align: center; width: 100%;\" \/>\r\n<h4>\u00a0<\/h4>","protected":false},"excerpt":{"rendered":"By\u0142y oficer UB 86-letni Jerzy K. zosta\u0142 dzisiaj prawomocnie skazany na 3 lata wi\u0119zienia za zn\u0119canie si\u0119 nad wi\u0119\u017aniami politycznymi okresu stalinowskiego. Oprawca zapowiada kasacj\u0119 do S\u0105du Najwy\u017cszego. [&#8230;] Ca\u0142y tekst dost\u0119pny w materiale \u017ar\u00f3d\u0142owym Autor: gb, | \u0179r\u00f3d\u0142o: PAP, Niezale\u017cna.pl \u00a0 \u00a0 KOMENTARZ BIBU\u0141Y: Na trzy lata wi\u0119zienia s\u0119dziowie bez zmru\u017cenia oka skazuj\u0105 za [&hellip;]","protected":false},"author":1,"featured_media":0,"comment_status":"closed","ping_status":"closed","sticky":false,"template":"","format":"standard","meta":{"_acf_changed":false,"_monsterinsights_skip_tracking":false,"_monsterinsights_sitenote_active":false,"_monsterinsights_sitenote_note":"","_monsterinsights_sitenote_category":0,"ngg_post_thumbnail":0,"footnotes":"","_wp_rev_ctl_limit":""},"categories":[8],"tags":[66,448,92,169],"acf":[],"_links":{"self":[{"href":"https:\/\/www.bibula.com\/index.php?rest_route=\/wp\/v2\/posts\/58152"}],"collection":[{"href":"https:\/\/www.bibula.com\/index.php?rest_route=\/wp\/v2\/posts"}],"about":[{"href":"https:\/\/www.bibula.com\/index.php?rest_route=\/wp\/v2\/types\/post"}],"author":[{"embeddable":true,"href":"https:\/\/www.bibula.com\/index.php?rest_route=\/wp\/v2\/users\/1"}],"replies":[{"embeddable":true,"href":"https:\/\/www.bibula.com\/index.php?rest_route=%2Fwp%2Fv2%2Fcomments&post=58152"}],"version-history":[{"count":3,"href":"https:\/\/www.bibula.com\/index.php?rest_route=\/wp\/v2\/posts\/58152\/revisions"}],"predecessor-version":[{"id":118741,"href":"https:\/\/www.bibula.com\/index.php?rest_route=\/wp\/v2\/posts\/58152\/revisions\/118741"}],"wp:attachment":[{"href":"https:\/\/www.bibula.com\/index.php?rest_route=%2Fwp%2Fv2%2Fmedia&parent=58152"}],"wp:term":[{"taxonomy":"category","embeddable":true,"href":"https:\/\/www.bibula.com\/index.php?rest_route=%2Fwp%2Fv2%2Fcategories&post=58152"},{"taxonomy":"post_tag","embeddable":true,"href":"https:\/\/www.bibula.com\/index.php?rest_route=%2Fwp%2Fv2%2Ftags&post=58152"}],"curies":[{"name":"wp","href":"https:\/\/api.w.org\/{rel}","templated":true}]}}