{"id":57845,"date":"2012-06-19T11:18:23","date_gmt":"2012-06-19T16:18:23","guid":{"rendered":"http:\/\/www.bibula.com\/?p=57845"},"modified":"2012-06-19T11:18:23","modified_gmt":"2012-06-19T16:18:23","slug":"polska-flota-idzie-na-dno%e2%80%a6-wojciech-podjacki","status":"publish","type":"post","link":"https:\/\/www.bibula.com\/?p=57845","title":{"rendered":"Polska flota idzie na dno\u2026 &#8211; <em>Wojciech Podjacki<\/em>"},"content":{"rendered":"<p><strong>Jeszcze do niedawna dla wi\u0119kszo\u015bci Polak\u00f3w, a w szczeg\u00f3lno\u015bci dla tych, kt\u00f3rzy mieszkaj\u0105 nad polskim morzem, do kt\u00f3rych zalicza si\u0119 r\u00f3wnie\u017c autor niniejszego artyku\u0142u, Marynarka Wojenna z jej chlubn\u0105 tradycj\u0105 i codzienn\u0105 s\u0142u\u017cb\u0105 w obronie morskich granic by\u0142a powodem do prawdziwej dumy. Mieszka\u0144cy Pomorza zachowali w \u017cywej pami\u0119ci bohaterstwo obro\u0144c\u00f3w Westerplatte, Oksywia i Helu, marynarzy i \u017co\u0142nierzy L\u0105dowej Obrony Wybrze\u017ca, kolejarzy, pocztowc\u00f3w i celnik\u00f3w, kt\u00f3rzy oddali swoje \u017cycie w walce o utrzymanie przez Polsk\u0119 dost\u0119pu do Ba\u0142tyku.<\/strong><\/p>\r\n<p>Po dzie\u0144 dzisiejszy napawaj\u0105 nas wielk\u0105 dum\u0105 dokonania budowniczych Gdyni i magistrali w\u0119glowej z czas\u00f3w II Rzeczypospolitej, ale tak\u017ce ogromne dzie\u0142o zagospodarowania w okresie powojennym wielokrotnie d\u0142u\u017cszego Wybrze\u017ca i rozbudowy polskiego potencja\u0142u morskiego. Szanujemy ten dorobek i piel\u0119gnujemy chlubne tradycje nie tylko dlatego, \u017ce wychowano nas w ich kulcie, ale przede wszystkim z tego powodu, \u017ce maj\u0105 one wielk\u0105 i wymiern\u0105 warto\u015b\u0107 dla ca\u0142ej Polski, kt\u00f3ra nie mo\u017ce istnie\u0107, jako suwerenne pa\u0144stwo, bez dost\u0119pu do morza i bez prowadzenia efektywnej polityki morskiej.<\/p>\r\n<p><strong> Chlubna przesz\u0142o\u015b\u0107<\/strong><\/p>\r\n<p>W przesz\u0142o\u015bci zdawali sobie spraw\u0119 z tego nasi przodkowie, kt\u00f3rzy po 123 latach niewoli odbudowywali gmach niepodleg\u0142ej Rzeczypospolitej. O jak najwi\u0119kszy dost\u0119p do morza walczy\u0142 Roman Dmowski na konferencji pokojowej w Pary\u017cu, o polskiej pot\u0119dze morskiej my\u015bla\u0142 gen. J\u00f3zef Haller dokonuj\u0105c w Pucku za\u015blubin Polski z morzem, tym r\u00f3wnie\u017c kierowa\u0142 si\u0119 Eugeniusz Kwiatkowski, kt\u00f3ry z Gdyni b\u0119d\u0105cej ma\u0142\u0105 wiosk\u0105 ryback\u0105 uczyni\u0142 najnowocze\u015bniejszy port nad Ba\u0142tykiem. Jak pokazuje historia i materialna spu\u015bcizna, kt\u00f3ra pozosta\u0142a po tych wielkich ludziach, nie by\u0142y to jakie\u015b wydumane wizje i nadmiernie wybuja\u0142e \u201esny o pot\u0119dze\u201d, lecz fakty \u015bwiadcz\u0105ce o wielkiej sile woli i determinacji, o harcie ducha i pracowito\u015bci, dalekowzroczno\u015bci i odpowiedzialno\u015bci za losy przysz\u0142ych pokole\u0144 Polak\u00f3w. Wszystkie te dokonania nie by\u0142yby jednak mo\u017cliwe, gdyby zabrak\u0142o narodowi polskiemu niez\u0142omnej woli i \u015bwiadomo\u015bci tego, \u017ce prowadzenie przez nasze pa\u0144stwo samodzielnej i dalekosi\u0119\u017cnej polityki morskiej jest konieczno\u015bci\u0105 dziejow\u0105, a nie jakim\u015b niezdrowym kaprysem grupki nawiedzonych entuzjast\u00f3w.<\/p>\r\n<p>Od samego pocz\u0105tku idea Polski, jako kraju morskiego, zaw\u0142adn\u0119\u0142a sercami i umys\u0142ami najszerszych kr\u0119g\u00f3w polskiego spo\u0142ecze\u0144stwa, a wszyscy licz\u0105cy si\u0119 politycy dbali usilnie o rozw\u00f3j naszego potencja\u0142u morskiego. Nawet w czasie, gdy w wyniku g\u0142\u0119bokiego kryzysu gospodarczego zabrak\u0142o w bud\u017cecie pa\u0144stwa pieni\u0119dzy na budow\u0119 nowych okr\u0119t\u00f3w dla Marynarki Wojennej, znaleziono na to spos\u00f3b i ca\u0142y nar\u00f3d pospieszy\u0142 ofiarnie z pomoc\u0105 zasilaj\u0105c swoimi darami Fundusz Obrony Morskiej, z kt\u00f3rego sfinansowano budow\u0119 okr\u0119tu podwodnego ORP \u201eOrze\u0142\u201d.<\/p>\r\n<p>W okresie dwudziestolecia mi\u0119dzywojennego, a tak\u017ce podczas powojennej odbudowy kraju, pomimo wielkich k\u0142opot\u00f3w spo\u0142ecznych, zacofania gospodarczego i do\u015b\u0107 powszechnej biedy, nasi przodkowie potrafili dokona\u0107 wielkiego dzie\u0142a, kt\u00f3re kosztowa\u0142o ich niema\u0142o wysi\u0142ku i wyrzecze\u0144. Spe\u0142nili sw\u00f3j patriotyczny obowi\u0105zek i zadbali o nasz\u0105 przysz\u0142o\u015b\u0107 przekazuj\u0105c nam w spadku ogromny potencja\u0142 gospodarczy, kt\u00f3rego nie mamy prawa zmarnowa\u0107. Dzisiaj pami\u0119\u0107 o tym jest wci\u0105\u017c \u017cywa. Przypominaj\u0105 nam o nich nazwy ulic i wa\u017cnych budowli opatrzone ich imieniem, a tak\u017ce coroczne obchody \u015bwi\u0105t zwi\u0105zanych z histori\u0105 i tradycj\u0105 naszej obecno\u015bci nad Ba\u0142tykiem. Ale czy jest to wystarczaj\u0105cy spos\u00f3b na wyra\u017cenie naszego szacunku i wdzi\u0119czno\u015bci dla ich dokona\u0144?<\/p>\r\n<p>W mojej skromnej opinii, powinni\u015bmy uczci\u0107 ich pami\u0119\u0107 przede wszystkim lepsz\u0105 dba\u0142o\u015bci\u0105 o nasz potencja\u0142 morski i jego rozw\u00f3j, tak, aby nic nie uroni\u0107 ze spadku, jaki otrzymali\u015bmy po poprzednich pokoleniach. Powinni\u015bmy tak\u017ce efektywnie wykorzysta\u0107 szans\u0119 na rozw\u00f3j cywilizacyjny i popraw\u0119 kondycji gospodarczej, jak\u0105 stwarza nam szeroki dost\u0119p do morza. W\u0142a\u015bnie taki testament pozostawili nam do realizacji tw\u00f3rcy polskiej polityki morskiej, a przysz\u0142o\u015b\u0107 naszej Marynarki Wojennej jest jednym z jego najistotniejszych sk\u0142adnik\u00f3w.<\/p>\r\n<p><strong> Stan obecny<\/strong><\/p>\r\n<p>Dlatego wielkim smutkiem napawa \u201eludzi morza\u201d, ale tak\u017ce wszystkich polskich patriot\u00f3w, n\u0119dzny stan naszej floty wojennej, kt\u00f3ra od pocz\u0105tku istnienia III RP traktowana jest przez rz\u0105dz\u0105cych polityk\u00f3w jak przys\u0142owiowa \u201ekula u nogi\u201d. Jednym z najsmutniejszych widok\u00f3w, jaki mo\u017cemy sobie na w\u0142asne oczy obejrze\u0107, jest widok portu na Oksywiu, w kt\u00f3rym mo\u017cna (jeszcze) zobaczy\u0107 troch\u0119 niewielkich rozmiar\u00f3w okr\u0119cik\u00f3w i poza tym nic godnego uwagi, co mog\u0142oby nas napawa\u0107 dum\u0105 i dawa\u0107 poczucie wzgl\u0119dnego bezpiecze\u0144stwa.<\/p>\r\n<p>Wieloletnie zaniedbania w dziedzinie modernizacji floty oraz brak wizji jej rozwoju spowodowa\u0142y stan g\u0142\u0119bokiej zapa\u015bci technicznej, co obni\u017cy\u0142o prawie do zera zdolno\u015bci bojowe polskiej marynarki. Gdyby nie zobowi\u0105zania i oczekiwania sojusznik\u00f3w z NATO, kt\u00f3re rz\u0105d Donalda Tuska musi bra\u0107 pod uwag\u0119, to a\u017c strach pomy\u015ble\u0107, co ci w\u0142adaj\u0105cy Polsk\u0105 dyletanci zrobiliby z resztkami naszej floty. Wydaje si\u0119 by\u0107 banalnym stwierdzenie, \u017ce skuteczna realizacja morskiej polityki pa\u0144stwa wymaga posiadania nowoczesnych si\u0142 morskich dysponuj\u0105cych odpowiednim do potrzeb potencja\u0142em bojowym. Jednak\u017ce, c\u00f3\u017c mo\u017ce o tym wiedzie\u0107 rz\u0105d niezwykle \u201ekompetentnych\u201d fachowc\u00f3w, kt\u00f3ry najpierw piecz\u0119 nad polsk\u0105 armi\u0105 powierzy\u0142 lekarzowi psychiatrze, a teraz jej los z\u0142o\u017cy\u0142 w r\u0119ce ministra Siemioniaka, by\u0107 mo\u017ce zdolnego technokraty, ale z ca\u0142\u0105 pewno\u015bci\u0105 nie maj\u0105cego wi\u0119kszego poj\u0119cia o zagadnieniach obronno\u015bci. Zreszt\u0105 podobnie do obecnego przewodnicz\u0105cego Sejmowej Komisji Obrony Narodowej &#8211; Stefana Niesio\u0142owskiego, kt\u00f3ry jak powszechnie wiadomo jest specjalist\u0105 prawie od wszystkiego, dlaczego wi\u0119c nie mia\u0142by da\u0107 sobie rady z modernizacj\u0105 (w\u0142a\u015bciwie likwidacj\u0105) Marynarki Wojennej. Jego rozleg\u0142a wiedza i kwalifikacje w dziedzinie nauk biologicznych mog\u0105 by\u0107 w tym niezwykle pomocne.<\/p>\r\n<p><strong> Marynarka Wojenna na papierze?<\/strong><\/p>\r\n<p>Od wielu lat dow\u00f3dcy Marynarki Wojennej, jak r\u00f3wnie\u017c wielu ludzi \u201espoza bran\u017cy\u201d, kt\u00f3rzy poczuwali si\u0119 do troski o jej przysz\u0142o\u015b\u0107, apelowali o pomoc w modernizacji potencja\u0142u floty. Jednak\u017ce decydenci poch\u0142oni\u0119ci udzia\u0142em polskich kontyngent\u00f3w wojskowych w kolejnych wojnach prowadzonych przez ameryka\u0144skiego sojusznika ca\u0142kowicie lekcewa\u017cyli te g\u0142osy, a\u017c sytuacja sta\u0142a si\u0119 krytyczna. Dopiero w ko\u0144cu ubieg\u0142ego roku \u201eja\u015bnie nam panuj\u0105cy\u201d premier Tusk przem\u00f3wi\u0142 i w s\u0142owach pe\u0142nych \u201ezatroskania\u201d z powodu fatalnej sytuacji finans\u00f3w publicznych oznajmi\u0142, \u017ce \u201epotrzeby militarne obiektywnie opisane (\u2026) nie wskazuj\u0105 na potrzeb\u0119 budowy i u\u017cytkowania du\u017cych jednostek w Marynarce Wojennej na Ba\u0142tyku\u201d. Po minach naszych admira\u0142\u00f3w by\u0142o wida\u0107, \u017ce raczej nie tego spodziewali si\u0119 us\u0142ysze\u0107 od szefa polskiego rz\u0105du, kt\u00f3ry z drwin\u0105 w g\u0142osie skwitowa\u0142 ich rzekome i nies\u0142usznie im przypisywane \u201eambicje pacyficzne\u201d, jakby \u017c\u0105dali od niego zakupu lotniskowca, oceanicznego okr\u0119tu podwodnego lub przynajmniej kr\u0105\u017cownika. Dobrze chocia\u017c, \u017ce rz\u0105dz\u0105cy zadeklarowali wol\u0119 zachowania Marynarki Wojennej, jako samodzielnego rodzaju Si\u0142 Zbrojnych RP, mogliby j\u0105 przecie\u017c przekszta\u0142ci\u0107 w co\u015b na wz\u00f3r ameryka\u0144skiej Stra\u017cy Wybrze\u017ca.<\/p>\r\n<p>Tymczasem w najbli\u017cszym okresie wi\u0119kszo\u015b\u0107 jednostek p\u0142ywaj\u0105cych pod polsk\u0105 bander\u0105 zostanie wycofana z eksploatacji, dotyczy to tak\u017ce pozyskanych \u201ez drugiej r\u0119ki\u201d fregat typu Oliver Hazard Perry i okr\u0119t\u00f3w podwodnych Kobben. Przerwano prace projektowe nad nowoczesnym niszczycielem min typu Kormoran i rozpocz\u0119t\u0105 budow\u0119 pierwszej z serii korwet rakietowych typu Gawron. Zrezygnowano te\u017c z modernizacji jednostek wyeksploatowanych w s\u0142u\u017cbie, co wydaje si\u0119 by\u0107 s\u0142uszn\u0105 decyzj\u0105, pod warunkiem szybkiego zast\u0105pienia ich przez nowe okr\u0119ty, kt\u00f3rych jednak nie wida\u0107 na horyzoncie. Jeszcze gorzej przedstawia si\u0119 sytuacja w lotnictwie morskim, kt\u00f3re nie jest zdolne do zapewnienia naszym okr\u0119tom jakiegokolwiek wsparcia uderzeniowego, poniewa\u017c nie posiada w swoim sk\u0142adzie samolot\u00f3w o takim przeznaczeniu. Wsparcia takiego nie zapewni\u0105 r\u00f3wnie\u017c nasze Si\u0142y Powietrzne, kt\u00f3re nie dysponuj\u0105 samolotami w wersji przeznaczonej do zwalczania cel\u00f3w morskich. A bior\u0105c pod uwag\u0119 fatalny stan techniczny wi\u0119kszo\u015bci samolot\u00f3w i \u015bmig\u0142owc\u00f3w MW, to nied\u0142ugo przestan\u0105 one pe\u0142ni\u0107 swoje obowi\u0105zki, nawet w dziedzinie ratownictwa morskiego.<\/p>\r\n<p>Historia budowy korwet rakietowych, kt\u00f3rych gor\u0105cym or\u0119downikiem by\u0142 admira\u0142 floty Andrzej Karweta (zgin\u0105\u0142 w katastrofie prezydenckiego samolotu pod Smole\u0144skiem) jest swoistym memento dla Marynarki Wojennej. Program budowy wielozadaniowej korwety si\u0119ga ko\u0144ca lat 90-tych, a budowa pierwszego okr\u0119tu ruszy\u0142a w listopadzie 2001 r. Pocz\u0105tkowo planowano produkcj\u0119 siedmiu, p\u00f3\u017aniej czterech, potem dw\u00f3ch okr\u0119t\u00f3w, ostatecznie w stoczni powsta\u0142a jedna jednostka, co drastycznie podwy\u017cszy\u0142o zwi\u0105zane z tym koszty. Jej konstrukcja zosta\u0142a oparta na koncepcji opracowanej przez hambursk\u0105 stoczni\u0119 Blohm und Voss. Mia\u0142a by\u0107 uzbrojona w rakiety przeciwokr\u0119towe i przeciwlotnicze, torpedy do zwalczania okr\u0119t\u00f3w podwodnych i armat\u0119, a tak\u017ce wyposa\u017cona w najnowocze\u015bniejsze radary dozoru powietrznego i nawodnego, systemy walki radioelektronicznej i dowodzenia. Projekt korwety, kt\u00f3ra mia\u0142a wej\u015b\u0107 do s\u0142u\u017cby pod nazw\u0105 ORP \u201e\u015al\u0105zak\u201d, kosztowa\u0142 ponad 400 mln z\u0142, a wed\u0142ug szacunk\u00f3w MON do jej uko\u0144czenia potrzeba by\u0142o jeszcze co najmniej 1,1 mld z\u0142. Konsekwencj\u0105 rezygnacji z programu korwety rakietowej jest og\u0142oszona w kwietniu 2011 r. upad\u0142o\u015b\u0107 Stoczni Marynarki Wojennej w Gdyni. A przecie\u017c realizacja tego programu, w pierwotnej wersji zak\u0142adaj\u0105cej budow\u0119 siedmiu jednostek, przy zapewnieniu odpowiedniego finansowania, mog\u0142aby w znakomity spos\u00f3b podnie\u015b\u0107 zdolno\u015bci bojowe polskiej floty i zapewni\u0107 przetrwanie stoczniowego potencja\u0142u produkcyjnego. Tymczasem nieodpowiedzialna decyzja rz\u0105du, podj\u0119ta w czasie kryzysu, gdy istnieje wyra\u017ana potrzeba wspierania rodzimego przemys\u0142u, pogorszy\u0142a i tak z\u0142\u0105 sytuacj\u0119 gospodarcz\u0105 w naszym regionie. Po Stoczni MW pozostan\u0105 nied\u0142ugo tylko zgliszcza, ludzie p\u00f3jd\u0105 na bezrobocie, a bud\u017cet pa\u0144stwa nie odzyska pieni\u0119dzy \u201ewyrzuconych w b\u0142oto\u201d, pomimo tego, \u017ce planuje si\u0119 sprzeda\u017c kad\u0142uba budowanego od ponad 10 lat okr\u0119tu.<\/p>\r\n<p><strong> Co nam zostanie?<\/strong><\/p>\r\n<p>Jakby na os\u0142od\u0119, minister obrony narodowej Tomasz Siemoniak, kt\u00f3ry 29 marca bawi\u0142 z wizyt\u0105 w Dow\u00f3dztwie MW w Gdyni, podczas spotkania z admira\u0142em Tomaszem Mathe\u0105 i najwy\u017csz\u0105 kadr\u0105 floty, przedstawi\u0142 \u201eProjekt koncepcji rozwoju Marynarki Wojennej\u201d, przewiduj\u0105cy wydatkowanie na ten cel \u015brednio ok. 900 mln z\u0142 rocznie. Projekt ten by\u0142 r\u00f3wnie\u017c tematem posiedzenia Sejmowej Komisji Obrony Narodowej w dniu 11 kwietnia, w kt\u00f3rym uczestniczy\u0142 szef MON. Zgodnie z za\u0142o\u017ceniami wspomnianej koncepcji Marynarka Wojenna w 2030 r. ma dysponowa\u0107: 3 okr\u0119tami obrony wybrze\u017ca, 3 okr\u0119tami podwodnymi, 3 okr\u0119tami patrolowymi, 3 okr\u0119tami walki minowej z bezza\u0142ogowymi systemami poszukiwania i zwalczania min, 6 \u015bmig\u0142owcami w wersji zwalczania okr\u0119t\u00f3w podwodnych (ZOP) i Nadbrze\u017cnym Dywizjonem Rakietowym, 2 okr\u0119tami rozpoznania radioelektronicznego z bezza\u0142ogowymi samolotami rozpoznawczymi i 10 samolotami patrolowo-rozpoznawczymi, okr\u0119tem wsparcia logistycznego, okr\u0119tem wsparcia operacyjnego, okr\u0119tem dowodzenia walk\u0105 minow\u0105, okr\u0119tem hydrograficznym i p\u0142ywaj\u0105c\u0105 stacj\u0105 demagnetyzacyjn\u0105, 2 przeciwlotniczymi zestawami rakietowymi do os\u0142ony baz morskich oraz 2 okr\u0119tami ratowniczymi i 7 \u015bmig\u0142owcami ratownictwa morskiego.<\/p>\r\n<p>Jak wida\u0107 przedstawiony przez ministra program nie jest zbyt ambitny i mocno redukuje przysz\u0142y potencja\u0142 naszej floty, co postawi nas w bardzo niekorzystnej dysproporcji w stosunku do rosn\u0105cego wci\u0105\u017c potencja\u0142u okr\u0119towych si\u0142 uderzeniowych marynarki niemieckiej i rosyjskiej Floty Ba\u0142tyckiej. Jest te\u017c niepokoj\u0105co ma\u0142y i niewystarczaj\u0105cy do efektywnej obrony naszego pa\u0144stwa od strony morza, zw\u0142aszcza, gdy uwzgl\u0119dni si\u0119 zadania stawiane przed Marynark\u0105 Wojenn\u0105, d\u0142ugo\u015b\u0107 naszej linii brzegowej i rozleg\u0142o\u015b\u0107 obszaru polskiej strefy ekonomicznej.<\/p>\r\n<p>Podkre\u015bli\u0107 r\u00f3wnie\u017c wypada, \u017ce w obecnym czasie nowoczesne okr\u0119ty buduj\u0105 wszystkie licz\u0105ce si\u0119 pa\u0144stwa ba\u0142tyckie (Niemcy, Rosjanie, Szwedzi i Finowie) i nikt w tych krajach nie poddaje w w\u0105tpliwo\u015b\u0107 potrzeby rozwoju narodowej floty. Nie ma oczywi\u015bcie gwarancji na to, \u017ce nawet te skromne plany ministra Siemioniaka zostan\u0105 zrealizowane, poniewa\u017c premier Tusk mo\u017ce je zweryfikowa\u0107 pod pretekstem \u201eracjonalizacji wydatk\u00f3w na obron\u0119\u201d lub \u201ezej\u015bcia na ziemi\u0119 do poziomu reali\u00f3w gospodarczych Polski\u201d, jak to ma\u0142o dowcipnie uj\u0105\u0142 Stefan Niesio\u0142owski. Poza tym, z wypowiedzi przedstawicieli MON wynika, \u017ce sami jeszcze nie wiedz\u0105, jakie okr\u0119ty i gdzie b\u0119d\u0105 zamawiali, a minister jest podobno pewien tylko tego, \u017ce okr\u0119ty obrony wybrze\u017ca maj\u0105 mie\u0107 wyporno\u015b\u0107 \u201eo klas\u0119 ni\u017csz\u0105 od korwet\u201d.<\/p>\r\n<p>Polska posiada szeroki dost\u0119pu do morza, kt\u00f3re jest dla nas przys\u0142owiowym oknem na \u015bwiat oraz \u017ar\u00f3d\u0142em potencjalnego bogactwa i dobrobytu. W obszarze polskiej Wy\u0142\u0105cznej Strefy Ekonomicznej (22\u00a0500 km?) przys\u0142uguje nam prawo do korzystania z wszelkich bogactw znajduj\u0105cych si\u0119 w toni morskiej, na dnie morza i pod jego powierzchni\u0105, a d\u0142uga granica morska (528 km) wyznacza pas naszych narodowych w\u00f3d terytorialnych o powierzchni 8682 km? W rejonie polskiego wybrze\u017ca przebiegaj\u0105 wa\u017cne morskie szlaki komunikacyjne, a wi\u0119c w naszym interesie le\u017cy zapewnienie bezpiecze\u0144stwa transportu na tych wodach i mo\u017cliwo\u015bci prowadzenia swobodnego handlu morskiego. Dlatego musimy dysponowa\u0107 wystarczaj\u0105cym potencja\u0142em odstraszania, pozwalaj\u0105cym zniech\u0119ci\u0107 potencjalnego przeciwnika do podejmowania pr\u00f3b naruszenia istniej\u0105cego status quo. Marynarka Wojenna powinna r\u00f3wnie\u017c zapewni\u0107 ochron\u0119 \u017ceglugi i polskich interes\u00f3w gospodarczych na innych akwenach morskich. Potrzeby obronne pa\u0144stwa wymagaj\u0105 tak\u017ce monitorowania ca\u0142ego obszaru Morza Ba\u0142tyckiego, pomimo tego, \u017ce obecnie jest ono uznawane za obszar niezagro\u017cony konfliktem. Posiadanie silnej floty wi\u0105\u017ce si\u0119 r\u00f3wnie\u017c z konieczno\u015bci\u0105 wype\u0142niania zobowi\u0105za\u0144 sojuszniczych.<\/p>\r\n<p><strong> Bez marynarki wojennej ani rusz<\/strong><\/p>\r\n<p>Z powy\u017cszych rozwa\u017ca\u0144 wynika, \u017ce Polska, aby zapewni\u0107 sobie bezpiecze\u0144stwo i prowadzi\u0107 polityk\u0119 mi\u0119dzynarodow\u0105 w wymiarze odpowiednim do swojego potencja\u0142u gospodarczego i politycznego musi posiada\u0107 nowoczesn\u0105 i siln\u0105 Marynark\u0119 Wojenn\u0105. Dlatego nale\u017cy bezwzgl\u0119dnie zatrzyma\u0107 post\u0119puj\u0105cy proces degradacji naszej floty wojennej, kt\u00f3ry prowadzi do utraty przez Polsk\u0119 zdolno\u015bci egzekwowania przys\u0142uguj\u0105cych jej praw w obszarze wy\u0142\u0105cznej strefy ekonomicznej, jak r\u00f3wnie\u017c mo\u017ce skutkowa\u0107 obni\u017ceniem jej presti\u017cu mi\u0119dzynarodowego i sojuszniczej wiarygodno\u015bci. Dla dobra przysz\u0142ych pokole\u0144 Polak\u00f3w nie mo\u017cemy pozwoli\u0107 na przymkni\u0119cie szeroko dzisiaj otwartego dla nas okna na \u015bwiat.<\/p>\r\n<p>Modernizacja naszej floty, je\u015bli ma si\u0119 zako\u0144czy\u0107 sukcesem, musi by\u0107 prowadzona i finansowana zgodnie z zatwierdzonym przez parlament wieloletnim Narodowym Programem Budowy Okr\u0119t\u00f3w, analogicznym do tego, jaki realizowany jest w Si\u0142ach Powietrznych, dla kt\u00f3rych zakupiono samoloty F-16. Jedynie taki program umo\u017cliwi gruntowne przebudowanie polskich si\u0142 morskich i ich rozw\u00f3j, poniewa\u017c z dotychczasowej praktyki wynika, \u017ce rz\u0105dowe plany zbyt cz\u0119sto ko\u0144cz\u0105 si\u0119 fiaskiem, czego przyczyn\u0105 jest szczup\u0142o\u015b\u0107 \u015brodk\u00f3w finansowych przeznaczanych na ten cel i brak woli politycznej w\u015br\u00f3d rz\u0105dz\u0105cych, kt\u00f3rzy przedk\u0142adaj\u0105 potrzeb\u0119 finansowania naszego zaanga\u017cowania w Afganistanie ponad konieczno\u015b\u0107 modernizacji polskiej armii. Jestem przekonany o tym, \u017ce przy dobrej woli i determinacji czynnik\u00f3w rz\u0105dowych potrafiliby\u015bmy zapewni\u0107 odpowiednie \u015brodki na modernizacj\u0119 naszej floty, mo\u017cna te\u017c odwo\u0142a\u0107 si\u0119 do wsparcia spo\u0142ecze\u0144stwa reaktywuj\u0105c przedwojenny Fundusz Obrony Morskiej, na kt\u00f3ry mog\u0142yby r\u00f3wnie\u017c wp\u0142ywa\u0107 wp\u0142aty z 1 proc. podatku dochodowego, tak jak to ma miejsce w przypadku innych fundacji. Zreszt\u0105, m\u00f3wi\u0105c szerze, je\u015bli pa\u0144stwo ma pieni\u0105dze na utrzymanie kilkusettysi\u0119cznej armii urz\u0119das\u00f3w i licznych tabun\u00f3w polityk\u00f3w, to musi je r\u00f3wnie\u017c znale\u017a\u0107 na modernizacj\u0119 techniczn\u0105 skromnych, jak na rozmiary naszego kraju, si\u0142 zbrojnych.<\/p>\r\n<p>Nie ma alternatywy dla postulowanej potrzeby modernizacji i wzmocnienia naszego potencja\u0142u militarnego, bowiem obecnie na naszych oczach polska flota wojenna idzie powoli i systematycznie na dno. Je\u015bli temu nie zaradzimy, to nied\u0142ugo mo\u017ce doj\u015b\u0107 do tego, \u017ce bia\u0142o-czerwona bandera b\u0119dzie powiewa\u0107 tylko na okr\u0119cie-muzeum ORP \u201eB\u0142yskawica\u201d, a nasi marynarze przesi\u0105d\u0105 si\u0119 na pontony, poniewa\u017c kutry rybackie zez\u0142omowa\u0142a nam Unia Europejska. Nie daj Bo\u017ce, aby jedyn\u0105 pozosta\u0142o\u015bci\u0105 po dumnej niegdy\u015b polskiej flocie pozosta\u0142a Orkiestra Reprezentacyjna MW, kt\u00f3rej \u0142adne mundury pasuj\u0105 do \u015bwi\u0105teczno-rocznicowej celebry, a naszych morskich granic \u201edo ostatniej kropli krwi\u201d broni\u0142a niemiecka Bundesmarine. Utrzymanie bezpiecze\u0144stwa i suwerenno\u015bci pa\u0144stwowej kosztuje i jak wskazuj\u0105 na to do\u015bwiadczenia historyczne jest to wydatek op\u0142acalny, poniewa\u017c jak g\u0142osi stara rzymska sentencja: si vis pacem para bellum!<\/p>\r\n<p><em><strong> Wojciech Podjacki<\/strong><\/em><\/p>\r\n<p>[My\u015bl Polska] Nr 25-26 (17-24.06.2012)<\/p>","protected":false},"excerpt":{"rendered":"Jeszcze do niedawna dla wi\u0119kszo\u015bci Polak\u00f3w, a w szczeg\u00f3lno\u015bci dla tych, kt\u00f3rzy mieszkaj\u0105 nad polskim morzem, do kt\u00f3rych zalicza si\u0119 r\u00f3wnie\u017c autor niniejszego artyku\u0142u, Marynarka Wojenna z jej chlubn\u0105 tradycj\u0105 i codzienn\u0105 s\u0142u\u017cb\u0105 w obronie morskich granic by\u0142a powodem do prawdziwej dumy. Mieszka\u0144cy Pomorza zachowali w \u017cywej pami\u0119ci bohaterstwo obro\u0144c\u00f3w Westerplatte, Oksywia i Helu, marynarzy [&hellip;]","protected":false},"author":1,"featured_media":0,"comment_status":"closed","ping_status":"closed","sticky":false,"template":"","format":"standard","meta":{"_acf_changed":false,"_monsterinsights_skip_tracking":false,"_monsterinsights_sitenote_active":false,"_monsterinsights_sitenote_note":"","_monsterinsights_sitenote_category":0,"ngg_post_thumbnail":0,"footnotes":"","_wp_rev_ctl_limit":""},"categories":[9],"tags":[92,84],"acf":[],"_links":{"self":[{"href":"https:\/\/www.bibula.com\/index.php?rest_route=\/wp\/v2\/posts\/57845"}],"collection":[{"href":"https:\/\/www.bibula.com\/index.php?rest_route=\/wp\/v2\/posts"}],"about":[{"href":"https:\/\/www.bibula.com\/index.php?rest_route=\/wp\/v2\/types\/post"}],"author":[{"embeddable":true,"href":"https:\/\/www.bibula.com\/index.php?rest_route=\/wp\/v2\/users\/1"}],"replies":[{"embeddable":true,"href":"https:\/\/www.bibula.com\/index.php?rest_route=%2Fwp%2Fv2%2Fcomments&post=57845"}],"version-history":[{"count":0,"href":"https:\/\/www.bibula.com\/index.php?rest_route=\/wp\/v2\/posts\/57845\/revisions"}],"wp:attachment":[{"href":"https:\/\/www.bibula.com\/index.php?rest_route=%2Fwp%2Fv2%2Fmedia&parent=57845"}],"wp:term":[{"taxonomy":"category","embeddable":true,"href":"https:\/\/www.bibula.com\/index.php?rest_route=%2Fwp%2Fv2%2Fcategories&post=57845"},{"taxonomy":"post_tag","embeddable":true,"href":"https:\/\/www.bibula.com\/index.php?rest_route=%2Fwp%2Fv2%2Ftags&post=57845"}],"curies":[{"name":"wp","href":"https:\/\/api.w.org\/{rel}","templated":true}]}}