{"id":57431,"date":"2012-06-07T21:42:58","date_gmt":"2012-06-08T02:42:58","guid":{"rendered":"http:\/\/www.bibula.com\/?p=57431"},"modified":"2012-06-07T21:42:58","modified_gmt":"2012-06-08T02:42:58","slug":"ilu-rosjan-na-euro-msw-nie-wie","status":"publish","type":"post","link":"https:\/\/www.bibula.com\/?p=57431","title":{"rendered":"Ilu Rosjan na Euro? MSW nie wie"},"content":{"rendered":"<p><strong>Z Markiem Opio\u0142\u0105 (PiS), cz\u0142onkiem sejmowej Komisji ds. S\u0142u\u017cb Specjalnych, rozmawia Maciej Walaszczyk<\/strong> <br \/><br \/> <strong>Dwa dni przed rozpocz\u0119ciem mistrzostw Europy w pi\u0142ce no\u017cnej sejmowa Komisja ds. S\u0142u\u017cb Specjalnych spotka\u0142a si\u0119 z przedstawicielami MSW, ministerstwa sportu, ABW i innych instytucji, by uzyska\u0107 informacje na temat bezpiecze\u0144stwa w czasie ich trwania. Jak wi\u0119c ocenia Pan zabezpieczenie imprezy po tym, co m\u00f3g\u0142 us\u0142ysze\u0107 na komisji? Wcze\u015bniej pojawi\u0142o si\u0119 kilka opinii, kt\u00f3re musz\u0105 niepokoi\u0107, m.in. by\u0142ego szefa ABW Bogdana \u015awi\u0119czkowskiego czy Juvala Aviva, emerytowanego oficera Mosadu, kt\u00f3ry przestrzega\u0142 przed prawdopodobie\u0144stwem zamach\u00f3w terrorystycznych w Polsce.<\/strong><\/p>\r\n<p>&#8211; S\u0142u\u017cby przedstawi\u0142y nam informacje, niestety moim zdaniem niepe\u0142ne. Na spotkaniu z pos\u0142ami nie raczy\u0142y pojawi\u0107 si\u0119 osoby najwa\u017cniejsze z punktu widzenia organizacji turnieju, m.in. minister sportu Joanna Mucha, kt\u00f3ra koordynuje wszystkie przygotowania do Euro 2012, w tym te zwi\u0105zane z bezpiecze\u0144stwem. Pami\u0119tajmy, \u017ce po zmianach, jakie rz\u0105d wprowadzi\u0142 na pocz\u0105tku roku, MSW nie koordynuje ju\u017c wszystkich dzia\u0142a\u0144 w tej dziedzinie, a odpowiedzialno\u015b\u0107 r\u00f3wnie\u017c za bezpiecze\u0144stwo spad\u0142a na minister sportu. Wczoraj nas jednak nie raczy\u0142a odwiedzi\u0107, nie pojawi\u0142 si\u0119 \u017caden z jej zast\u0119pc\u00f3w w resorcie, jedynie jeden z urz\u0119dnik\u00f3w. Co ciekawe, nie by\u0142o r\u00f3wnie\u017c ministra Cichockiego, nie przyszed\u0142 te\u017c \u017caden z szef\u00f3w s\u0142u\u017cb specjalnych, tylko ich zast\u0119pcy. W zwi\u0105zku z tym przedstawiona nam informacja by\u0142a niepe\u0142na, podana raczej z pozycji urz\u0119dnik\u00f3w odpowiedzialnych za dany wycinek spraw. Jak wiadomo, szefowie maj\u0105 szerszy ogl\u0105d sytuacji i dysponuj\u0105 spektrum informacji i wniosk\u00f3w z nich wynikaj\u0105cych.<br \/> <br \/> <strong>To jak wygl\u0105da stan bezpiecze\u0144stwa tu\u017c przed imprez\u0105?<\/strong><\/p>\r\n<p>&#8211; Z tych informacji, kt\u00f3re nam przekazano, osoby odpowiedzialne za bezpiecze\u0144stwo w czasie Euro 2012 uwa\u017caj\u0105, \u017ce w tej chwili nie ma \u017cadnych zagro\u017ce\u0144. By\u0142y natomiast r\u00f3\u017cnego rodzaju niepokoj\u0105ce sygna\u0142y, kt\u00f3re s\u0105 wci\u0105\u017c weryfikowane. W zwi\u0105zku z tym s\u0142u\u017cby nie mog\u0142y oceni\u0107, na ile by\u0142y one powa\u017cne. Jedno z takich zdarze\u0144 jest obecnie finalizowane na drodze procesowej. By\u0142y te\u017c sygna\u0142y fa\u0142szywe. Jaka jest prawda, oczywi\u015bcie zobaczymy w praktyce. Mnie interesowa\u0142o jednak co\u015b innego, poniewa\u017c wszyscy skupiali swoj\u0105 uwag\u0119 na miastach gospodarzach, ewentualnie na miejscach zgrupowa\u0144 dru\u017cyn bior\u0105cych udzia\u0142 w mistrzostwach, wa\u017cne natomiast jest r\u00f3wnie\u017c to, jak b\u0119d\u0105 zabezpieczone np. strefy kibica w mniejszych miejscowo\u015bciach, a znajduj\u0105 si\u0119 one nawet w miasteczkach powiatowych. B\u0119d\u0105 tam przecie\u017c spore zgromadzenia ludzi.<br \/> <br \/> <strong>Gdzie na przyk\u0142ad?<\/strong><\/p>\r\n<p>&#8211; Chodzi m.in. o wojew\u00f3dztwo mazowieckie, gdzie rosyjscy kibice wykupili prawie wi\u0119kszo\u015b\u0107 miejsc hotelowych. Ciekawi\u0142o mnie, jak b\u0119dzie wygl\u0105da\u0142o zabezpieczenie tych miejscowo\u015bci w kontek\u015bcie plan\u00f3w likwidacji posterunk\u00f3w policyjnych w tak newralgicznym czasie. W mojej ocenie, jest to oczywi\u015bcie nieodpowiedzialne dzia\u0142anie.<br \/> <br \/> <strong>Ilu w\u0142a\u015bciwie Rosjan ma przyjecha\u0107 do Polski? MSW ma jakie\u015b informacje na ten temat? Niekt\u00f3rzy m\u00f3wi\u0105 nawet o 50 tysi\u0105cach.<\/strong><\/p>\r\n<p>&#8211; S\u0142u\u017cby nie by\u0142y w stanie nam powiedzie\u0107, ile ostatecznie wydano wiz wjazdowych do Polski dla obywateli Federacji Rosyjskiej na ten okres. To jest jednak zadziwiaj\u0105ce, a w mojej ocenie troch\u0119 niefrasobliwe. Instytucje rz\u0105dowe oceniaj\u0105, \u017ce na mistrzostwa przyjedzie do Polski od 30 do 40 tys. Rosjan.<br \/> <br \/> <strong>A jaka jest opinia s\u0142u\u017cb czy MSW w kontek\u015bcie zapowiadanych prowokacji, a wi\u0119c przemarszu ulicami Warszawy, zapowiadanych burd, manifestowania symboliki sowieckiej?<\/strong><\/p>\r\n<p>&#8211; Uczulali\u015bmy w\u0142a\u015bnie przedstawicieli s\u0142u\u017cb na sytuacje prowokacyjne, prosili\u015bmy ich o to, by byli na to bardzo mocno wyczuleni. Zapewniano nas, \u017ce wszystkie zgromadzenia b\u0119d\u0105 monitorowane, a w sytuacjach zagra\u017caj\u0105cych porz\u0105dkowi publicznemu b\u0119d\u0105 reagowa\u0107. Je\u015bli odb\u0119dzie si\u0119 przemarsz kibic\u00f3w rosyjskich z symbolami sowieckimi, to b\u0119dzie musia\u0142a reagowa\u0107 na to policja, ale tylko w sytuacji, gdy b\u0119dzie mia\u0142a miejsce indoktrynacja za ich pomoc\u0105.<br \/> <br \/> <strong>Jak co miesi\u0105c 10 czerwca odb\u0119d\u0105 si\u0119 uroczysto\u015bci zwi\u0105zane z katastrof\u0105 smole\u0144sk\u0105. Ta sprawa wiele os\u00f3b niepokoi, czy nie dojdzie do prowokacji, w Bristolu mieszkaj\u0105 rosyjscy pi\u0142karze.<\/strong><\/p>\r\n<p>&#8211; Faktycznie, mieszkaj\u0105 tam pi\u0142karze, kt\u00f3rzy przyci\u0105gaj\u0105 du\u017ce grono kibic\u00f3w. Mam nadziej\u0119, \u017ce \u017cadnemu z nich nie wpadnie do g\u0142owy zak\u0142\u00f3ci\u0107 obchod\u00f3w miesi\u0119cznicy katastrofy smole\u0144skiej. Pami\u0119tajmy, \u017ce zawsze po Mszy \u015bw. w archikatedrze \u015bw. Jana przechodzi poch\u00f3d pod Pa\u0142ac Prezydencki. Chodzi o to, by w tym miejscu wszyscy zachowali si\u0119 godnie i by z niczyjej strony nie dosz\u0142o do eksces\u00f3w. Z drugiej strony wed\u0142ug mnie jest wielk\u0105 niefrasobliwo\u015bci\u0105 urz\u0119dnik\u00f3w proponowanie jakiejkolwiek dru\u017cynie hotelu s\u0105siaduj\u0105cego bezpo\u015brednio, \u015bciana w \u015bcian\u0119 z Pa\u0142acem Prezydenckim. Obecno\u015b\u0107 kibic\u00f3w mo\u017ce sprzyja\u0107 prowokacjom, a nawet zwi\u0119kszy\u0107 prawdopodobie\u0144stwo dzia\u0142a\u0144 terrorystycznych wymierzonych w porz\u0105dek prawny.<br \/> <br \/> <strong>Gdy Pana s\u0142ucham, wyczuwam, \u017ce raczej nie liczy Pan na ochron\u0119 kilkutysi\u0119cznego pochodu i wiecu ze strony policji. Wiemy przecie\u017c, \u017ce gdy policja chce, to potrafi skutecznie zabezpieczy\u0107 np. parady homoseksualist\u00f3w, gdzie na jednego z uczestnik\u00f3w przypada\u0142o trzech funkcjonariuszy. Wiadomo, \u017ce policja potrafi te\u017c wprowadzi\u0107 chaos, jak podczas Marszu Niepodleg\u0142o\u015bci, lub udawa\u0107, \u017ce nic si\u0119 nie dzieje. Boi si\u0119 Pan po prostu, \u017ce na wybryki i prowokacje Rosjan policja czy stra\u017c miejska b\u0119d\u0105 przymyka\u0107 oko?<\/strong><\/p>\r\n<p>&#8211; Po do\u015bwiadczeniach minionych dw\u00f3ch lat mam takie obawy. Wiemy, co dzia\u0142o si\u0119 przed Pa\u0142acem Prezydenckim, gdy sta\u0142 tam jeszcze krzy\u017c. Dochodzi\u0142o tam w\u00f3wczas do eksces\u00f3w, zniewa\u017cania krzy\u017ca i os\u00f3b przy nim zgromadzonych. Dzia\u0142o si\u0119 to przy kompletnej bierno\u015bci policji. Gdy obchodzono pierwsz\u0105 rocznic\u0119 katastrofy smole\u0144skiej, policja reagowa\u0142a odwrotnie do sytuacji. Pami\u0119tamy zablokowany przez kordony funkcjonariuszy i barierki Pa\u0142ac Prezydencki, gdzie nawet delegacja parlamentarzyst\u00f3w nie mog\u0142a z\u0142o\u017cy\u0107 kwiat\u00f3w. Dlatego maj\u0105c to wszystko na uwadze, mocno zastanawiam si\u0119 nad tym, jak zareaguje policja w sytuacji prowokacji, szczeg\u00f3lnie tego dnia i w tym miejscu.<br \/> <br \/> <strong>Jak Pan ocenia zabezpieczenia przed najwi\u0119kszym zagro\u017ceniem, a wi\u0119c atakiem terrorystycznym? Polska w ko\u0144cu od lat jest cz\u0142onkiem koalicji zwalczaj\u0105cej terroryzm, bierzemy udzia\u0142 w wojnie afga\u0144skiej. Jeste\u015bmy stron\u0105 w tym konflikcie.<\/strong><\/p>\r\n<p>&#8211; Co ciekawe, na posiedzenie komisji nie przyszli przedstawiciele s\u0142u\u017cb wojskowych. Przypomnijmy, \u017ce nasz kontyngent w Afganistanie funkcjonuje w warunkach bojowych. Dlatego \u017ale si\u0119 sta\u0142o, \u017ce na posiedzeniu nie by\u0142o ministra Cichockiego, kt\u00f3ry nadzoruje wszelkie s\u0142u\u017cby specjalne i ma pe\u0142n\u0105 wiedz\u0119 na ten temat. Tymczasem mnie interesowa\u0142o, czy w tym czasie nie dojdzie do nasilenia atak\u00f3w na \u017co\u0142nierzy polskich. Uspokajano mnie, \u017ce mistrzostwa pi\u0142karskie nie s\u0105 a\u017c tak wa\u017cn\u0105 imprez\u0105, by ktokolwiek w \u015bwiecie arabsko-muzu\u0142ma\u0144skim j\u0105 w og\u00f3le zauwa\u017cy\u0142. W mojej ocenie, nie mo\u017cna do tego tematu tak podchodzi\u0107. Ponadto w czasie mistrzostw b\u0119d\u0105 mia\u0142y miejsce spore zgromadzenia ludzi i mo\u017ce by\u0107 to wykorzystane przez jakich\u015b ekstremist\u00f3w. Trzeba np. odrobi\u0107 lekcj\u0119 z tego, co mia\u0142o miejsce w Norwegii, a wi\u0119c masakry, jakiej dokona\u0142 Anders Breivik. Najwi\u0119ksza strefa kibica zosta\u0142a zorganizowana na najwi\u0119kszym placu budowy w Warszawie. Prosz\u0119 o tym pami\u0119ta\u0107. Dlatego tego rodzaju miejsca musz\u0105 by\u0107 szczeg\u00f3lnie monitorowane. Niezb\u0119dna jest mi\u0119dzynarodowa koordynacja takich zabezpiecze\u0144 ze strony s\u0142u\u017cb specjalnych.<br \/> <br \/> <strong>Dzi\u0119kuj\u0119 za rozmow\u0119.<\/strong><\/p>","protected":false},"excerpt":{"rendered":"Z Markiem Opio\u0142\u0105 (PiS), cz\u0142onkiem sejmowej Komisji ds. S\u0142u\u017cb Specjalnych, rozmawia Maciej Walaszczyk Dwa dni przed rozpocz\u0119ciem mistrzostw Europy w pi\u0142ce no\u017cnej sejmowa Komisja ds. S\u0142u\u017cb Specjalnych spotka\u0142a si\u0119 z przedstawicielami MSW, ministerstwa sportu, ABW i innych instytucji, by uzyska\u0107 informacje na temat bezpiecze\u0144stwa w czasie ich trwania. Jak wi\u0119c ocenia Pan zabezpieczenie imprezy po [&hellip;]","protected":false},"author":1,"featured_media":0,"comment_status":"closed","ping_status":"closed","sticky":false,"template":"","format":"standard","meta":{"_acf_changed":false,"_monsterinsights_skip_tracking":false,"_monsterinsights_sitenote_active":false,"_monsterinsights_sitenote_note":"","_monsterinsights_sitenote_category":0,"ngg_post_thumbnail":0,"footnotes":"","_wp_rev_ctl_limit":""},"categories":[8],"tags":[92,141,213],"acf":[],"_links":{"self":[{"href":"https:\/\/www.bibula.com\/index.php?rest_route=\/wp\/v2\/posts\/57431"}],"collection":[{"href":"https:\/\/www.bibula.com\/index.php?rest_route=\/wp\/v2\/posts"}],"about":[{"href":"https:\/\/www.bibula.com\/index.php?rest_route=\/wp\/v2\/types\/post"}],"author":[{"embeddable":true,"href":"https:\/\/www.bibula.com\/index.php?rest_route=\/wp\/v2\/users\/1"}],"replies":[{"embeddable":true,"href":"https:\/\/www.bibula.com\/index.php?rest_route=%2Fwp%2Fv2%2Fcomments&post=57431"}],"version-history":[{"count":0,"href":"https:\/\/www.bibula.com\/index.php?rest_route=\/wp\/v2\/posts\/57431\/revisions"}],"wp:attachment":[{"href":"https:\/\/www.bibula.com\/index.php?rest_route=%2Fwp%2Fv2%2Fmedia&parent=57431"}],"wp:term":[{"taxonomy":"category","embeddable":true,"href":"https:\/\/www.bibula.com\/index.php?rest_route=%2Fwp%2Fv2%2Fcategories&post=57431"},{"taxonomy":"post_tag","embeddable":true,"href":"https:\/\/www.bibula.com\/index.php?rest_route=%2Fwp%2Fv2%2Ftags&post=57431"}],"curies":[{"name":"wp","href":"https:\/\/api.w.org\/{rel}","templated":true}]}}