{"id":57327,"date":"2012-06-03T15:08:52","date_gmt":"2012-06-03T20:08:52","guid":{"rendered":"http:\/\/www.bibula.com\/?p=57327"},"modified":"2012-06-03T15:11:33","modified_gmt":"2012-06-03T20:11:33","slug":"gaffa-starannie-zaprojektowana-stanislaw-michalkiewicz","status":"publish","type":"post","link":"https:\/\/www.bibula.com\/?p=57327","title":{"rendered":"Gaffa starannie zaprojektowana &#8211; <em>Stanis\u0142aw Michalkiewicz<\/em>"},"content":{"rendered":"<p>Ajajajajajajaj! Co za gaffa, co za obciach, co za wstyd! Przemawiaj\u0105c podczas uroczysto\u015bci wr\u0119czania Medali Wolno\u015bci prezydent Barack Obama wspomnia\u0142 r\u00f3wnie\u017c o nagrodzonym po\u015bmiertnie tym medalem Janie Karskim, a w\u0142a\u015bciwie &#8211; J\u00f3zefie Kozielewskim, kt\u00f3ry w czasie wojny informowa\u0142 zachodnich m\u0119\u017c\u00f3w stanu o losie \u017byd\u00f3w w gettach i \u201e<em>polskich obozach \u015bmierci<\/em>\u201d. W\u0142a\u015bnie tak wyrazi\u0142 si\u0119 prezydent Stan\u00f3w Zjednoczonych &#8211; co w naszym nieszcz\u0119\u015bliwym kraju wywo\u0142a\u0142o skandal. Wykazuj\u0105c tzw. l\u2019esprit d\u2019escallier, zaprotestowa\u0142 nawet pan Adam Daniel Rotfeld. W odwecie rzecznik Bia\u0142ego Domu mia\u0142 wyrazi\u0107 ubolewanie, ale to oczywi\u015bcie nie wystarcza, bo oburzenie wywo\u0142ane s\u0142owami ameryka\u0144skiego prezydenta jest wielkie. Tak wielkie, \u017ce a\u017c pan Waldemar Kuczy\u0144ski, kt\u00f3ry te\u017c si\u0119 &#8211; jak twierdzi &#8211; \u201e<em>wkurzy\u0142<\/em>\u201d, zacz\u0105\u0142 si\u0119 od tego powszechnego oburzenia dystansowa\u0107 i radzi\u0107 naszemu obra\u017calskiemu narodowi, \u017ceby nabra\u0142 troch\u0119 dystansu.<\/p>\r\n<p>Nie jest to rada w samej rzeczy z\u0142a, chocia\u017c z drugiej strony niepodobna nie zauwa\u017cy\u0107, \u017ce s\u0105 na tym \u015bwiecie narody jeszcze bardziej obra\u017calskie od naszego &#8211; ale o ile pami\u0119tam, pan Waldemar Kuczy\u0144ski nigdy nie odwa\u017cy\u0142 si\u0119 im doradza\u0107, \u017ceby si\u0119 nieco zmitygowa\u0142y. Nie przypominam sobie nawet, by mitygowa\u0142 gorliwych pomocnik\u00f3w obra\u017calskich narod\u00f3w, kt\u00f3rzy z wyszukiwania przypadk\u00f3w obrazy i obra\u017caj\u0105cych uczynili sobie nawet spos\u00f3b na dostatnie i szcz\u0119\u015bliwe \u017cycie. Ale bo te\u017c s\u0105 narody i narody. Jedne s\u0105 \u201e<em>wybrane<\/em>\u201d, a drugie &#8211; mniej warto\u015bciowe, w zwi\u0105zku z czym, zgodnie z przys\u0142owiem: co wolno wojewodzie, to nie tobie, smrodzie &#8211; tym drugim si\u0119 tak o wszystko obra\u017ca\u0107 nie wypada, a ju\u017c zw\u0142aszcza &#8211; nie wypada im zak\u0142ada\u0107 \u017cadnych \u201e<em>Lig Antydefamacyjnych<\/em>\u201d, kt\u00f3re pi\u0119tnowa\u0142yby rozmaite gaffy.<\/p>\r\n<p>Poniewa\u017c nasz mniej warto\u015bciowy nar\u00f3d tubylczy, a przynajmniej niekt\u00f3rzy jego Umi\u0142owani Przyw\u00f3dcy postawili spraw\u0119 na gruncie presti\u017cowym, domagaj\u0105c si\u0119 od ameryka\u0144skiego prezydenta przeprosin na pi\u015bmie, to rozw\u00f3j sytuacji mo\u017ce obfitowa\u0107 w zaskakuj\u0105ce momenty i zwroty. W oczekiwaniu na te niezapomniane prze\u017cycia zwr\u00f3\u0107my uwag\u0119, \u017ce pan prezydent Obama swoje przem\u00f3wienie odczyta\u0142. To znaczy, \u017ce zosta\u0142o ono uprzednio przygotowane przez pracownik\u00f3w Bia\u0142ego Domu; kto\u015b je napisa\u0142, a potem &#8211; kto\u015b je zatwierdzi\u0142 do wyg\u0142oszenia przez prezydenta. Wynika z tego, \u017ce tak naprawd\u0119 nie mamy do czynienia z \u017cadn\u0105 gaff\u0105 prezydenta Baracka Obamy, kt\u00f3ry po prostu przeczyta\u0142 to, co podsun\u0119li mu starsi i m\u0105drzejsi, kt\u00f3rzy w takim razie albo my\u015bl\u0105, \u017ce to Polacy zak\u0142adali podczas drugiej wojny \u015bwiatowej \u201e<em>polskie obozy \u015bmierci<\/em>\u201d, w kt\u00f3rych oddawali si\u0119 z upodobaniem swoim ulubionym rozrywkom, albo te\u017c wiedz\u0105 doskonale, \u017ce \u017cadnych \u201e<em>polskich oboz\u00f3w \u015bmierci<\/em>\u201d nie by\u0142o, ale taki tekst podsun\u0119li ameryka\u0144skiemu prezydentowi, realizuj\u0105c dwie skoordynowane polityki historyczne, kt\u00f3re w najwi\u0119kszym skr\u00f3cie mo\u017cna nazwa\u0107 antypolonizmem.<\/p>\r\n<p>Warto pami\u0119ta\u0107, \u017ce szefem administracji Bia\u0142ego Domu przy prezydencie Baracku Obamie zosta\u0142 Emanuel Israel Rahm, kt\u00f3rego \u201e<em>Gazeta Wyborcza<\/em>\u201d w swoim czasie szalenie nam str\u0119czy\u0142a na \u201e<em>wielkiego przyjaciela Polak\u00f3w<\/em>\u201d. Najwyra\u017aniej dosz\u0142o ju\u017c do tego, \u017ce nawet przyjaci\u00f3\u0142 nie mo\u017cemy dobiera\u0107 sobie na w\u0142asna r\u0119k\u0119, tylko musimy znosi\u0107 tych nastr\u0119czonych lub inaczej &#8211; nam przydzielonych. Rosyjski ksi\u0105\u017c\u0119 Gorczakow twierdzi\u0142, \u017ce nie wierzy nie zdementowanym informacjom prasowym, wi\u0119c wypada odnotowa\u0107, i\u017c Emanuel Rahm zaprzecza\u0142 jakoby mia\u0142 obywatelstwo izraelskie i by\u0142 wsp\u00f3\u0142pracownikiem tamtejszej razwiedki.<\/p>\r\n<p>Gdyby te informacje by\u0142y prawdziwe, to by dobrze wyja\u015bnia\u0142y przyczyny umieszczenia w przem\u00f3wieniu ameryka\u0144skiego prezydenta zwrotu: \u201e<em>polskie obozy \u015bmierci<\/em>\u201d. Poniewa\u017c jednak Emanuel Rahm zapewnia, \u017ce prawdziwe nie s\u0105, to oczywi\u015bcie nie wypada nam zaprzecza\u0107, ale mo\u017cemy wyci\u0105gn\u0105\u0107 wniosek, i\u017c ani obywatelstwo, ani wsp\u00f3\u0142praca z izraelsk\u0105 razwiedk\u0105 nie s\u0105 konieczne dla aktywnej realizacji izraelskiej, a \u015bci\u015blej &#8211; \u017cydowskiej polityki historycznej, kt\u00f3ra &#8211; przynajmniej od roku 1998 &#8211; sprawia wra\u017cenie \u015bci\u015ble koordynowanej z polityk\u0105 historyczn\u0105 niemieck\u0105. Rzecz ca\u0142a rozpocz\u0119\u0142a si\u0119 w pocz\u0105tkach lat 90-tych, kiedy to pod adresem polskiego narodu &#8211; nie jakich\u015b jego konkretnych przedstawicieli, tylko ca\u0142ego narodu &#8211; pojawi\u0142 si\u0119 wysuni\u0119ty przez \u017cydowskie organizacje wiadomego przemys\u0142u zarzut \u201e<em>bierno\u015bci<\/em>\u201d w obliczu holokaustu. Pomijaj\u0105c ju\u017c zasad\u0119 odpowiedzialno\u015bci zbiorowej, ci oskar\u017cyciele nie precyzowali, co takiego nar\u00f3d polski powinien jeszcze zrobi\u0107, ponadto co zrobi\u0142 &#8211; a zrobi\u0142 wcale nie tak ma\u0142o &#8211; by nie zas\u0142u\u017cy\u0107 na tak\u0105 recenzj\u0119.<\/p>\r\n<p>Jeszcze bardziej zagadkowe by\u0142y przyczyny, dla kt\u00f3rych takie oskar\u017cenie zosta\u0142o wysuni\u0119te &#8211; ale to wyja\u015bni\u0142o si\u0119 w roku 1994, kiedy to do prasy ameryka\u0144skiej przeciek\u0142a informacja, \u017ce wed\u0142ug czo\u0142owych ameryka\u0144skich polityk\u00f3w, je\u015bli kraje Europy \u015arodkowej nie zado\u015b\u0107uczyni\u0105 \u017cydowskim roszczeniom maj\u0105tkowym, to stosunki USA z tymi krajami si\u0119 pogorsz\u0105. Oznacza\u0142o to zablokowanie stara\u0144 o przyst\u0105pienie do NATO, wi\u0119c rz\u0105d premiera Cimoszewicza aluzj\u0119 poj\u0105\u0142 i skierowa\u0142 do Sejmu projekt ustawy o stosunku pa\u0144stwa do gmin wyznaniowych \u017cydowskich. Ustawa ta przewidywa\u0142a transfer mienia w nieruchomo\u015bciach szacunkowej warto\u015bci oko\u0142o 10 mld dolar\u00f3w na rzecz 9 istniej\u0105cych gmin \u017cydowskich w Polsce i nowojorskiej Organizacji Restytucji Mienia \u017bydowskiego. Kiedy ustawa ta zosta\u0142a uchwalona, natychmiast okaza\u0142o si\u0119, \u017ce nieroztropnie jest ulega\u0107 szanta\u017cystom. W kwietniu 1996 roku \u00f3wczesny sekretarz \u015awiatowego Kongresu \u017byd\u00f3w, Izrael Singer powiedzia\u0142, \u017ce je\u015bli Polska nie zado\u015b\u0107uczyni roszczeniom maj\u0105tkowym os\u00f3b prywatnych, to b\u0119dzie \u201e<em>upokarzana na arenie mi\u0119dzynarodowej<\/em>\u201d. C\u00f3\u017c oznacza\u0142a ta pogr\u00f3\u017cka? Wypowiedzenie narodowi polskiemu wojny psychologicznej, w kt\u00f3rej stawk\u0105 by\u0142a reputacja; czy nar\u00f3d polski nadal b\u0119dzie uwa\u017cany za nar\u00f3d taki sam jak wszystkie, czy te\u017c zostanie mu przypisana reputacja narodu morderc\u00f3w.<\/p>\r\n<p>Te pogr\u00f3\u017cki przedziwnie zbieg\u0142y si\u0119 w czasie z pewnymi przewarto\u015bciowaniami w Niemczech, kt\u00f3rych rezultat ujawni\u0142 si\u0119 w przem\u00f3wieniu kanclerza Gerarda Schroedera, i\u017c \u201e<em>okres niemieckiej pokuty dobieg\u0142 ko\u0144ca<\/em>\u201d. Najwyra\u017aniej w Niemczech pod koniec lat 90-tych doszli do wniosku, \u017ce 100 mld marek wyp\u0142acone \u017cydowskim organizacjom i Izraelowi tytu\u0142em odszkodowa\u0144 najzupe\u0142niej wystarczy, zw\u0142aszcza, \u017ce dostawy okr\u0119t\u00f3w podwodnych zdolnych do przenoszenia broni j\u0105drowej, kt\u00f3rej Izrael, jak wiadomo, \u201e<em>nie posiada<\/em>\u201d, te\u017c s\u0105 troch\u0119 warte. Tak czy owak, deklaracja kanclerza Schroedera stwarza\u0142a i dla Izraela i \u017cydowskich organizacji przemys\u0142u holokaustu k\u0142opotliw\u0105 sytuacj\u0119; je\u015bli Niemcy przestan\u0105 \u201e<em>pokutowa\u0107<\/em>\u201d, to \u015bwiat wkr\u00f3tce mo\u017ce sobie pomy\u015ble\u0107, \u017ce wszystkie ofiary zmar\u0142y \u015bmierci\u0105 naturaln\u0105, a to z kolei mo\u017ce pozbawi\u0107 zar\u00f3wno Izrael, jak i wspomniane organizacje, niezwykle lukratywnego statusu ofiary. \u0179eby temu zapobiec, nale\u017ca\u0142o \u017cydowsk\u0105 polityk\u0119 historyczn\u0105 skoordynowa\u0107 z niemieck\u0105 w taki spos\u00f3b, by w miar\u0119 zdejmowania odpowiedzialno\u015bci z Niemiec, przerzuca\u0107 j\u0105 na winowajc\u0119 zast\u0119pczego, na kt\u00f3rego wyj\u0105tkowo dobrze nadawa\u0142a si\u0119 Polska, jako \u017ce znaczna cz\u0119\u015b\u0107 tych zbrodni dokona\u0142a si\u0119 na polskim terytorium pa\u0144stwowym.<\/p>\r\n<p>Wyrazem tej koordynacji by\u0142o rozdmuchanie incydentu w Jedwabnem za spraw\u0105 \u201e<em>\u015bwiatowej s\u0142awy historyka<\/em>\u201d, kt\u00f3ry napisa\u0142 ksi\u0105\u017ck\u0119 \u201e<em>S\u0105siedzi<\/em>\u201d o tym, jak to tubylcza dzicz wymordowa\u0142a w tej miejscowo\u015bci swoich s\u0105siad\u00f3w. Jak\u0105\u015b niejasn\u0105 rol\u0119 w tym wszystkim odegrali jeszcze Niemcy, to znaczy &#8211; pardon &#8211; \u017cadni tam \u201e<em>Niemcy<\/em>\u201d, tylko \u201e<em>nazi\u015bci<\/em>\u201d, kt\u00f3rych pierwsz\u0105 ofiar\u0105 byli w\u0142a\u015bnie Niemcy &#8211; ale by\u0142o oczywiste, \u017ce w roku 2001, kiedy to w Jedwabnem odby\u0142y si\u0119 z przytupem rocznicowe uroczysto\u015bci, mamy do czynienia z wyra\u017an\u0105 eskalacj\u0105 oskar\u017ce\u0144 wobec narodu polskiego. Ju\u017c nie \u201e<em>bierno\u015b\u0107<\/em>\u201d, tylko aktywny wsp\u00f3\u0142udzia\u0142. Ale to by\u0142 tylko etap przej\u015bciowy, bo kiedy si\u0119 okaza\u0142o, i\u017c \u015bwiat, a nawet i cz\u0119\u015b\u0107 mniej warto\u015bciowego narodu tubylczego, \u0142yka opowie\u015bci \u201e<em>\u015bwiatowej s\u0142awy historyka<\/em>\u201d z otwart\u0105 g\u0119b\u0105, to koordynuj\u0105cy obydwie polityki historyczne pierwszorz\u0119dni fachowcy doszli do wniosku, \u017ce nie ma co marudzi\u0107 i trzeba przej\u015b\u0107 do nast\u0119pnego etapu eskalacji.<\/p>\r\n<p>Tedy w lipcu 2011 roku prezydent Komorowski wystosowa\u0142 do uczestnik\u00f3w drugiej rocznicowej uroczysto\u015bci w Jedwabnem list odczytany przez znanego z \u201e<em>postawy s\u0142u\u017cebnej<\/em>\u201d Tadeusza Mazowieckiego, w kt\u00f3rym znalaz\u0142o si\u0119 zdanie, i\u017c nar\u00f3d polski musi przyzwyczai\u0107 si\u0119 do my\u015bli, \u017ce by\u0142 r\u00f3wnie\u017c sprawc\u0105. To znaczy &#8211; sprawc\u0105 samodzielnym, niezale\u017cnym od \u017cadnych mitycznych \u201e<em>nazist\u00f3w<\/em>\u201d. List prezydenta Komorowskiego, poprzedzony oczywi\u015bcie kolejn\u0105 makabresk\u0105 \u201e<em>\u015bwiatowej s\u0142awy historyka<\/em>\u201d pod tytu\u0142em \u201e<em>Strach<\/em>\u201d, zamyka proces przerzucania odpowiedzialno\u015bci na winowajc\u0119 zast\u0119pczego, na kt\u00f3rego autorzy i koordynatorzy obydwu polityk historycznych wytypowali Polsk\u0119. No to dlaczego w tej sytuacji prezydent Obama nie mo\u017ce wyg\u0142osi\u0107 przem\u00f3wienia o \u201e<em>polskich obozach \u015bmierci<\/em>\u201d? Nie tylko mo\u017ce, ale nawet powinien &#8211; bo je\u015bli nawet potem wyrazi si\u0119 \u201e<em>ubolewanie<\/em>\u201d, to takie przem\u00f3wienie us\u0142yszy ca\u0142y \u015bwiat, kt\u00f3remu ten zwrot utrwali si\u0119 w pami\u0119ci na dziesi\u0119ciolecia, a mo\u017ce nawet stulecia. Jaki jest cel tej ca\u0142ej operacji &#8211; to osobna sprawa &#8211; wi\u0119c tylko dodam, \u017ce naiwno\u015bci\u0105 jest mniemanie, i\u017c tak szeroko zakrojona operacja, do kt\u00f3rej w charakterze \u015blepego instrumentu wykorzystano nawet ameryka\u0144skiego prezydenta, nie ma \u017cadnego celu. Ma go, a jak\u017ce, podobnie jak w wieku XVIII, bo przecie\u017c historia si\u0119 powtarza i to nie tylko jako farsa, ale r\u00f3wnie\u017c &#8211; jako tragedia.<\/p>\r\n<p><strong><em>Stanis\u0142aw Michalkiewicz<\/em><\/strong><\/p>\r\n<p><em>Sta\u0142y komentarz Stanis\u0142awa Michalkiewicza ukazuje si\u0119 w ka\u017cdym numerze tygodnika \u201eGoniec\u201d (Toronto, Kanada).<\/em><\/p>\r\n<p>Komentarz \u00a0<strong>\u2022<\/strong>\u00a0 tygodnik \u201eGoniec\u201d (Toronto) \u00a0<strong>\u2022<\/strong>\u00a0 3 czerwca 2012<\/p>","protected":false},"excerpt":{"rendered":"Ajajajajajajaj! Co za gaffa, co za obciach, co za wstyd! Przemawiaj\u0105c podczas uroczysto\u015bci wr\u0119czania Medali Wolno\u015bci prezydent Barack Obama wspomnia\u0142 r\u00f3wnie\u017c o nagrodzonym po\u015bmiertnie tym medalem Janie Karskim, a w\u0142a\u015bciwie &#8211; J\u00f3zefie Kozielewskim, kt\u00f3ry w czasie wojny informowa\u0142 zachodnich m\u0119\u017c\u00f3w stanu o losie \u017byd\u00f3w w gettach i \u201epolskich obozach \u015bmierci\u201d. W\u0142a\u015bnie tak wyrazi\u0142 si\u0119 prezydent [&hellip;]","protected":false},"author":1,"featured_media":0,"comment_status":"closed","ping_status":"closed","sticky":false,"template":"","format":"standard","meta":{"_acf_changed":false,"_monsterinsights_skip_tracking":false,"_monsterinsights_sitenote_active":false,"_monsterinsights_sitenote_note":"","_monsterinsights_sitenote_category":0,"ngg_post_thumbnail":0,"footnotes":"","_wp_rev_ctl_limit":""},"categories":[9],"tags":[22,92,53,34,21,221],"acf":[],"_links":{"self":[{"href":"https:\/\/www.bibula.com\/index.php?rest_route=\/wp\/v2\/posts\/57327"}],"collection":[{"href":"https:\/\/www.bibula.com\/index.php?rest_route=\/wp\/v2\/posts"}],"about":[{"href":"https:\/\/www.bibula.com\/index.php?rest_route=\/wp\/v2\/types\/post"}],"author":[{"embeddable":true,"href":"https:\/\/www.bibula.com\/index.php?rest_route=\/wp\/v2\/users\/1"}],"replies":[{"embeddable":true,"href":"https:\/\/www.bibula.com\/index.php?rest_route=%2Fwp%2Fv2%2Fcomments&post=57327"}],"version-history":[{"count":0,"href":"https:\/\/www.bibula.com\/index.php?rest_route=\/wp\/v2\/posts\/57327\/revisions"}],"wp:attachment":[{"href":"https:\/\/www.bibula.com\/index.php?rest_route=%2Fwp%2Fv2%2Fmedia&parent=57327"}],"wp:term":[{"taxonomy":"category","embeddable":true,"href":"https:\/\/www.bibula.com\/index.php?rest_route=%2Fwp%2Fv2%2Fcategories&post=57327"},{"taxonomy":"post_tag","embeddable":true,"href":"https:\/\/www.bibula.com\/index.php?rest_route=%2Fwp%2Fv2%2Ftags&post=57327"}],"curies":[{"name":"wp","href":"https:\/\/api.w.org\/{rel}","templated":true}]}}