{"id":57230,"date":"2012-05-31T21:34:56","date_gmt":"2012-06-01T02:34:56","guid":{"rendered":"http:\/\/www.bibula.com\/?p=57230"},"modified":"2012-05-31T15:37:00","modified_gmt":"2012-05-31T20:37:00","slug":"z-papiezem-czy-bojkotujac-papieza-1","status":"publish","type":"post","link":"https:\/\/www.bibula.com\/?p=57230","title":{"rendered":"Z Papie\u017cem czy bojkotuj\u0105c Papie\u017ca? (1)"},"content":{"rendered":"<p><em>\u201eTu es Petrus, et super hanc petram aedificabo Ecclesiam meam; et portae inferi non praevalebunt adversum eam. Tibi dabo claves regni caelorum; et quodcumque ligaveris super terram, erit ligatum in caelis, et quodcumque solveris super terram, erit solutum in caelis\u201d.<\/em><\/p>\r\n<p>\u201eTy jeste\u015b Piotr czyli Ska\u0142a, i na tej Skale zbuduj\u0119 Ko\u015bci\u00f3\u0142 m\u00f3j, a bramy piekielne go nie przemog\u0105. I tobie dam klucze kr\u00f3lestwa niebieskiego; cokolwiek zwi\u0105\u017cesz na ziemi, b\u0119dzie zwi\u0105zane w niebie, a co rozwi\u0105\u017cesz na ziemi, b\u0119dzie rozwi\u0105zane w niebie\u00bb\u201d (<em>Mt<\/em> 16, 18-19).<\/p>\r\n<p>&nbsp;<\/p>\r\n<p>\u00a0\u00a0 Istniej\u0105 pewne przes\u0142anki, aby przypuszcza\u0107, \u017ce s\u0105 pewne \u015brodowiska, kt\u00f3re \u015bwiadomie d\u0105\u017c\u0105 do bojkotowania Benedykta XVI i Jego pontyfikatu. Istniej\u0105 pewne przes\u0142anki, aby przypuszcza\u0107, \u017ce s\u0105 pewne \u015brodowiska, kt\u00f3re \u015bwiadomie d\u0105\u017c\u0105 do skompromitowania Benedykta XVI i Jego pontyfikatu. Kwestie powagi najwy\u017cszej!<\/p>\r\n<p>\u00a0\u00a0 <strong>Postulatem pozostaje cierpliwe i d\u0142ugofalowe budowanie wi\u0119zi jedno\u015bci z nast\u0119pc\u0105 \u015bw. Piotra w parafiach, wsp\u00f3lnotach, diecezjach.<\/strong> Z pewnych wzgl\u0119d\u00f3w trzeba jasno doda\u0107 i to, \u017ce na szczeg\u00f3ln\u0105 uwag\u0119 i podkre\u015blenie zas\u0142uguj\u0105 wszystkie gesty, decyzje i s\u0142owa Papie\u017ca, kt\u00f3re s\u0105 klarownym wyrazem wierno\u015bci Tradycji &#8211; a w szczeg\u00f3lno\u015bci zwyczaje zakorzenione w Tradycji. Przecie\u017c zadaniem Papie\u017ca jest umacnianie braci w wierze a nie uleganie postulatom destrukcyjnego wrzenia rewolucyjnego i gor\u0105czce zmian, jakie trawi\u0105 dzisiaj niejedno \u015brodowisko w Ko\u015bciele. Katolik wierz\u0105cy, kap\u0142an wierz\u0105cy, biskup wierz\u0105cy, papie\u017c wierz\u0105cy to wiedz\u0105: <strong>fundamentalnym punktem odniesienia dla wszystkich, kt\u00f3rzy do Ko\u015bcio\u0142a nale\u017c\u0105 pozostaje ewangeliczny postulat wierno\u015bci Chrystusowi a nie rewolucyjny postulat zmian, czy tworzenie nowej <em>religii post\u0119pu<\/em>.<\/strong><\/p>\r\n<p>\u00a0\u00a0 Dla podkre\u015blenia jedno\u015bci z Ojcem \u015awi\u0119tym &#8211; syntetyczny cykl refleksji po\u015bwi\u0119conych tej\u017ce tematyce jedno\u015bci. Dzisiaj o liturgii.<\/p>\r\n<p>&nbsp;<\/p>\r\n<p>\u00a0\u00a0 Sercem \u017cycia Ko\u015bcio\u0142a i jego misji jest \u015bwi\u0119ta liturgia celebrowana na chwa\u0142\u0119 Boga w Tr\u00f3jcy Jedynego oraz dla u\u015bwi\u0119cenia wszystkich, kt\u00f3rzy nale\u017c\u0105 do Ko\u015bcio\u0142a. Ojciec \u015awi\u0119ty Benedykt XVI daje dzisiaj Ko\u015bcio\u0142owi przynajmniej cztery wa\u017cne znaki wierno\u015bci Tradycji w zakresie \u015bwi\u0119tej liturgii:<\/p>\r\n<p>&nbsp;<\/p>\r\n<p>\u00a0\u00a0 Szeroko otworzy\u0142 Ko\u015bcio\u0142owi dost\u0119p do najdoskonalszego aktu kultu, jakim jest Msza \u015awi\u0119ta Trydencka.<\/p>\r\n<p>\u00a0\u00a0 Zachowuje stosowanie j\u0119zyka \u0142aci\u0144skiego.<\/p>\r\n<p>\u00a0\u00a0 Udziela Komunii \u015awi\u0119tej katolikom, kt\u00f3rzy zachowuj\u0105 postaw\u0119 kl\u0119cz\u0105c\u0105.<\/p>\r\n<p>\u00a0\u00a0 Celebruje Ofiar\u0119 Mszy \u015awi\u0119tej przy o\u0142tarzu, na kt\u00f3rym Krzy\u017c zajmuje centralne miejsce &#8211; zwr\u00f3cony pasyjk\u0105 w stron\u0119 celebransa.<\/p>\r\n<p>&nbsp;<\/p>\r\n<p>\u00a0\u00a0 Kard. Antonio Ca\u00c3\u00b1izares Llovera, Prefekt Kongregacji ds. Kultu Bo\u017cego i Dyscypliny Sakrament\u00f3w, w wywiadzie dla miesi\u0119cznika 30giorni, w lutym 2009 roku przypomnia\u0142 wa\u017cn\u0105 zasad\u0119: <strong>\u201ePapieskie liturgie rzeczywi\u015bcie zawsze by\u0142y i nadal s\u0105 wzorcowe dla ca\u0142ego \u015bwiata katolickiego\u201d<\/strong>.<\/p>\r\n<p>\u00a0 \u00a0Pouczeni t\u0105 eklezjaln\u0105 zasad\u0105 precyzujemy zatem:<\/p>\r\n<p>&nbsp;<\/p>\r\n<p>\u00a0\u00a0 Kto pozostaje wierny najdoskonalszemu aktowi kultu, jakim jest Msza \u015awi\u0119ta Trydencka, ten wyra\u017ca jedno\u015b\u0107 z Ojcem \u015awi\u0119tym Benedyktem XVI.<\/p>\r\n<p>\u00a0\u00a0 Kto pozostaje wierny stosowaniu j\u0119zyka \u0142aci\u0144skiego w liturgii, ten wyra\u017ca jedno\u015b\u0107 z Ojcem \u015awi\u0119tym Benedyktem XVI.<\/p>\r\n<p>\u00a0\u00a0 Kto pozostaje wierny zwyczajowi przyjmowania Komunii \u015awi\u0119tej w postawie kl\u0119cz\u0105cej, ten wyra\u017ca jedno\u015b\u0107 z Ojcem \u015awi\u0119tym Benedyktem XVI.<\/p>\r\n<p>\u00a0\u00a0 Kto stawia Krzy\u017c w centralnym miejscu o\u0142tarza, pasyjk\u0105 w stron\u0119 celebransa, ten wyra\u017ca jedno\u015b\u0107 z Ojcem \u015awi\u0119tym Benedyktem XVI.<\/p>\r\n<p>&nbsp;<\/p>\r\n<p>\u00a0\u00a0 Kto twierdzi, \u017ce Ko\u015bci\u00f3\u0142 w dokumentach Soboru Watyka\u0144skiego II nakaza\u0142 wyrugowanie najdoskonalszego aktu kultu, jakim jest Msza \u015awi\u0119ta Trydencka &#8211; k\u0142amie.<\/p>\r\n<p>\u00a0\u00a0 Kto twierdzi, \u017ce Ko\u015bci\u00f3\u0142 w dokumentach Soboru Watyka\u0144skiego II nakaza\u0142 wyrugowanie j\u0119zyka \u0142aci\u0144skiego z liturgii &#8211; k\u0142amie.<\/p>\r\n<p>\u00a0\u00a0 Kto twierdzi, \u017ce Ko\u015bci\u00f3\u0142 w dokumentach Soboru Watyka\u0144skiego II nakaza\u0142 zrezygnowanie z postawy kl\u0119cz\u0105cej przy przyjmowaniu Komunii \u015awi\u0119tej &#8211; k\u0142amie.<\/p>\r\n<p>\u00a0\u00a0 Kto twierdzi, \u017ce Ko\u015bci\u00f3\u0142 w dokumentach Soboru Watyka\u0144skiego II nakaza\u0142 usuni\u0119cie Krzy\u017ca z centralnego miejsca o\u0142tarza &#8211; k\u0142amie.<\/p>\r\n<p>&nbsp;<\/p>\r\n<p>\u00a0\u00a0 Kto pozostaje wierny najdoskonalszemu aktowi kultu, jakim jest Msza \u015awi\u0119ta Trydencka &#8211; pozostaje pos\u0142uszny Ko\u015bcio\u0142owi i buduje wi\u0119zi jedno\u015bci z Papie\u017cem.<\/p>\r\n<p>\u00a0\u00a0 Kto pozostaje wierny j\u0119zykowi \u0142aci\u0144skiemu w liturgii &#8211; pozostaje pos\u0142uszny Ko\u015bcio\u0142owi i buduje wi\u0119zi jedno\u015bci z Papie\u017cem.<\/p>\r\n<p>\u00a0\u00a0 Kto pozostaje wierny kr\u00f3lewskiemu zwyczajowi przyjmowania Komunii \u015awi\u0119tej w postawie kl\u0119cz\u0105cej &#8211; pozostaje pos\u0142uszny Ko\u015bcio\u0142owi i buduje wi\u0119zi jedno\u015bci z Papie\u017cem.<\/p>\r\n<p>\u00a0\u00a0 Kto pozostaje wierny wielowiekowemu zwyczajowi umieszczania Krzy\u017ca w centralnym miejscu o\u0142tarza, pasyjk\u0105 w stron\u0119 celebransa &#8211; pozostaje pos\u0142uszny Ko\u015bcio\u0142owi i buduje wi\u0119zi jedno\u015bci z Papie\u017cem.<\/p>\r\n<p>&nbsp;<\/p>\r\n<p>\u00a0\u00a0 Kto domaga si\u0119 wyrugowania najdoskonalszego aktu kultu, jakim jest Msza \u015awi\u0119ta Trydencka &#8211; pozostaje niepos\u0142uszny Ko\u015bcio\u0142owi i niszczy wi\u0119zi jedno\u015bci z Papie\u017cem.<\/p>\r\n<p>\u00a0\u00a0 Kto domaga si\u0119 wyrugowania j\u0119zyka \u0142aci\u0144skiego z liturgii &#8211; pozostaje niepos\u0142uszny Ko\u015bcio\u0142owi i niszczy wi\u0119zi jedno\u015bci z Papie\u017cem.<\/p>\r\n<p>\u00a0\u00a0 Kto domaga si\u0119 zrezygnowania przyjmowania Komunii \u015awi\u0119tej w postawie kl\u0119cz\u0105cej &#8211; pozostaje niepos\u0142uszny Ko\u015bcio\u0142owi i niszczy wi\u0119zi jedno\u015bci z Papie\u017cem.<\/p>\r\n<p>\u00a0\u00a0 Kto domaga si\u0119 usuni\u0119cia Krzy\u017ca z centralnego miejsca o\u0142tarza &#8211; pozostaje niepos\u0142uszny Ko\u015bcio\u0142owi i niszczy wi\u0119zi jedno\u015bci z Papie\u017cem.<\/p>\r\n<p>&nbsp;<\/p>\r\n<p><em>\u201eEt Petrus quidem servabatur in carcere; oratio autem fiebat sine intermissione ab ecclesia ad Deum pro eo\u201d.<\/em><\/p>\r\n<p>\u201eStrze\u017cono wi\u0119c Piotra w wi\u0119zieniu, a Ko\u015bci\u00f3\u0142 modli\u0142 si\u0119 za niego nieustannie do Boga\u201d (<em>Dz<\/em> 12, 5).<\/p>\r\n<p>&nbsp;<\/p>\r\n<p><strong><em>Oremus pro Pontifice nostro Benedicto!<\/em><\/strong><\/p>\r\n<p><strong>M\u00f3dlmy si\u0119 za naszego Papie\u017ca Benedykta!<\/strong><\/p>","protected":false},"excerpt":{"rendered":"\u201eTu es Petrus, et super hanc petram aedificabo Ecclesiam meam; et portae inferi non praevalebunt adversum eam. Tibi dabo claves regni caelorum; et quodcumque ligaveris super terram, erit ligatum in caelis, et quodcumque solveris super terram, erit solutum in caelis\u201d. \u201eTy jeste\u015b Piotr czyli Ska\u0142a, i na tej Skale zbuduj\u0119 Ko\u015bci\u00f3\u0142 m\u00f3j, a bramy piekielne [&hellip;]","protected":false},"author":1,"featured_media":0,"comment_status":"closed","ping_status":"closed","sticky":false,"template":"","format":"standard","meta":{"_acf_changed":false,"_monsterinsights_skip_tracking":false,"ngg_post_thumbnail":0,"footnotes":"","_wp_rev_ctl_limit":""},"categories":[135],"tags":[119],"acf":[],"_links":{"self":[{"href":"https:\/\/www.bibula.com\/index.php?rest_route=\/wp\/v2\/posts\/57230"}],"collection":[{"href":"https:\/\/www.bibula.com\/index.php?rest_route=\/wp\/v2\/posts"}],"about":[{"href":"https:\/\/www.bibula.com\/index.php?rest_route=\/wp\/v2\/types\/post"}],"author":[{"embeddable":true,"href":"https:\/\/www.bibula.com\/index.php?rest_route=\/wp\/v2\/users\/1"}],"replies":[{"embeddable":true,"href":"https:\/\/www.bibula.com\/index.php?rest_route=%2Fwp%2Fv2%2Fcomments&post=57230"}],"version-history":[{"count":0,"href":"https:\/\/www.bibula.com\/index.php?rest_route=\/wp\/v2\/posts\/57230\/revisions"}],"wp:attachment":[{"href":"https:\/\/www.bibula.com\/index.php?rest_route=%2Fwp%2Fv2%2Fmedia&parent=57230"}],"wp:term":[{"taxonomy":"category","embeddable":true,"href":"https:\/\/www.bibula.com\/index.php?rest_route=%2Fwp%2Fv2%2Fcategories&post=57230"},{"taxonomy":"post_tag","embeddable":true,"href":"https:\/\/www.bibula.com\/index.php?rest_route=%2Fwp%2Fv2%2Ftags&post=57230"}],"curies":[{"name":"wp","href":"https:\/\/api.w.org\/{rel}","templated":true}]}}