{"id":572,"date":"2006-09-06T00:00:00","date_gmt":"2006-09-06T00:00:00","guid":{"rendered":""},"modified":"-0001-11-30T00:00:00","modified_gmt":"-0001-11-30T04:00:00","slug":"","status":"publish","type":"post","link":"https:\/\/www.bibula.com\/?p=572","title":{"rendered":"Apel ws. lustracji Polonii &#8211; POLONIA BEZ AGENT&#242;W!"},"content":{"rendered":"<p>&#8222;Zwracamy sie do Parlamentu Rzeczypospolitej Polskiej, a w szczeg\u00f3lnosci do tych Pos\u0142\u00f3w, kt\u00f3rzy opowiadaja sie za przejrzystoscia zycia spo\u0142ecznego, politycznego i gospodarczego, o utworzenie grupy Posl\u00f3w, kt\u00f3ra zglosi\u0142aby wniosek z poprawkami do aktualnie nowelizowanej ustawy lustracyjnej. [&#8230;] Wa\u017cn\u0105 okoliczno\u015bci\u0105 jest fakt penetracji organizacji  polonijnych przez tajnych wsp\u00f3\u0142pracownik\u00f3w (tzw. TW) PRL-owskiej S\u0142u\u017cby  Bezpiecze\u0144stwa, kt\u00f3rych ujawnienie uniemo\u017cliwiaj\u0105 obecne regulacje  prawne. To z kolei prowadzi do za\u0142amywania si\u0119 dzia\u0142alno\u015bci wielu  organizacji \r\ni odstr\u0119cza ludzi od podejmowania pracy spo\u0142ecznej,  utrzymuj\u0105c bardzo niski poziom wzajemnego zaufania, czemu nale\u017cy w  ko\u0144cu po\u0142o\u017cy\u0107 kres.&#8221;<\/p>\r\n\r\n<p class=\"content_sz\">&nbsp;<\/p>\r\n<p class=\"content_sz\">&nbsp;<\/p>\r\n<table cellspacing=\"0\" cellpadding=\"0\">\r\n  <tr>\r\n    <td valign=\"top\"><div align=\"left\">\r\n      <blockquote>\r\n        <p  class=\"content_sz\" align=\"left\"><strong>Antoni Macierewicz jest ekspertem Grupy Inicjatywnej.<\/strong><\/p>\r\n        <p  class=\"content_sz\" align=\"left\"><strong>Grupa Inicjatywna coraz mocniejsza!<\/strong> Niezale\u017cnie od tego ilu pozyskamy pos\u0142\u00f3w dla poparcia naszych \u017c\u0105da\u0144  lustracji Polonii, to ju\u017c w tej chwili wymienieni poni\u017cej  parlamentarzy\u015bci weszli w sk\u0142ad Grupy Inicjatywnej. S\u0105 to: <strong><br \/>\r\n          prof. Ryszard Bender<\/strong>, przewodnicz\u0105cy senackiej Komisji do Spraw &#321;\u0105czno\u015bci z Poloni\u0105 &#8211; LPR, <strong><br \/>\r\n            Bogus\u0142aw Sonik<\/strong> &#8211; eurodeputowany PO, <strong><br \/>\r\n              Barbara Marianowska<\/strong> pos\u0142anka PiS,<br \/>\r\n          <strong>Bogdan Klich <\/strong>&#8211; eurodeputowany PO<br \/>\r\n          <strong>Barbara Bubula <\/strong>&#8211; pos\u0142anka PiS<br \/>\r\n          <strong>Zygmunt Wrzodak<\/strong> &#8211; pose\u0142 niezrzeszony <br \/>\r\n          <strong>Micha\u0142 Wojtkiewicz<\/strong> &#8211; pose\u0142 PiS<br \/>\r\n          <strong>Andrzej Adamczyk<\/strong> &#8211; pose\u0142 PiS<br \/>\r\n          <strong>Bogdan P\u0119k<\/strong><em> &#8211; <\/em>eurodeputowany<br \/>\r\n          <strong>Marek Kotlinowski<\/strong> &#8211; wice-marsza\u0142ek Sejmu, pose\u0142 LPR<br \/>\r\n          <strong>J\u0119drzej J\u0119drych<\/strong> &#8211; pose\u0142 PiS<br \/>\r\n          <strong>Stanis\u0142aw Pi\u0119ta<\/strong> &#8211; (pose\u0142 PiS)<br \/>\r\n          <strong>Waldemar Andzel<\/strong> &#8211; (pose\u0142 PiS)<br \/>\r\n          <strong>Konstanty Miodowicz<\/strong> &#8211; (pose\u0142 PO)<br \/>\r\n          <strong>Bogus\u0142aw Bosak<\/strong> &#8211; (pose\u0142 PIS)<br \/>\r\n          <strong>prof Ryszard Legutko<\/strong> &#8211; wicemarsza\u0142ek Senatu &#8211; PIS<br \/>\r\n          <strong>Sebastian Karpiniuk    &#8211; <\/strong>(pose\u0142 PO) <\/p>\r\n        <p class=\"content_sz\" align=\"right\">Krak\u00f3w, 21 marca 2006r. <\/p>\r\n      <\/blockquote>\r\n      <p class=\"content_sz\">&nbsp; <\/p>\r\n      <p class=\"content_sz\" align=\"center\"><strong>APEL WS. LUSTRACJI POLONII <\/strong><\/p>\r\n      <blockquote>\r\n        <p class=\"content_sz\">W  dniu 21 marca 2006 roku zawi\u0105za\u0142a si\u0119 w Krakowie Grupa Inicjatywna  &#8222;Polonia bez agent\u00f3w&#8221;, kt\u00f3ra popiera poszerzenie procesu lustracji o  zapisy dotycz\u0105ce Polonii. W\u0142\u0105czamy si\u0119 tym samym do akcji &#8222;Lustracja  Polonii&#8221; zainicjowanej przez Ruch Rodak\u00f3w i Grup\u0119 Lustracyjn\u0105 z  Australii. <\/p>\r\n        <p class=\"content_sz\">Zwracamy  si\u0119 do Parlamentu Rzeczypospolitej Polskiej, a w szczeg\u00f3lno\u015bci do tych  Pos\u0142\u00f3w, kt\u00f3rzy opowiadaj\u0105 si\u0119 za przejrzysto\u015bci\u0105 \u017cycia spo\u0142ecznego,  politycznego i gospodarczego, o utworzenie grupy Pos\u0142\u00f3w, kt\u00f3ra  zg\u0142osi\u0142aby wniosek z poprawkami do aktualnie nowelizowanej ustawy  lustracyjnej. <\/p>\r\n        <p class=\"content_sz\">Wnioskujemy, aby w Ustawie o Instytucie Pami\u0119ci Narodowej: <\/p>\r\n        <p class=\"content_sz\">&bull;&nbsp; zamieszczono przepis o obj\u0119ciu lustracj\u0105 lider\u00f3w organizacji polonijnych, <\/p>\r\n        <p class=\"content_sz\">&bull;&nbsp; zamieszczono zapisy umo\u017cliwiaj\u0105ce Polonii sk\u0142adanie wniosk\u00f3w do IPN oraz otrzymywanie za\u015bwiadcze\u0144 drog\u0105 korespondencyjn\u0105, <\/p>\r\n        <p class=\"content_sz\">&bull;&nbsp;  uwzgl\u0119dniono mo\u017cliwo\u015b\u0107 uwierzytelnienia podpisu osoby wyst\u0119puj\u0105cej do  IPN przez instytucje do tego upowa\u017cnione, w kraju zamieszkania danej  osoby, <\/p>\r\n        <p class=\"content_sz\">&bull;&nbsp;  umo\u017cliwiono wgl\u0105d do dokument\u00f3w w plac\u00f3wkach dyplomatycznych, lub na  wniosek osoby pokrzywdzonej umo\u017cliwiono przesy\u0142anie kopii dokument\u00f3w  bezpo\u015brednio do zainteresowanego drog\u0105 korespondencyjn\u0105, <\/p>\r\n        <p class=\"content_sz\">&bull;&nbsp; uzyskanie dost\u0119pu do dokument\u00f3w IPN przez dziennikarzy polonijnych. <\/p>\r\n        <p class=\"content_sz\">Kwestia  sk\u0142adania poda\u0144 oraz przekazywania za\u015bwiadcze\u0144 i dokument\u00f3w drog\u0105  korespondencyjn\u0105 jest szczeg\u00f3lnie wa\u017cna, poniewa\u017c obecne rozwi\u0105zania  prawne utrudniaj\u0105 uzyskanie dokument\u00f3w osobom mniej zamo\u017cnym, starszym  i chorym, a wiele spo\u015br\u00f3d nich w\u0142a\u015bnie chcia\u0142oby otrzyma\u0107 z IPN  dokumenty, gromadzone przez aparat bezpiecze\u0144stwa w PRL, dotycz\u0105ce ich  przesz\u0142o\u015bci. Koszty zwi\u0105zane z uzyskaniem za\u015bwiadczenia oraz wgl\u0105dem do  dokument\u00f3w IPN s\u0105 tak wysokie, \u017ce w praktyce uniemo\u017cliwiaj\u0105 dost\u0119p do  dokument\u00f3w IPN Polonii, dlatego nie uwzgl\u0119dnienie proponowanych przez  nas zapis\u00f3w, pozostawi tych ludzi bez poznania prawdy. <\/p>\r\n        <p class=\"content_sz\">Wnioskujemy r\u00f3wnie\u017c o poszerzenie katalogu os\u00f3b lustrowanych i obj\u0119ciu Ustaw\u0105: <\/p>\r\n        <p class=\"content_sz\">&bull;&nbsp; pracownik\u00f3w s\u0142u\u017cb dyplomatycznych, <\/p>\r\n        <p class=\"content_sz\">&bull;&nbsp; pracownik\u00f3w instytucji naukowych, kulturalnych i innych plac\u00f3wek pe\u0142ni\u0105cych funkcje opiniotw\u00f3rcze dla \u015brodowisk polonijnych, <\/p>\r\n        <p class=\"content_sz\">&bull;&nbsp; dzia\u0142aczy organizacji polonijnych, <\/p>\r\n        <p class=\"content_sz\">&bull;&nbsp; dziennikarzy polonijnych medi\u00f3w (prasy, radia, telewizji), <\/p>\r\n        <p class=\"content_sz\">&bull;&nbsp; pracownik\u00f3w polskich przedstawicielstw gospodarczych . <\/p>\r\n        <p class=\"content_sz\">Wnioskujemy tak\u017ce o wprowadzenie mo\u017cliwo\u015bci kierowania zapyta\u0144 do IPN przez organizacje polonijne. <\/p>\r\n        <p class=\"content_sz\">Kwestia,  kt\u00f3r\u0105 tu poruszamy jest tym bardziej wa\u017cna i pilna, poniewa\u017c w\u015br\u00f3d  Polonii ogromn\u0105 liczb\u0119 stanowi\u0105 ludzie w podesz\u0142ym wieku, kt\u00f3rzy  walczyli o niepodleg\u0142\u0105 Polsk\u0119 na r\u00f3\u017cnych frontach \u015bwiata, \r\n          a  p\u00f3\u017aniej nie mieli mo\u017cliwo\u015bci powrotu do kraju rz\u0105dzonego przez  zbrodniczy system komunistyczny. Ludziom tym, z uwagi na ich  zaawansowany wiek zosta\u0142o niewiele czasu na poznanie prawdy. <\/p>\r\n        <p class=\"content_sz\">Inn\u0105  niezwykle wa\u017cn\u0105 okoliczno\u015bci\u0105 jest fakt penetracji organizacji  polonijnych przez tajnych wsp\u00f3\u0142pracownik\u00f3w (tzw. TW) PRL-owskiej S\u0142u\u017cby  Bezpiecze\u0144stwa, kt\u00f3rych ujawnienie uniemo\u017cliwiaj\u0105 obecne regulacje  prawne. To z kolei prowadzi do za\u0142amywania si\u0119 dzia\u0142alno\u015bci wielu  organizacji <br \/>\r\n          i odstr\u0119cza ludzi od podejmowania pracy spo\u0142ecznej,  utrzymuj\u0105c bardzo niski poziom wzajemnego zaufania, czemu nale\u017cy w  ko\u0144cu po\u0142o\u017cy\u0107 kres. <\/p>\r\n        <p class=\"content_sz\">Wierzymy,  \u017ce nasz apel spotka si\u0119 ze zrozumieniem i szerokim odzewem Pos\u0142\u00f3w.  Czekamy na szybkie podj\u0119cie dzia\u0142a\u0144 oraz satysfakcjonuj\u0105ce rozwi\u0105zanie  wy\u017cej wymienionych, pal\u0105cych potrzeb Polak\u00f3w \u017cyj\u0105cych poza granicami  Polski. <\/p>\r\n        <p class=\"content_sz\">Apel podpisali: <br \/>\r\n              <em>(lista sygnatariuszy jest uaktualniana w miar\u0119 jak nap\u0142ywaj\u0105 nowe nazwiska <\/em>[poni\u017cej, stan na 6 wrze\u015bnia 2006 r.]<em> ) <\/em> <\/p>\r\n        <h4 class=\"content_sz\">Polska:<\/h4>\r\n        <p class=\"content_sz\"><em> Jan Abgarowicz &#8211;<\/em> Warszawa<br \/>\r\n            <em> Andrzej Adamczyk &#8211; <\/em> Krzeszowice  (pose\u0142 PiS)<em><br \/>\r\n            <\/em><em>Waldemar Andzel<\/em> &#8211;        Sosnowiec    (pose\u0142 PiS)<em><br \/>\r\n              Marek Aulak &#8211; <\/em> Tomasz\u00f3w Mazowiecki <br \/>\r\n  <em>Marian Bana\u015b <\/em> &#8211; Krak\u00f3w <br \/>\r\n  <em>J\u00f3zef Baran <\/em> &#8211; Krak\u00f3w <br \/>\r\n  <em>Leszek Batko <\/em> &#8211; &#346;wi\u0105tniki G\u00f3rne<br \/>\r\n  <em>Piotr B\u0105czek<\/em> &#8211; Warszawa<br \/>\r\n  <em>prof. Ryszard Bender<\/em> -Lublin (senator LPR)<br \/>\r\n  <em>&#321;ucja Berger<\/em> &#8211; Krak\u00f3w<br \/>\r\n  <em>Toni B\u0142aszczy\u0144ski <\/em>&#8211; Katowice<br \/>\r\n  <em>Jacek Bodzioch <\/em> &#8211; Krak\u00f3w<br \/>\r\n  <em>Agnieszka Bogucka<\/em> &#8211; Warszawa<br \/>\r\n  <em>Bogus\u0142aw Bosak<\/em> &#8211; Krakow (pose\u0142 PIS)<br \/>\r\n  <em>Adam Borowski<\/em> &#8211; Warszawa<br \/>\r\n          Barbara Bubula &#8211; Krak\u00f3w (pose\u0142 PiS)<br \/>\r\n  <em>Jacek Ciechanowski<\/em> &#8211; Pi\u0142a<br \/>\r\n  <em>Miros\u0142aw Chechelski<\/em> &#8211; Krak\u00f3w <br \/>\r\n  <em>prof. Zbigniew Ch\u0142ap <\/em> &#8211; Krak\u00f3w<br \/>\r\n  <em>J. Jadwiga Chmielowska<\/em> &#8211; Sosnowiec<br \/>\r\n  <em>Krystyna J. Cybula<\/em> &#8211; Warszawa<br \/>\r\n  <em>Kazimierz Czachor<\/em> &#8211; Warszawa<br \/>\r\n  <em>Antoni Czy\u017c <\/em>&#8211;            Dobre Miasto <br \/>\r\n  <em>Andrzej Da\u0144ko<\/em> &#8211; Krak\u00f3w <br \/>\r\n  <em>Zuzanna Dawidowicz <\/em> &#8211; Krak\u00f3w<br \/>\r\n  <em>Miko\u0142aj D\u0105browski <\/em>&#8211; Krak\u00f3w<br \/>\r\n  <em>Stanis\u0142aw D\u0105browski<\/em> &#8211; &#346;winouj\u015bcie<br \/>\r\n  <em>Artur D\u0142ugosz<\/em> &#8211; Krak\u00f3w <br \/>\r\n  <em>Joanna D\u0142ugosz<\/em> &#8211; Krak\u00f3w <br \/>\r\n  <em>Bogdan Dobosz<\/em> &#8211;                                    Rudawa<br \/>\r\n  <em>Jolanta Dousa<\/em> &#8211; Krak\u00f3w<br \/>\r\n  <em>prof.Stefan Dousa<\/em> &#8211; Krak\u00f3w <br \/>\r\n  <em>prof. Zbigniew Dresler<\/em> &#8211; Krak\u00f3w <br \/>\r\n  <em>Jacek Z. Figiel <\/em> &#8211; Warszawa<br \/>\r\n  <em>Ewa Fija\u0142 <\/em> &#8211; Krak\u00f3w <br \/>\r\n  <em>Jan Leszek Franczyk <\/em>&#8211; Krak\u00f3w<br \/>\r\n  <em>Krystyna Frankiewicz<\/em> &#8211; Krak\u00f3w <br \/>\r\n  <em>Witold Gadowski <\/em> &#8211; Krak\u00f3w <br \/>\r\n  <em>Maciej Gawlikowski <\/em> &#8211; Krak\u00f3w <br \/>\r\n  <em>br. Zbigniew Gawron SSP &#8211; <\/em>Cz\u0119stochowa<br \/>\r\n  <em>Ryszard Gitis<\/em> &#8211; Krak\u00f3w <br \/>\r\n  <em>Jerzy Giza<\/em> &#8211; Krak\u00f3w<br \/>\r\n  <em>Marek Go\u0142da<\/em> &#8211; Przybysz\u00f3wka <br \/>\r\n  <em>Witold Gradzi\u0144ski &#8211; <\/em>Gliwice<br \/>\r\n  <em>Jaros\u0142aw Gryczkowski<\/em> &#8211; Skawina<br \/>\r\n  <em>Andrzej Gwiazda <\/em> &#8211; Gda\u0144sk <br \/>\r\n  <em>Joanna Gwiazda <\/em> &#8211; Gda\u0144sk<br \/>\r\n  <em>Andrzej Gumienny<\/em> &#8211; Olsztyn<br \/>\r\n  <em>Lech Haydukiewicz <\/em>&#8211; Krak\u00f3w<br \/>\r\n  <em>Piotr Hlebowicz<\/em> &#8211;                                    Kalwaria Zebrzydowska<br \/>\r\n  <em>Bo\u017cena Huget <\/em> &#8211; Krak\u00f3w<br \/>\r\n  <em>Wojciech Jachymiak<\/em> &#8211; Nowy Targ <br \/>\r\n  <em>Artur Janicki <\/em>&#8211; Krak\u00f3w<br \/>\r\n  <em>Andrzej Jerche<\/em> &#8211; &#346;winouj\u015bcie<br \/>\r\n  <em>J\u0119drzej J\u0119drych<\/em> &#8211;        Gliwice    (pose\u0142  PiS)<br \/>\r\n  <em> Witold Karolewski <\/em> &#8211; Szczecin<br \/>\r\n  <em>Ryszard Kapu\u015bci\u0144ski &#8211; Krak\u00f3w <\/em><br \/>\r\n  <em>Sebastian Karpiniuk<\/em><strong> &#8211; <\/strong>(pose\u0142 PO) <br \/>\r\n  <em>W\u0142adys\u0142aw Kielian<\/em> &#8211; Krak\u00f3w<br \/>\r\n  <em>Bogdan Klich <\/em>&#8211; Krak\u00f3w (eurodeputowany PO)<br \/>\r\n  <em>Miros\u0142aw Kokoszkiewicz <\/em>&#8211; Cz\u0119stochowa<em><br \/>\r\n    Krzysztof Kope\u0107 <\/em> &#8211; Dobczyce <br \/>\r\n  <em>Marek Kotlinowski<\/em> &#8211; Krak\u00f3w (pose\u0142 LPR)<br \/>\r\n  <em>Bogdan Kotwica<\/em> &#8211; Szczecin <br \/>\r\n  <em>Tomasz Kowalczyk <\/em> &#8211; Krak\u00f3w<br \/>\r\n  <em> Robert Kowalski &#8211; <\/em>Kielce<br \/>\r\n  <em> Artur Kozio\u0142 &#8211; <\/em>Wieliczka <em><br \/>\r\n    Jan Krajewski <\/em> &#8211; Krak\u00f3w<br \/>\r\n  <em>Eugeniusz Karasi\u0144ski<\/em> &#8211; Sosnowiec<br \/>\r\n  <em>Bogdan Kubera <\/em> &#8211; Krak\u00f3w <br \/>\r\n  <em>Jerzy Kuczera <\/em> &#8211; Krak\u00f3w<br \/>\r\n  <em>Wies\u0142aw Kurowski<\/em> &#8211; Krak\u00f3w<br \/>\r\n  <em>Andrzej Kurzbauer<\/em> &#8211; Krak\u00f3w <br \/>\r\n  <em>Stefan Ku\u017amierski <\/em>&#8211; Krak\u00f3w <br \/>\r\n  <em>Wies\u0142awa Kwiatkowska <\/em> &#8211; Gda\u0144sk<br \/>\r\n  <em>Marek Laskowski <\/em> &#8211; Krak\u00f3w <em><br \/>\r\n    Przemys\u0142aw Laskowski <\/em> &#8211; Krak\u00f3w<br \/>\r\n  <em>Krystyna Laszkiewicz<\/em> &#8211; Krak\u00f3w<br \/>\r\n          prof Ryszard Legutko &#8211; wicemarsza\u0142ek Senatu &#8211; PIS &#8211; Krak\u00f3w <br \/>\r\n  <em>Zdzis\u0142aw Leliwa<\/em> &#8211; Bydgoszcz<br \/>\r\n  <em>Micha\u0142 Luty<\/em> &#8211; Katowice<br \/>\r\n  <em> <em>Marek &#321;agan <\/em> &#8211; <\/em>Krak\u00f3w<br \/>\r\n  <em>Anna &#321;azuka-Witek<\/em> &#8211;        K\u00f3rnik <br \/>\r\n  <em>Piotr &#321;\u0119\u017cniak<\/em> &#8211; Krak\u00f3w <br \/>\r\n  <em>Adam Macedo\u0144ski <\/em> &#8211; Krak\u00f3w<br \/>\r\n  <em>Beata Majdzik<\/em> &#8211;            Skawina<br \/>\r\n  <em>Dominik Majdzik<\/em> &#8211; Skawina <br \/>\r\n  <em>Ryszard Majdzik <\/em> &#8211; Skawina<br \/>\r\n  <em>Andrzej Marianowski<\/em> &#8211; Krak\u00f3w <br \/>\r\n  <em>Barbara Marianowska<\/em> &#8211; Krak\u00f3w (pose\u0142 PiS) <br \/>\r\n  <em>Ma\u0142gorzata Mamajko <\/em> &#8211; Krak\u00f3w<br \/>\r\n  <em>Marcin Mamo\u0144<\/em> &#8211; Krak\u00f3w<br \/>\r\n  <em>Wojciech Marchewczyk<\/em> &#8211; Krak\u00f3w <br \/>\r\n  <em>Stanis\u0142aw Markowski <\/em> &#8211; Krak\u00f3w <br \/>\r\n  <em>J\u00f3zef Ma\u015blanka <\/em> &#8211; Krak\u00f3w <br \/>\r\n  <em>Teresa Ma\u015blanka <\/em> &#8211; Krak\u00f3w<br \/>\r\n  <em>Anna Mazgaj<\/em> &#8211; Krak\u00f3w <br \/>\r\n  <em>Jacek Maziarski<\/em> &#8211; Podkowa Le\u015bna<br \/>\r\n  <em>ks. Krzysztof M\u0105del SJ <\/em> &#8211; Krak\u00f3w<br \/>\r\n  <em>Konstanty Miodowicz<\/em> &#8211;        Kielce, Krak\u00f3w    (pose\u0142 PO)<br \/>\r\n  <em>Stanis\u0142aw Misiak<\/em> &#8211; &#346;winouj\u015bcie <br \/>\r\n  <em>Przemys\u0142aw Mi\u015bkiewicz<\/em> &#8211; Katowice <br \/>\r\n  <em>Piotr Nawrocki <\/em> &#8211; Lublin<br \/>\r\n  <em>Stefan Nied\u017awie\u0144ski<\/em> &#8211; Krak\u00f3w <br \/>\r\n  <em>dr Barbara Niemiec <\/em> &#8211; Krak\u00f3w<br \/>\r\n  <em>Krzysztof Nieszwiec<\/em> &#8211; Katowice<br \/>\r\n  <em>Lech Z. Niekrasz<\/em> &#8211;  Warszawa <br \/>\r\n  <em>prof. Andrzej Nowak <\/em> &#8211; Krak\u00f3w <br \/>\r\n  <em>Joanna Nowak <\/em> &#8211; Krak\u00f3w<br \/>\r\n  <em>Bogumi\u0142 Nowicki<\/em> &#8211; Krak\u00f3w <br \/>\r\n  <em>Ewa Oleszczuk &#8211; <\/em>Gliwice<br \/>\r\n  <em>Lech W\u0142adys\u0142aw Osiak<\/em> -Jastrz\u0119bie Zdr\u00f3j<br \/>\r\n  <em>Wojciech Osman<\/em> &#8211; Szczecin<br \/>\r\n  <em>J\u00f3zef Paluch<\/em> &#8211; Krak\u00f3w <br \/>\r\n  <em>Tomasz Paprocki<\/em> &#8211; Krak\u00f3w<br \/>\r\n  <em>Bogdan P\u0119k &#8211; <\/em>Krak\u00f3w                                                             (eurodeputowany)<br \/>\r\n  <em>Dariusz Piek\u0142o<\/em> -Krakow<br \/>\r\n  <em>W\u0142odzimierz Pietrus<\/em> &#8211; Krak\u00f3w<br \/>\r\n  <em>Stanis\u0142aw Pi\u0119ta<\/em> &#8211;        Bielsko Bia\u0142a    (pose\u0142 PiS)<br \/>\r\n  <em>Stanis\u0142aw Piksa <\/em> &#8211; Krak\u00f3w<br \/>\r\n  <em>Mariusz Pilis<\/em> &#8211; Krak\u00f3w<br \/>\r\n  <em>Miros\u0142aw Pitala<\/em> &#8211; Konary<br \/>\r\n  <em>ks.Adam Podbiera<\/em> &#8211; Krak\u00f3w<br \/>\r\n  <em>J\u00f3zef Polak<\/em> &#8211; Krak\u00f3w<br \/>\r\n  <em>Zbigniew Przebinda<\/em> &#8211; Skawina <br \/>\r\n  <em>Wojciech Prze\u017adziecki<\/em> &#8211; Krak\u00f3w <br \/>\r\n  <em>Zdzis\u0142aw Przytu\u0142a <\/em> &#8211; Krak\u00f3w<br \/>\r\n  <em>Piotr Pyzik <\/em>&#8211; Gliwice <br \/>\r\n  <em>Maciej Ratajczyk<\/em> &#8211; Katowice <br \/>\r\n  <em>Janina Reliszko<\/em> &#8211; Gda\u0144sk <br \/>\r\n  <em>Stanis\u0142aw Remuszko<\/em> -Warszawa <br \/>\r\n  <em>Artur Rogala <\/em> &#8211; Krak\u00f3w <br \/>\r\n  <em>Adam Roli\u0144ski <\/em> &#8211; Krak\u00f3w <br \/>\r\n  <em>Janusz Rz\u0105ca <\/em> &#8211; Krak\u00f3w<br \/>\r\n  <em>Pawe\u0142 Sabuda <\/em> &#8211; Krak\u00f3w<br \/>\r\n  <em>Irena Serafin<\/em> &#8211; Katowice<br \/>\r\n  <em>Marian Sikora<\/em> &#8211; Konary <br \/>\r\n  <em>Tadeusz Sikora<\/em> &#8211; Konary<br \/>\r\n  <em>Wac\u0142aw Sikora<\/em> &#8211; Konary <br \/>\r\n  <em>Micha\u0142 Sikorski<\/em> &#8211; Warszawa <br \/>\r\n  <em>Jacek Smagowicz<\/em> &#8211; Krak\u00f3w<br \/>\r\n  <em>Robert Sobol<\/em> &#8211; Nowy S\u0105cz<br \/>\r\n  <em>Wies\u0142aw Soko\u0142owski<\/em> &#8211; Skierniewice<br \/>\r\n  <em>Bogus\u0142aw Sonik <\/em> &#8211; Krak\u00f3w (pose\u0142 PO) <br \/>\r\n  <em>o. gen Franciszek A. Studzi\u0144ski OP <\/em>&#8211; Krak\u00f3w (awansowany 3-go maja) <br \/>\r\n  <em>Krzysztof Su\u0142owski <\/em> &#8211; Krak\u00f3w <br \/>\r\n  <em>Lucja Szeliga <\/em> &#8211; Krak\u00f3w<br \/>\r\n  <em>El\u017cbieta Szymczyk<\/em> &#8211; Krak\u00f3w <br \/>\r\n  <em>Andrzej Szkaradek <\/em> &#8211; Nowy S\u0105cz<br \/>\r\n  <em>Adam Szostek<\/em> &#8211; Skawina <br \/>\r\n  <em>Jan Szymczyk<\/em> &#8211; Lublin<br \/>\r\n  <em>Ryszard Szweda<\/em> &#8211; Szczecin<br \/>\r\n  <em>Piotr &#346;ciubik<\/em> &#8211; Skawina<br \/>\r\n  <em>Sylwester &#346;piewak <\/em>&#8211; Mys\u0142owice <br \/>\r\n  <em>Robert Stanis\u0142aw Terentiew<\/em> &#8211; Warszawa<br \/>\r\n  <em>Konstanty Topa<\/em> &#8211; Konary<br \/>\r\n  <em>El\u017cbieta Wach <\/em> &#8211; Krak\u00f3w <br \/>\r\n  <em>Dariusz Walusiak <\/em> &#8211; Krak\u00f3w<br \/>\r\n  <em>Bogdan Jan Warzy\u0144ski<\/em> &#8211; Szczecinek <br \/>\r\n  <em>Klaudiusz Weso\u0142ek &#8211; <\/em>Gda\u0144sk<br \/>\r\n  <em>Janusz Wiernik<\/em> &#8211; Rzesz\u00f3w <br \/>\r\n  <em>Andrzej W\u0119drychowicz <\/em>&#8211; Krak\u00f3w <br \/>\r\n  <em>Pawe\u0142 Witkowski <\/em> &#8211; Krak\u00f3w<br \/>\r\n  <em>W\u0142adys\u0142aw W\u0142odarczyk <\/em> &#8211; Krak\u00f3w<br \/>\r\n  <em>Micha\u0142 Wojtkiewicz<\/em> &#8211;  Tuch\u00f3w                                                                (pose\u0142 PiS)<br \/>\r\n  <em>Edward Wr\u00f3blewski<\/em> &#8211; Gliwice<br \/>\r\n  <em> Zygmunt Wrzodak &#8211; <\/em>pose\u0142 niezrzeszony Warszawa <em><br \/>\r\n    Krzysztof Wyszkowski <\/em> &#8211; Sopot<br \/>\r\n  <em>ks. Tadeusz Isakowicz Zaleski <\/em> &#8211; Radwanowice<br \/>\r\n  <em>Piotr Zarembski<\/em> &#8211; &#321;\u00f3d\u017a<br \/>\r\n  <em>Eugeniusz Zieli\u0144ski<\/em> &#8211; Krak\u00f3w<br \/>\r\n  <em>Jan \u017bo\u0142nierczyk<\/em> &#8211; Krak\u00f3w <\/p>\r\n        <\/p>\r\n        <p class=\"content_sz\">&nbsp;<\/p>\r\n        <p class=\"content_sz\">&nbsp;<\/p>\r\n        <h4 class=\"content_sz\">Polonia<\/h4>\r\n        <p class=\"content_sz\"><em>Stanis\u0142aw Aloszko &#8211; <\/em>Pary\u017c, Francja<br \/>\r\n            <em>Marian Aposto\u0142 &#8211; <\/em>Bruksela, Belgia<br \/>\r\n            <em> Marek Baterowicz &#8211; <\/em>Sydney, Australia<br \/>\r\n            <em>W\u0142adys\u0142aw Bary\u0142o &#8211; <\/em>Pary\u017c, Francja<br \/>\r\n            <em>Marek Bik<\/em> &#8211; Londyn, Anglia<br \/>\r\n            <em>Micha\u0142 Bieniasz<\/em> &#8211;        Skultuna,    Szwecja <br \/>\r\n            <em>Edmund Blicharczyk<\/em> &#8211; Pary\u017c, Francja<br \/>\r\n            <em>Andrzej Butkiewicz <\/em>&#8211;        Norton, USA<br \/>\r\n            <em>Krzysztof Bystram<\/em> &#8211; Belgia,<br \/>\r\n            <em>Ryszard             Ciskowski &#8211; <\/em> Stanford, USA<br \/>\r\n            <em>Antoni Chro\u015bcielewski <\/em>&#8211; Nowy   Jork, USA<br \/>\r\n            <em>Ma\u0142gosia Chudziak<\/em> &#8211; Nowy   Jork, USA<br \/>\r\n            <em>J\u00f3zef Domian<\/em> &#8211;        New Britain , Conn. U.S.A.<br \/>\r\n            <em>Henryk M. Fantazos<\/em> &#8211;        Hillsborough, USA<br \/>\r\n            <em>Tytus Ferenc<\/em> &#8211; Detroit USA &#8211; Krakow Polska<br \/>\r\n            <em>El\u017cbieta Flis<\/em> &#8211; Brisbane, Australia<br \/>\r\n            <em>Micha\u0142 Flis<\/em> &#8211; Brisbane, Australia<br \/>\r\n            <em>Samanta Flis<\/em> &#8211; Brisbane, Australia<br \/>\r\n            <em>Zbigniew Flis<\/em> &#8211; Brisbane, Australia<br \/>\r\n            <em>Andre Gadomski<\/em> &#8211; Grenoble, Francja<br \/>\r\n            <em>Adam Gajkowski<\/em> &#8211; Sydney, Australia <br \/>\r\n            <em>Ilona Girzewska &#8211; <\/em> Toronto, Kanada<br \/>\r\n            <em>Jolanta Go\u0142ka<\/em> &#8211; Brisbane, Australia<br \/>\r\n            <em>Kazimierz Go\u0142ka<\/em> &#8211; Brisbane, Australia <br \/>\r\n            <em>Ryszard Goc\u0142owski<\/em> &#8211; Sydney, Australia<br \/>\r\n            <em>Ewa Go\u0142uchowska<\/em> &#8211; Edynburg W. Brytania<br \/>\r\n            <em>Gra\u017cyna Gruchacz<\/em> &#8211; Brisbane, Australia <br \/>\r\n            <em>dr Wojciech Gruszecki &#8211; <\/em>Berlin, Niemcy <br \/>\r\n            <em>Lucyna  Grzybowicz &#8211; <\/em>Melbourne,  Australia<br \/>\r\n            <em>Piotr  Grzybowicz<\/em> &#8211; Melbourne,   Australia<br \/>\r\n            <em>S\u0142awomir Ha\u0142aczkiewicz-Ottweiler<\/em>, Niemcy<br\/>\r\n            <em>Zbigniew Hir<\/em> &#8211; Londyn, Anglia<br \/>\r\n            <em>Ryszard Hodowany<\/em> &#8211; Melbourne, Australia<br \/>\r\n            <em>Ewa Huget<\/em> &#8211; Londyn, Anglia <br \/>\r\n            <em>Rados\u0142aw Huget<\/em> &#8211; Londyn, Anglia <br \/>\r\n            <em>Krzysztof Iwicki &#8211; <\/em>Brisbane, Australia<br \/>\r\n            <em>Monika Jachymiak<\/em> &#8211; Bomal, Belgia<br \/>\r\n            <em>Mariusz Janiec &#8211; <\/em>Upper Saddle River, USA<em><br \/>\r\n              Alicja Janiec &#8211; <\/em>Upper Saddle River, USA<em><br \/>\r\n                Eugeniusz Janiec<\/em> -Upper Saddle River, USA<br \/>\r\n  <em>Jerzy Jankowski<\/em> &#8211;                                    Askim k\/Oslo, Norwegia<br \/>\r\n  <em>Janusz Januszewski<\/em> &#8211;              Salem,  USA <br \/>\r\n  <em>Tadeusz Jaskulski<\/em> &#8211; Sydney, Australia<br \/>\r\n  <em>ks. Lucjan Kamie\u0144ski<\/em> &#8211; Nowy Jork, USA<br \/>\r\n  <em>Tadeusz Kasprzak &#8211; <\/em> Sardis, Kanada<br \/>\r\n  <em>Aurelia Kla\u015b<\/em> &#8211; Melbourne, Australia<br \/>\r\n  <em>Grzegorz Kla\u015b<\/em> &#8211; Melbourne, Australia<br \/>\r\n  <em>Jacek Kla\u015b<\/em> &#8211; Melbourne, Australia<br \/>\r\n  <em>Andrzej Klyta<\/em> -Sydney, Australia<br \/>\r\n  <em>Robert Knapek<\/em> &#8211; Bomal, Belgia<br \/>\r\n  <em>Andrzej Kolatorski<\/em> &#8211; Zurych, Szwajcaria<br \/>\r\n  <em>Stanis\u0142aw Komorski<\/em>-Bottmingen, Szwajcaria<br \/>\r\n  <em>Ryszard Konikowski<\/em> &#8211; Melbourne, Australia<br \/>\r\n  <em>Wojciech Kopci\u0144ski<\/em> -Altenkunstadt,        Niemcy<br \/>\r\n  <em>Krzysztof Korczak<\/em> &#8211;  Londyn, Anglia<br \/>\r\n  <em>Zbyszek Koreywo<\/em> &#8211; Bouvard, Zach. Australia<br \/>\r\n  <em>Patryk Kosmowski<\/em> &#8211; Markaryd, Szwecja<br \/>\r\n  <em>Jerzy Koss &#8211; <\/em>Nowy Jork, USA <em><br \/>\r\n    Bogumi\u0142a Koss &#8211; <\/em>Nowy Jork, USA <em><br \/>\r\n      Tomira Koss &#8211; <\/em>Nowy Jork, USA <em><br \/>\r\n        W\u0142odek Koss<\/em> &#8211;  Nowy Jork, USA<br \/>\r\n  <em>W\u0142odzimierz Kowalik &#8211; <\/em>Melbourne, Australia <br \/>\r\n  <em>Jacek Kowalski &#8211; <\/em> Koenigsbrunn, Niemcy <br \/>\r\n  <em>Emilia Koza &#8211; <\/em> Melbourne, Australia <br \/>\r\n  <em>Anna Koz\u0142owska<\/em> &#8211; Ottawa, Kanada<br \/>\r\n  <em> mjr dyw.303 Julian Krok<\/em> -Brisbane, Australia <br \/>\r\n  <em>Anna Ku\u0142ach &#8211;<\/em> Calgary, Kanada<br \/>\r\n  <em>Jan Ku\u0142ach &#8211; <\/em>Calgary, Kanada<br \/>\r\n  <em>Zofia Kwiatkowska-Dublaszewska &#8211;<\/em> Yarragon, Australia<br \/>\r\n  <em>Edmund Lewandowski &#8211; <\/em> San Francisco, USA<br \/>\r\n  <em>dr Leszek Lechowicz<\/em> &#8211; Nowy Jork, USA <br \/>\r\n  <em>Zbigniew Lisiecki<\/em>, Warszawa, Monachium<br \/>\r\n  <em>kpt. J\u00f3zef &#321;uczaj <\/em>&#8211; Nowy Jork, USA <br \/>\r\n  <em>Marek Macio\u0142owski <\/em>&#8211;                                    Chapel Hill, USA<br \/>\r\n  <em>Jerzy Malinowski<\/em> &#8211; Asnieres Sur Seine, Francja<br \/>\r\n  <em>Halina Malz<\/em> &#8211; Sellersville, USA <br \/>\r\n  <em>Ryszard  Malz<\/em> &#8211; Sellersville, USA <br \/>\r\n  <em>Lech Maziakowski<\/em> &#8211;  Maryland, USA<br \/>\r\n  <em>Katarzyna M\u0105kowska<\/em> &#8211;                                    Winnipeg, Kanada<br \/>\r\n  <em> Kazimierz Michalczyk &#8211; <\/em>Berlin, Niemcy<br \/>\r\n  <em>Darek Michalski<\/em> &#8211; Nowy Jork, USA <br \/>\r\n  <em> Antoni Nadstazik &#8211; Melbourne, Australia<br \/>\r\n    Gra\u017cyna Napi\u00f3rkowska &#8211; <\/em>Melb., Australia<br \/>\r\n  <em> Barbara Nawratowicz &#8211; <\/em>Perth, Australia<br \/>\r\n  <em>Wojciech Nejman<\/em> &#8211; Vellinge, Szwecja<br \/>\r\n  <em> Danuta Nowakowska &#8211; <\/em>Suresnes,  Francja<em><br \/>\r\n    Grzegorz Ochnia &#8211; <\/em>Melbourne, Australia <em><br \/>\r\n      Jan Ogonowski &#8211; <\/em>Toronto, Kanada<br \/>\r\n  <em>Edward Pakietur<\/em> &#8211;  Brampton.On. Kanada<br \/>\r\n  <em>Adam Pawe\u0142czy\u0144ski<\/em> &#8211;                                G&ouml;teborg,                Szwecja<br \/>\r\n  <em>in\u017c. Mike Pawlus<\/em> &#8211; Edmonton, Kanada<br \/>\r\n  <em> Roman Pie\u0144kowski &#8211; <\/em>Mississauga, Kanada<br \/>\r\n  <em>Stanis\u0142aw Pietras<\/em> &#8211; Mississauga, Kanada<br \/>\r\n  <em> Gra\u017cyna Plawska &#8211; <\/em>Melbourne, Australia <em><br \/>\r\n    Marek Podlecki &#8211; <\/em> Nowy Jork, USA<br \/>\r\n  <em>Wojciech Rogala<\/em> &#8211; Edynburg Szkocja <br \/>\r\n  <em>Iwonna Rymar<\/em> &#8211; Brisbane, Australia<br \/>\r\n  <em>Miros\u0142aw Rymar<\/em> &#8211; Brisbane, Australia<br \/>\r\n  <em>Krystyna Or\u0142owicz-Sadowska-<\/em>-Pary\u017c,Francja<br \/>\r\n  <em>Hanna Shen &#8211; <\/em>Taipei, Taiwan<br \/>\r\n  <em>Andrzej Slabczy\u0144ski<\/em> &#8211; Melbourne, Australia<br \/>\r\n  <em>Aneta Z. Snyder<\/em> &#8211; Avondel, USA<br \/>\r\n  <em>Pawe\u0142 Sprycha<\/em> &#8211; Sydney, Australia <br \/>\r\n  <em> Barbara Sta\u0144czyk-Skrzypek<\/em>-Wiede\u0144, Austria<br \/>\r\n  <em>Tomasz Strzy\u017cewski<\/em> &#8211; Sztokholm, Szwecja<br \/>\r\n  <em>Lucyna Studzi\u0144ska<\/em> &#8211;            Asnieres Sur Seine,  Francja<br \/>\r\n  <em>Zbigniew Szczebara<\/em> -Gennevilliers &#8211; Francja <em>El\u017cbieta Szczepa\u0144ska<\/em> &#8211; Melb., Australia<br \/>\r\n  <em>Ryszard Techma\u0144ski<\/em> &#8211; Maroubra, Australia<br \/>\r\n  <em>Bogus\u0142aw  Tejszerski<\/em> &#8211; Australia<br \/>\r\n  <em>Maria Tuszy\u0144ska-Thrun <\/em>&#8211; Hamburg, Niemcy <br \/>\r\n  <em>Marek Wach &#8211; <\/em>Huston, USA<br \/>\r\n  <em>Roman Walczak<\/em> &#8211; Kanada<br \/>\r\n  <em>Andrzej Warcha\u0142owski<\/em> &#8211; Bonn, Niemcy <br \/>\r\n  <em>dr Roman Warzonek<\/em> &#8211; Nowy Jork, USA <br \/>\r\n  <em>Monika Wiench &#8211; <\/em>Melbourne, Australia<em><br \/>\r\n    Tadeusz Witkowski &#8211; <\/em>Ann Arbor,  USA<em><br \/>\r\n      Edward W\u0142odarski &#8211; <\/em>Melbourne , Australia<br \/>\r\n  <em>Krzysztof Wojtan <\/em>&#8211; Brisbane, Australia <em><br \/>\r\n    S\u0142awek Wr\u00f3bel &#8211; <\/em>Londyn, Anglia <em><br \/>\r\n      Sylwia Wydma\u0144ska &#8211; <\/em>Brisbane, Australia<br \/>\r\n  <em>Stanis\u0142aw Wydma\u0144ski &#8211; <\/em>Brisbane, Australia<br \/>\r\n  <em>Miros\u0142awa Zawadzka<\/em> &#8211; Rocherster Hills, USA<br \/>\r\n  <em>Tadeusz Ziegler &#8211; <\/em>Melbourne, Australia<br \/>\r\n  <em>ks. Rudolf Zubik<\/em> &#8211; Nowy Jork, USA <br \/>\r\n  <em>Ted \u017bago\u0144<\/em> &#8211; Edmonton, Kanada<br \/>\r\n  <em>Marek \u017bechowski &#8211; <\/em>Graz, Niemcy<br \/>\r\n  <em>Julita Zelle &#8211; <\/em> Lund, Szwecja<br \/>\r\n  <em>Victor A. \u017b\u00f3\u0142ci\u0144ski<\/em> &#8211; Phoenix, USA<br \/>\r\n  <em>Bogdan \u017burek<\/em> &#8211;                                        Monachium,                   Niemcy<\/p>\r\n        <p class=\"content_sz\">&nbsp;<\/p>\r\n        <\/blockquote>\r\n    <\/div><\/td><\/tr><\/table>\r\n\t<p>&nbsp;<\/p>\r\n<p>Za: <a class=\"content_sz\" href=\"http:\/\/www.rodaknet.com\/index.htm\" target=\"_blank\">RODAKpress &#8211; Magazyn Internetowy<\/a>\r\n<p>&nbsp;<\/p>\r\n","protected":false},"excerpt":{"rendered":"&#8222;Zwracamy sie do Parlamentu Rzeczypospolitej Polskiej, a w szczeg\u00f3lnosci do tych Pos\u0142\u00f3w, kt\u00f3rzy opowiadaja sie za przejrzystoscia zycia spo\u0142ecznego, politycznego i gospodarczego, o utworzenie grupy Posl\u00f3w, kt\u00f3ra zglosi\u0142aby wniosek z poprawkami do aktualnie nowelizowanej ustawy lustracyjnej. [&#8230;] Wa\u017cn\u0105 okoliczno\u015bci\u0105 jest fakt penetracji organizacji polonijnych przez tajnych wsp\u00f3\u0142pracownik\u00f3w (tzw. TW) PRL-owskiej S\u0142u\u017cby Bezpiecze\u0144stwa, kt\u00f3rych ujawnienie uniemo\u017cliwiaj\u0105 [&hellip;]","protected":false},"author":1,"featured_media":0,"comment_status":"closed","ping_status":"open","sticky":false,"template":"","format":"standard","meta":{"_acf_changed":false,"_monsterinsights_skip_tracking":false,"_monsterinsights_sitenote_active":false,"_monsterinsights_sitenote_note":"","_monsterinsights_sitenote_category":0,"ngg_post_thumbnail":0,"footnotes":"","_wp_rev_ctl_limit":""},"categories":[8],"tags":[],"acf":[],"_links":{"self":[{"href":"https:\/\/www.bibula.com\/index.php?rest_route=\/wp\/v2\/posts\/572"}],"collection":[{"href":"https:\/\/www.bibula.com\/index.php?rest_route=\/wp\/v2\/posts"}],"about":[{"href":"https:\/\/www.bibula.com\/index.php?rest_route=\/wp\/v2\/types\/post"}],"author":[{"embeddable":true,"href":"https:\/\/www.bibula.com\/index.php?rest_route=\/wp\/v2\/users\/1"}],"replies":[{"embeddable":true,"href":"https:\/\/www.bibula.com\/index.php?rest_route=%2Fwp%2Fv2%2Fcomments&post=572"}],"version-history":[{"count":0,"href":"https:\/\/www.bibula.com\/index.php?rest_route=\/wp\/v2\/posts\/572\/revisions"}],"wp:attachment":[{"href":"https:\/\/www.bibula.com\/index.php?rest_route=%2Fwp%2Fv2%2Fmedia&parent=572"}],"wp:term":[{"taxonomy":"category","embeddable":true,"href":"https:\/\/www.bibula.com\/index.php?rest_route=%2Fwp%2Fv2%2Fcategories&post=572"},{"taxonomy":"post_tag","embeddable":true,"href":"https:\/\/www.bibula.com\/index.php?rest_route=%2Fwp%2Fv2%2Ftags&post=572"}],"curies":[{"name":"wp","href":"https:\/\/api.w.org\/{rel}","templated":true}]}}