{"id":56989,"date":"2012-05-22T10:42:52","date_gmt":"2012-05-22T15:42:52","guid":{"rendered":"http:\/\/www.bibula.com\/?p=56989"},"modified":"2012-05-22T10:42:52","modified_gmt":"2012-05-22T15:42:52","slug":"polacy-brali-udzial-w-ludobojstwie-ukraincow-w-xx-wieku","status":"publish","type":"post","link":"https:\/\/www.bibula.com\/?p=56989","title":{"rendered":"&#8222;Polacy brali udzia\u0142 w ludob\u00f3jstwie Ukrai\u0144c\u00f3w w XX wieku&#8221;"},"content":{"rendered":"<p>&#8222;Nasze S\u0142owo&#8221; opublikowa\u0142o kolejny tekst red. Bogdana Huka. Tym razem mo\u017cna si\u0119 z niego &#8222;dowiedzie\u0107&#8221;, \u017ce polska polityka rz\u0105dowa bra\u0142a udzia\u0142 w ludob\u00f3jstwie Ukrai\u0144c\u00f3w w XX wieku oraz \u017ce Rz\u0105d RP na Uchod\u017astwie planowa\u0142 zrobi\u0107 z Ukrai\u0144cami to co &#8222;Hitler w Trzeciej Rzeszy w latach 30-tych z obywatelami-\u017bydami, a Stalin z Ukrai\u0144cami w ZSRR&#8221;.<\/p>\r\n<p>Redaktora Huka zainspirowa\u0142 \u201eodnaleziony\u201d przez niego w Archiwum Akt Nowych w Warszawie dokumentu o nazwie \u201eUstawa przesiedle\u0144cza\u201d, o kt\u00f3rym sam pisze: &#8222;<em><strong>Autor <\/strong>&#8222;Ustawy przesiedle\u0144czej&#8221; <strong>pozostaje nieznany<\/strong>. Dokument zosta\u0142 przygotowany, <strong>prawdopodobnie<\/strong>, w kr\u0119gu dow\u00f3dztwa Lwowskiego Okr\u0119gu Armii Krajowej <strong>w przybli\u017ceniu<\/strong> w drugiej po\u0142owie 1943 roku\u201d (podkre\u015blenia &#8211; Kresy.pl)<\/em>.<\/p>\r\n<p>Z fragmentami \u201eUstawy przesiedle\u0144czej\u201d mo\u017cna zapozna\u0107 si\u0119 na stronie internetowej \u201eNaszego S\u0142owa\u201d:<\/p>\r\n<p><a href=\"http:\/\/nslowo.pl\/content\/view\/2318\/99\/\" target=\"_blank\">http:\/\/nslowo.pl\/content\/view\/2318\/99\/<\/a><\/p>\r\n<p>Na tej podstawie tego anonimowego dokumentu red. Bogdan Huk twierdzi, \u017ce:<\/p>\r\n<p style=\"padding-left: 30px;\">&#8211; <strong>&#8222;polski system polityczny ewoluowa\u0142 od autorytaryzmu lat 30 i 40-tych XX wieku do zaplanowanego powojennego totalitaryzmu&#8221;.<\/strong><\/p>\r\n<p style=\"padding-left: 30px;\"><strong>&#8211; &#8222;R<\/strong><strong>ealizacja tego planu stanowi\u0107 b\u0119dzie kolejny etap udzia\u0142u polskiej polityki rz\u0105dowej w ludob\u00f3jstwie Ukrai\u0144c\u00f3w w XX wieku&#8221;.<\/strong><\/p>\r\n<p style=\"padding-left: 30px;\"><strong><em>&#8211; <\/em>&#8222;Ustawa przesiedle\u0144cza&#8221; pokazuje sp\u00f3jno\u015b\u0107 polskiego interesu politycznego w stosunku do Ukrai\u0144c\u00f3w &#8211; ponad podzia\u0142ami ideologicznymi i partyjnymi; istnia\u0142 narodowy konsensus w sprawie konieczno\u015bci zniszczenia Ukrai\u0144c\u00f3w jako narodu w granicach pa\u0144stwowych Polski. St\u0105d wniosek, \u017ce \u017ar\u00f3d\u0142em tego projektu nie by\u0142y poszczeg\u00f3lne ideologie, lecz stosunek do Ukrai\u0144c\u00f3w \u201ewpisany\u201d w polsk\u0105 kultur\u0119 narodow\u0105\u2026&#8221;.<\/strong><\/p>\r\n<p style=\"padding-left: 30px;\"><strong><em>&#8211; <\/em>&#8222;To troch\u0119 przypomina my\u015bl Hanny Arendt o banalno\u015bci z\u0142a nazizmu. Polskie polityczne koncepcje w stosunku do Ukrai\u0144c\u00f3w by\u0142y z\u0142e &#8211; by\u0142y banalne, poniewa\u017c nie by\u0142o w nich my\u015bli, by\u0142a tylko ideologia bezmy\u015blnego niszczenia. Polska kultura na Kresach praktycznie objawia\u0142a si\u0119 w postaci inteligentnego z\u0142a: uwa\u017ca\u0142a bowiem kultur\u0119 za dobro, przeznaczone wy\u0142\u0105cznie dla Polak\u00f3w. To, co uczyni\u0142 Hitler w Trzeciej Rzeszy w latach 30-tych z obywatelami-\u017bydami, a Stalin z Ukrai\u0144cami w ZSRR, w Polsce mia\u0142o by\u0107 zrealizowane w czasie pokoju &#8211; rz\u0105d Polski zaplanowa\u0142 narzucenie Ukrai\u0144com wariantu si\u0142owego jako doko\u0144czenie proces\u00f3w eksterminacyjnych z lat 1918-1939&#8221;.<\/strong><\/p>\r\n<p>To ju\u017c niestety kolejna podobna wypowied\u017a red. Huka.<em> <\/em>Wcze\u015bniej twierdzi\u0142 m.in., \u017ce &#8222;<em>Polska chcia\u0142a powt\u00f3rzy\u0107 Holocaust po II wojnie \u015bwiatowej<\/em>&#8222;:<\/p>\r\n<p><a href=\"http:\/\/www.kresy.pl\/volgal,aktualnosci?zobacz\/polska-chciala-powtorzyc-holocaust-po-ii-wojnie-swiatowej\" target=\"_blank\">http:\/\/www.kresy.pl\/volgal,aktualnosci?zobacz\/polska-chciala-powtorzyc-holocaust-po-ii-wojnie-swiatowej<\/a><\/p>\r\n<p>Oskar\u017ca\u0142 tak\u017ce ojca Mieczys\u0142awa Alberta Kr\u0105pca o to, \u017ce &#8222;<em>w \u015bwiatopogl\u0105dzie tego kap\u0142ana-filozofa i B\u00f3g, i Absolut ust\u0119powa\u0142 przed \u201epolskimi\u201d Kresami<\/em>&#8222;:<\/p>\r\n<p><a href=\"http:\/\/www.kresy.pl\/wydarzenia?zobacz\/nasze-slowo-atakuje-ojca-krapca\" target=\"_blank\">http:\/\/www.kresy.pl\/wydarzenia?zobacz\/nasze-slowo-atakuje-ojca-krapca<\/a><\/p>\r\n<p>Godny odnotowania jest r\u00f3wnie\u017c fakt, \u017ce najwy\u017cszy rang\u0105 \u017cyj\u0105cy weteran Organizacji Ukrai\u0144skich Nacjonalist\u00f3w Jewhen Stachiw zwraca\u0142 mu uwag\u0119 na jego agresywne nastawienie, nazywaj\u0105c \u201ewrogiem Polski\u201d:<\/p>\r\n<p><a href=\"http:\/\/www.kresy.pl\/volgal,aktualnosci?zobacz\/weteran-oun-broni-polski-przed-redaktorem-naszego-slowa-2\" target=\"_blank\">http:\/\/www.kresy.pl\/volgal,aktualnosci?zobacz\/weteran-oun-broni-polski-przed-redaktorem-naszego-slowa-2<\/a><\/p>\r\n<p>Pomijaj\u0105c ju\u017c fakt, \u017ce &#8222;Nasze S\u0142owo&#8221; jest utrzymywane z pieni\u0119dzy polskich podatnik\u00f3w, pojawia si\u0119 pytanie, dlaczego w tygodniku, kt\u00f3ry jest twarz\u0105 ukrai\u0144skiej mniejszo\u015bci w Polsce tolerowane s\u0105 tak jawnie manipulatorskie i prowokacyjne teksty? I kt\u00f3re, co wa\u017cne, nie zdarzaj\u0105 si\u0119 w prasie na niepodleg\u0142ej Ukrainie, z kt\u00f3r\u0105 Polska prowadzi od wielu lat trudny proces pojednania.<\/p>\r\n<p>Nie znajdujemy na to pytanie odpowiedzi.<\/p>\r\n<p>Kilka tygodni temu zebrani na Kongresie w Przemy\u015blu przedstawiciele mniejszo\u015bci ukrai\u0144skiej w Polsce wystosowali apel o polsko-ukrai\u0144skie pojednanie:<\/p>\r\n<p><a href=\"http:\/\/www.kuriergalicyjski.com\/index.php\/polacyukr\/578-ukraicy-w-polsce-apeluj-o-pojednanie\" target=\"_blank\">http:\/\/www.kuriergalicyjski.com\/index.php\/polacyukr\/578-ukraicy-w-polsce-apeluj-o-pojednanie<\/a><\/p>\r\n<p>W tek\u015bcie znalaz\u0142y si\u0119 m.in. s\u0142owa:<\/p>\r\n<p style=\"padding-left: 30px;\">\u201e<em>Obecnie wiele \u015brodowisk po obu stronach granicy zapomina o konieczno\u015bci porozumienia i pojednania. Dla nich ponad wszystko liczy si\u0119 rachunek zbrodni dokonanych przez s\u0105siada, a zamiast dzia\u0142ania na rzecz pojednania, wybierana jest licytacja na przewinienia. (\u2026) Nie mo\u017cemy zgodzi\u0107 si\u0119 z tym, \u017ce ponad prawd\u0119 przedk\u0142adane s\u0105 racje ideologiczne i realizacja celu politycznego &#8211; wykazania, \u017ce Ukrai\u0144cy i Polacy nie s\u0105 zdolni do zamkni\u0119cia spraw z przesz\u0142o\u015bci, wyci\u0105gni\u0119cia z niej wniosk\u00f3w i wsp\u00f3lnego dzia\u0142ania zgodnie z warto\u015bciami europejskimi<\/em>\u201d.<\/p>\r\n<p>Powy\u017cszy opis doskonale charakteryzuje dzia\u0142alno\u015b\u0107 red. Bogdana Huka z &#8222;Naszego S\u0142owa&#8221;. Mamy nadziej\u0119, \u017ce zapozna si\u0119 on z tym przes\u0142aniem i wyci\u0105gnie z niego wnioski.<\/p>\r\n<p>tr\/Kresy.pl<\/p>","protected":false},"excerpt":{"rendered":"&#8222;Nasze S\u0142owo&#8221; opublikowa\u0142o kolejny tekst red. Bogdana Huka. Tym razem mo\u017cna si\u0119 z niego &#8222;dowiedzie\u0107&#8221;, \u017ce polska polityka rz\u0105dowa bra\u0142a udzia\u0142 w ludob\u00f3jstwie Ukrai\u0144c\u00f3w w XX wieku oraz \u017ce Rz\u0105d RP na Uchod\u017astwie planowa\u0142 zrobi\u0107 z Ukrai\u0144cami to co &#8222;Hitler w Trzeciej Rzeszy w latach 30-tych z obywatelami-\u017bydami, a Stalin z Ukrai\u0144cami w ZSRR&#8221;. Redaktora [&hellip;]","protected":false},"author":1,"featured_media":0,"comment_status":"closed","ping_status":"closed","sticky":false,"template":"","format":"standard","meta":{"_acf_changed":false,"_monsterinsights_skip_tracking":false,"_monsterinsights_sitenote_active":false,"_monsterinsights_sitenote_note":"","_monsterinsights_sitenote_category":0,"ngg_post_thumbnail":0,"footnotes":"","_wp_rev_ctl_limit":""},"categories":[9],"tags":[65,50,20,167,17,59],"acf":[],"_links":{"self":[{"href":"https:\/\/www.bibula.com\/index.php?rest_route=\/wp\/v2\/posts\/56989"}],"collection":[{"href":"https:\/\/www.bibula.com\/index.php?rest_route=\/wp\/v2\/posts"}],"about":[{"href":"https:\/\/www.bibula.com\/index.php?rest_route=\/wp\/v2\/types\/post"}],"author":[{"embeddable":true,"href":"https:\/\/www.bibula.com\/index.php?rest_route=\/wp\/v2\/users\/1"}],"replies":[{"embeddable":true,"href":"https:\/\/www.bibula.com\/index.php?rest_route=%2Fwp%2Fv2%2Fcomments&post=56989"}],"version-history":[{"count":0,"href":"https:\/\/www.bibula.com\/index.php?rest_route=\/wp\/v2\/posts\/56989\/revisions"}],"wp:attachment":[{"href":"https:\/\/www.bibula.com\/index.php?rest_route=%2Fwp%2Fv2%2Fmedia&parent=56989"}],"wp:term":[{"taxonomy":"category","embeddable":true,"href":"https:\/\/www.bibula.com\/index.php?rest_route=%2Fwp%2Fv2%2Fcategories&post=56989"},{"taxonomy":"post_tag","embeddable":true,"href":"https:\/\/www.bibula.com\/index.php?rest_route=%2Fwp%2Fv2%2Ftags&post=56989"}],"curies":[{"name":"wp","href":"https:\/\/api.w.org\/{rel}","templated":true}]}}