{"id":56268,"date":"2012-05-04T07:09:42","date_gmt":"2012-05-04T12:09:42","guid":{"rendered":"http:\/\/www.bibula.com\/?p=56268"},"modified":"2012-05-04T07:09:42","modified_gmt":"2012-05-04T12:09:42","slug":"bo-oswiecim-przy-nich-to-byla-igraszka","status":"publish","type":"post","link":"https:\/\/www.bibula.com\/?p=56268","title":{"rendered":"Bo O\u015bwi\u0119cim przy nich to by\u0142a igraszka"},"content":{"rendered":"<p><strong>\u201eBo O\u015bwi\u0119cim przy nich to by\u0142a igraszka\u201d &#8211; te s\u0142owa rotmistrza Witolda Pileckiego umie\u015bcili na p\u0142ocie kibice \u015al\u0105ska Wroc\u0142aw podczas meczu z Jagielloni\u0105 Bia\u0142ystok. Po\u015bwi\u0119cona by\u0142a ona polskim bohaterom i komunistycznym mordercom.<\/strong><\/p>\r\n<p>Oprawa sk\u0142ada\u0142a si\u0119 z dw\u00f3ch sektor\u00f3wek. Na pierwszej z nich kibice umie\u015bcili napis \u201eBohater\u00f3w naszej Ojczyzny pami\u0119tamy\u201d i nazwy: Narodowe <a id=\"anchorbbtBubble69\">Si\u0142y<\/a> Zbrojne, Armia Krajowa, Wolno\u015b\u0107 i Niezawis\u0142o\u015b\u0107, Bataliony Ch\u0142opskie, Konspiracyjne Wojsko Polskie.<\/p>\r\n<p>Na drugiej napis \u201eMorderc\u00f3w Narodu Polskiego znamy\u201d i nazwiska Stefana Michnika, Jakuba Bermana, J\u00f3zefa R\u00f3\u017ca\u0144skiego, Anatola Fejgina, Heleny Woli\u0144skiej, Salomona Morela i Feliksa Rosenbauma.<\/p>\r\n<p>Mi\u0119dzy sektor\u00f3wkami znalaz\u0142 si\u0119 wizerunek rotmistrza Witolda Pileckiego \u201eochotnik do Auschwitz\u201d.<\/p>\r\n<p>Kibice skandowali \u201eCze\u015b\u0107 i chwa\u0142a bohaterom\u201d, \u201eB\u00f3g, Honor i Ojczyzna\u201d i \u201eA na drzewach zamiast li\u015bci b\u0119d\u0105 wisie\u0107 komuni\u015bci\u201d. Od\u015bpiewano tak\u017ce \u201eJeszcze Polska nie zgin\u0119\u0142a\u201d. Opraw\u0119 przygotowan\u0105 przez ultras\u00f3w \u015al\u0105ska g\u0142o\u015bnymi oklaskami przyj\u0105\u0142 ca\u0142y stadion.<\/p>\r\n<p>Przed meczem kibice \u015al\u0105ska zorganizowali marsz z okazji \u015bwi\u0119ta 3 maja. Wyst\u0105pili oni z inicjatyw\u0105, by nowo powsta\u0142e rondo le\u017c\u0105ce obok najwy\u017cszego budynku Wroc\u0142awia nazwano Rondem \u0179o\u0142nierzy Wykl\u0119tych.<\/p>\r\n<p>Przed transparentem o \u0179o\u0142nierzach Wykl\u0119tych sz\u0142a grupka najm\u0142odszych sympatyk\u00f3w \u015al\u0105ska.<\/p>\r\n<p><em>&#8211; Byli\u015bmy my, kibice \u015al\u0105ska. By\u0142y \u015brodowiska nacjonalist\u00f3w, rodzina niedawno zmar\u0142ego Jerzego Wo\u017aniaka, prezesa \u015awiatowego Zwi\u0105zku By\u0142ych \u0179o\u0142nierzy Armii Krajowej, NOP-u, Solidarnych 2010, by\u0142o \u201emoherowe towarzystwo\u201d, ale najwi\u0119ksze brawa dosta\u0142a zaledwie trzyosobowa reprezentacja kibic\u00f3w Jagiellonii Bia\u0142ystok, kt\u00f3rzy przybyli do Wroc\u0142awia na mecz swojej dru\u017cyny, a kt\u00f3rzy przyszli tak\u017ce na trzeciomajowy, antykomunistyczny w swojej wymowie marsz <\/em>&#8211; czytamy w relacji z marszu w serwisie FanSlask.com.<\/p>\r\n<p>Na zako\u0144czenie marszu na Rondzie zatkni\u0119to tabliczk\u0119 z napisem \u201eRondo \u0179o\u0142nierzy Wykl\u0119tych\u201d Przed meczem \u015al\u0105sk-Jagiellonia przedstawiciele fundacji ODRA-NIEMEN zbierali podpisy pod petycj\u0105 w tej sprawie do w\u0142adz miasta.<\/p>\r\n<p><em>&#8211; Zbieraj\u0105cy podpisy ubolewa\u0142, \u017ce wzi\u0105\u0142 tak ma\u0142o kartek<\/em> &#8211; czytamy w serwisie FanSlask.com.<\/p>\r\n<p style=\"text-align: center;\"><img fetchpriority=\"high\" decoding=\"async\" class=\"aligncenter\" src=\"http:\/\/niezalezna.pl\/uploads\/foto\/2012\/05\/slask-oprawa.jpg\" alt=\"\" width=\"576\" height=\"432\" \/><\/p>\r\n<p>(fot. Janusz K\u0105dzio\u0142ka)<\/p>\r\n<p style=\"text-align: center;\"><img decoding=\"async\" class=\"aligncenter\" src=\"http:\/\/niezalezna.pl\/uploads\/foto\/2012\/05\/oprawa.slask01.jpg\" alt=\"\" width=\"576\" height=\"232\" \/><\/p>\r\n<p>(fot. <a title=\"www.wroclawianie.info\" href=\"http:\/\/www.wroclawianie.info\">www.wroclawianie.info<\/a>)<\/p>\r\n<div>\u00a0<\/div>\r\n<p>Autor: PL, | \u0179r\u00f3d\u0142o: Niezale\u017cna.pl,<\/p>","protected":false},"excerpt":{"rendered":"\u201eBo O\u015bwi\u0119cim przy nich to by\u0142a igraszka\u201d &#8211; te s\u0142owa rotmistrza Witolda Pileckiego umie\u015bcili na p\u0142ocie kibice \u015al\u0105ska Wroc\u0142aw podczas meczu z Jagielloni\u0105 Bia\u0142ystok. Po\u015bwi\u0119cona by\u0142a ona polskim bohaterom i komunistycznym mordercom. Oprawa sk\u0142ada\u0142a si\u0119 z dw\u00f3ch sektor\u00f3wek. Na pierwszej z nich kibice umie\u015bcili napis \u201eBohater\u00f3w naszej Ojczyzny pami\u0119tamy\u201d i nazwy: Narodowe Si\u0142y Zbrojne, Armia [&hellip;]","protected":false},"author":1,"featured_media":0,"comment_status":"closed","ping_status":"closed","sticky":false,"template":"","format":"standard","meta":{"_acf_changed":false,"_monsterinsights_skip_tracking":false,"_monsterinsights_sitenote_active":false,"_monsterinsights_sitenote_note":"","_monsterinsights_sitenote_category":0,"ngg_post_thumbnail":0,"footnotes":"","_wp_rev_ctl_limit":""},"categories":[8],"tags":[66,92,81,213],"acf":[],"_links":{"self":[{"href":"https:\/\/www.bibula.com\/index.php?rest_route=\/wp\/v2\/posts\/56268"}],"collection":[{"href":"https:\/\/www.bibula.com\/index.php?rest_route=\/wp\/v2\/posts"}],"about":[{"href":"https:\/\/www.bibula.com\/index.php?rest_route=\/wp\/v2\/types\/post"}],"author":[{"embeddable":true,"href":"https:\/\/www.bibula.com\/index.php?rest_route=\/wp\/v2\/users\/1"}],"replies":[{"embeddable":true,"href":"https:\/\/www.bibula.com\/index.php?rest_route=%2Fwp%2Fv2%2Fcomments&post=56268"}],"version-history":[{"count":0,"href":"https:\/\/www.bibula.com\/index.php?rest_route=\/wp\/v2\/posts\/56268\/revisions"}],"wp:attachment":[{"href":"https:\/\/www.bibula.com\/index.php?rest_route=%2Fwp%2Fv2%2Fmedia&parent=56268"}],"wp:term":[{"taxonomy":"category","embeddable":true,"href":"https:\/\/www.bibula.com\/index.php?rest_route=%2Fwp%2Fv2%2Fcategories&post=56268"},{"taxonomy":"post_tag","embeddable":true,"href":"https:\/\/www.bibula.com\/index.php?rest_route=%2Fwp%2Fv2%2Ftags&post=56268"}],"curies":[{"name":"wp","href":"https:\/\/api.w.org\/{rel}","templated":true}]}}