{"id":55803,"date":"2012-04-21T21:24:17","date_gmt":"2012-04-22T02:24:17","guid":{"rendered":"http:\/\/www.bibula.com\/?p=55803"},"modified":"2012-04-21T21:58:51","modified_gmt":"2012-04-22T02:58:51","slug":"dzierzynski-wroci-na-lubianke","status":"publish","type":"post","link":"https:\/\/www.bibula.com\/?p=55803","title":{"rendered":"Dzier\u017cy\u0144ski wr\u00f3ci na \u0141ubiank\u0119?"},"content":{"rendered":"<p><strong>Pomnik Feliksa Dzier\u017cy\u0144skiego zosta\u0142 zaliczony do \u201eobiekt\u00f3w dziedzictwa kulturowego\u201d.\u00a0<\/strong><\/p>\r\n<p>Wa\u017c\u0105ca jedena\u015bcie ton rze\u017aba przedstawiaj\u0105ca Dzier\u017cy\u0144skiego, kt\u00f3rej autorem jest Jewgienij Wuczeticz, zosta\u0142a zainstalowana na moskiewskiej \u0141ubiance w 1958 r. W zwi\u0105zku ze zmianami politycznymi w Zwi\u0105zku Sowieckim w sierpniu 1991 r. pomnik zdemontowano i przeniesiono do Parku Sztuki \u201eMuzeon\u201d na Wale Krymskim, w pobli\u017cu Centralnego Domu Artysty.<\/p>\r\n<p>Obecnie, w zwi\u0105zku z umieszczeniem rze\u017aby w planach prac konserwatorskich na rok 2012 (przeprowadzanych w ramach rewitalizacji obiekt\u00f3w wpisanych na list\u0119 dziedzictwa kulturowego Rosji), pomnik zostanie odrestaurowany. Dokumentacja projektu zostanie zako\u0144czona jesieni\u0105 2012 r.<\/p>\r\n<p>Opr\u00f3cz \u201eDzier\u017cy\u0144skiego\u201d odrestaurowane zostan\u0105 m.in. pomnik \u201ePierwszych cz\u0142onk\u00f3w Komsomo\u0142u\u201d oraz \u201eTryumf Zwyci\u0119stwa\u201d z 1943 r. \u015arodki przeznaczone na rewitalizacj\u0119 o\u015bmiu obiekt\u00f3w to 3 miliony rubli.<\/p>\r\n<p>\u0179r\u00f3d\u0142o:\u00a0pik.tv<\/p>","protected":false},"excerpt":{"rendered":"Pomnik Feliksa Dzier\u017cy\u0144skiego zosta\u0142 zaliczony do \u201eobiekt\u00f3w dziedzictwa kulturowego\u201d.\u00a0 Wa\u017c\u0105ca jedena\u015bcie ton rze\u017aba przedstawiaj\u0105ca Dzier\u017cy\u0144skiego, kt\u00f3rej autorem jest Jewgienij Wuczeticz, zosta\u0142a zainstalowana na moskiewskiej \u0141ubiance w 1958 r. W zwi\u0105zku ze zmianami politycznymi w Zwi\u0105zku Sowieckim w sierpniu 1991 r. pomnik zdemontowano i przeniesiono do Parku Sztuki \u201eMuzeon\u201d na Wale Krymskim, w pobli\u017cu Centralnego Domu [&hellip;]","protected":false},"author":1,"featured_media":0,"comment_status":"closed","ping_status":"closed","sticky":false,"template":"","format":"standard","meta":{"_acf_changed":false,"_monsterinsights_skip_tracking":false,"_monsterinsights_sitenote_active":false,"_monsterinsights_sitenote_note":"","_monsterinsights_sitenote_category":0,"ngg_post_thumbnail":0,"footnotes":"","_wp_rev_ctl_limit":""},"categories":[6],"tags":[66,141],"acf":[],"_links":{"self":[{"href":"https:\/\/www.bibula.com\/index.php?rest_route=\/wp\/v2\/posts\/55803"}],"collection":[{"href":"https:\/\/www.bibula.com\/index.php?rest_route=\/wp\/v2\/posts"}],"about":[{"href":"https:\/\/www.bibula.com\/index.php?rest_route=\/wp\/v2\/types\/post"}],"author":[{"embeddable":true,"href":"https:\/\/www.bibula.com\/index.php?rest_route=\/wp\/v2\/users\/1"}],"replies":[{"embeddable":true,"href":"https:\/\/www.bibula.com\/index.php?rest_route=%2Fwp%2Fv2%2Fcomments&post=55803"}],"version-history":[{"count":0,"href":"https:\/\/www.bibula.com\/index.php?rest_route=\/wp\/v2\/posts\/55803\/revisions"}],"wp:attachment":[{"href":"https:\/\/www.bibula.com\/index.php?rest_route=%2Fwp%2Fv2%2Fmedia&parent=55803"}],"wp:term":[{"taxonomy":"category","embeddable":true,"href":"https:\/\/www.bibula.com\/index.php?rest_route=%2Fwp%2Fv2%2Fcategories&post=55803"},{"taxonomy":"post_tag","embeddable":true,"href":"https:\/\/www.bibula.com\/index.php?rest_route=%2Fwp%2Fv2%2Ftags&post=55803"}],"curies":[{"name":"wp","href":"https:\/\/api.w.org\/{rel}","templated":true}]}}