{"id":5570,"date":"2009-01-15T10:10:39","date_gmt":"2009-01-15T15:10:39","guid":{"rendered":"http:\/\/www.bibula.com\/?p=5570"},"modified":"2009-01-15T10:10:39","modified_gmt":"2009-01-15T15:10:39","slug":"karzel-siedzacy-na-ramionach-olbrzyma","status":"publish","type":"post","link":"https:\/\/www.bibula.com\/?p=5570","title":{"rendered":"&#8222;Karze\u0142 siedz\u0105cy na ramionach olbrzyma&#8221;"},"content":{"rendered":"<p>Je\u015bli tylko co\u015b z\u0142ego mo\u017ce si\u0119 sta\u0107, to na pewno si\u0119 stanie. W po\u0142owie grudnia ub. roku wyrazi\u0142em obaw\u0119, \u017ce 17 stycznia, kiedy to, zgodnie z <a href=\"http:\/\/haribu.blog.onet.pl\/2,ID167790015,index.html\">Kalendarzem Post\u0119powca<\/a>, obchodzony jest w Polsce Dzie\u0144 Judaizmu, nasi duchowi przyw\u00f3dcy b\u0119d\u0105 uczyli nas plucia pod wiatr. No i prosz\u0119! Jeszcze nie nadszed\u0142 ten Dzie\u0144, a ju\u017c pan prof. Jan Grosfeld, cz\u0142onek Komitetu ds. Dialogu z Judaizmem, rozpocz\u0105\u0142 nauczanie. Konkretnie &#8211; objawi\u0142 nam, czym jest chrze\u015bcija\u0144stwo w stosunku do judaizmu. \u201e<em style=\"font-weight: bold;\">Chrze\u015bcija\u0144stwo w stosunku do judaizmu to jest co\u015b takiego, jak karze\u0142 siedz\u0105cy na ramionach olbrzyma.(&#8230;) Ten karze\u0142 widzi dalej &#8211; to prawda, ale bez tego olbrzyma nic nie widzi.<\/em><span style=\"font-weight: bold;\">\u201d Czy karze\u0142 widzi dalej, czy nie &#8211; to sprawa dyskusyjna. Je\u015bli jednak siedzi na ramionach olbrzyma, to jest oczywiste, \u017ce nolens volens nie tylko patrzy, ale przede wszystkim &#8211; idzie tam, gdzie pod\u0105\u017ca olbrzym, to chyba jasne. Tak jest zawsze, gdy kto\u015b nie stoi na w\u0142asnych nogach, tylko na cudzych. I to jest chyba najwa\u017cniejsza informacja, kt\u00f3r\u0105 na Dzie\u0144 Judaizmu uzyskali\u015bmy dzi\u0119ki uprzejmo\u015bci pana prof. Grosfelda.<\/span><br \/>\r\n <br \/>\r\n \u017ar\u00f3d\u0142o: <a href=\"http:\/\/www.michalkiewicz.pl\/tekst.php?tekst=628\">blog Stanis\u0142awa Michalkiewicza<\/a><br \/>\r\n <br \/>\r\n Z kronikarskiego obowi\u0105zku informujemy, \u017ce prof. Grosfeld od 24 lat jest r\u00f3wnie\u017c <a href=\"http:\/\/www.foto.ekai.pl\/?did=743&amp;wp=display\">katechist\u0105 Drogi Neokatechumenalnej<\/a>. Ciekawe, czy w swojej wsp\u00f3lnocie naucza podobnych g\u0142upot?<\/p>\r\n\r\n<p><br class=\"spacer_\" \/><\/p>\r\n\r\n<p>Za: <a href=\"http:\/\/breviarium.blogspot.com\/2009\/01\/karze-siedzcy-na-ramionach-olbrzyma.html\" target=\"_blank\">Kronika Novus Ordo, <span class=\"post-author vcard\">Napisa\u0142 <span class=\"fn\">Dextimus<\/span> <\/span><span class=\"post-timestamp\"> dnia <span class=\"timestamp-link\"><abbr class=\"published\" title=\"2009-01-14T18:41:00+01:00\">14.1.09<\/abbr><\/span><\/span><\/a><br \/>\r\n <a href=\"http:\/\/breviarium.blogspot.com\/2009\/01\/karze-siedzcy-na-ramionach-olbrzyma.html\">&#8222;karze\u0142 siedz\u0105cy na ramionach olbrzyma<\/a>&#8222;<\/p>","protected":false},"excerpt":{"rendered":"Je\u015bli tylko co\u015b z\u0142ego mo\u017ce si\u0119 sta\u0107, to na pewno si\u0119 stanie. W po\u0142owie grudnia ub. roku wyrazi\u0142em obaw\u0119, \u017ce 17 stycznia, kiedy to, zgodnie z Kalendarzem Post\u0119powca, obchodzony jest w Polsce Dzie\u0144 Judaizmu, nasi duchowi przyw\u00f3dcy b\u0119d\u0105 uczyli nas plucia pod wiatr. No i prosz\u0119! Jeszcze nie nadszed\u0142 ten Dzie\u0144, a ju\u017c pan prof. [&hellip;]","protected":false},"author":1,"featured_media":0,"comment_status":"closed","ping_status":"closed","sticky":false,"template":"","format":"standard","meta":{"_acf_changed":false,"_monsterinsights_skip_tracking":false,"ngg_post_thumbnail":0,"footnotes":"","_wp_rev_ctl_limit":""},"categories":[8],"tags":[55],"acf":[],"_links":{"self":[{"href":"https:\/\/www.bibula.com\/index.php?rest_route=\/wp\/v2\/posts\/5570"}],"collection":[{"href":"https:\/\/www.bibula.com\/index.php?rest_route=\/wp\/v2\/posts"}],"about":[{"href":"https:\/\/www.bibula.com\/index.php?rest_route=\/wp\/v2\/types\/post"}],"author":[{"embeddable":true,"href":"https:\/\/www.bibula.com\/index.php?rest_route=\/wp\/v2\/users\/1"}],"replies":[{"embeddable":true,"href":"https:\/\/www.bibula.com\/index.php?rest_route=%2Fwp%2Fv2%2Fcomments&post=5570"}],"version-history":[{"count":0,"href":"https:\/\/www.bibula.com\/index.php?rest_route=\/wp\/v2\/posts\/5570\/revisions"}],"wp:attachment":[{"href":"https:\/\/www.bibula.com\/index.php?rest_route=%2Fwp%2Fv2%2Fmedia&parent=5570"}],"wp:term":[{"taxonomy":"category","embeddable":true,"href":"https:\/\/www.bibula.com\/index.php?rest_route=%2Fwp%2Fv2%2Fcategories&post=5570"},{"taxonomy":"post_tag","embeddable":true,"href":"https:\/\/www.bibula.com\/index.php?rest_route=%2Fwp%2Fv2%2Ftags&post=5570"}],"curies":[{"name":"wp","href":"https:\/\/api.w.org\/{rel}","templated":true}]}}