{"id":55684,"date":"2012-04-19T11:47:04","date_gmt":"2012-04-19T16:47:04","guid":{"rendered":"http:\/\/www.bibula.com\/?p=55684"},"modified":"2012-04-19T11:53:35","modified_gmt":"2012-04-19T16:53:35","slug":"zaskakujaco-wysoka-liczba-zaginiec-polakow-za-granica","status":"publish","type":"post","link":"https:\/\/www.bibula.com\/?p=55684","title":{"rendered":"Zaskakuj\u0105co wysoka liczba zagini\u0119\u0107 Polak\u00f3w za granic\u0105"},"content":{"rendered":"<p><strong>W zesz\u0142ym roku za granic\u0105 zagin\u0119\u0142o 274 Polak\u00f3w. Najwi\u0119cej w Wielkiej Brytanii, Niemczech i Holandii. Blisko 20 proc. wszystkich poszukiwanych przez Fundacj\u0119 Itaka to Polacy kt\u00f3rzy wyjechali z ojczyzny w poszukiwaniu pracy. <\/strong><\/p>\r\n<p>Jako najcz\u0119stsz\u0105 przyczyn\u0119 zagini\u0119\u0107 podaje si\u0119 niepowodzenia w poszukiwaniu pracy za granic\u0105. Nie maj\u0105c \u015brodk\u00f3w do \u017cycia czy na powr\u00f3t do kraju, emigranci popadaj\u0105 w kolejne d\u0142ugi, \u0142ami\u0105 prawo, staj\u0105 si\u0119 bezdomni.<\/p>\r\n<p>&#8211; <em>Wielu osobom wyjazd do Niemiec, Anglii czy Holandii wydaje si\u0119 by\u0107 szans\u0105 na lepsze \u017cycie. Niestety, jad\u0105c w ciemno, bez odpowiedniego przygotowania, cz\u0119sto podejmuj\u0105c prac\u0119 na czarno, Polacy staj\u0105 si\u0119 \u0142atwymi ofiarami nieuczciwych po\u015brednik\u00f3w czy pracodawc\u00f3w<\/em> &#8211; powiedzia\u0142a Polskiemu Radio Aleksandra Andruszczak-Zin, wicedyrektorka Zespo\u0142u Poszukiwa\u0144 i Identyfikacji Fundacji Itaka.<\/p>\r\n<p>\u0179r\u00f3d\u0142o: Polskie Radio<br \/> kra<\/p>","protected":false},"excerpt":{"rendered":"W zesz\u0142ym roku za granic\u0105 zagin\u0119\u0142o 274 Polak\u00f3w. Najwi\u0119cej w Wielkiej Brytanii, Niemczech i Holandii. Blisko 20 proc. wszystkich poszukiwanych przez Fundacj\u0119 Itaka to Polacy kt\u00f3rzy wyjechali z ojczyzny w poszukiwaniu pracy. Jako najcz\u0119stsz\u0105 przyczyn\u0119 zagini\u0119\u0107 podaje si\u0119 niepowodzenia w poszukiwaniu pracy za granic\u0105. Nie maj\u0105c \u015brodk\u00f3w do \u017cycia czy na powr\u00f3t do kraju, emigranci [&hellip;]","protected":false},"author":1,"featured_media":0,"comment_status":"closed","ping_status":"closed","sticky":false,"template":"","format":"standard","meta":{"_acf_changed":false,"_monsterinsights_skip_tracking":false,"_monsterinsights_sitenote_active":false,"_monsterinsights_sitenote_note":"","_monsterinsights_sitenote_category":0,"ngg_post_thumbnail":0,"footnotes":"","_wp_rev_ctl_limit":""},"categories":[8],"tags":[152],"acf":[],"_links":{"self":[{"href":"https:\/\/www.bibula.com\/index.php?rest_route=\/wp\/v2\/posts\/55684"}],"collection":[{"href":"https:\/\/www.bibula.com\/index.php?rest_route=\/wp\/v2\/posts"}],"about":[{"href":"https:\/\/www.bibula.com\/index.php?rest_route=\/wp\/v2\/types\/post"}],"author":[{"embeddable":true,"href":"https:\/\/www.bibula.com\/index.php?rest_route=\/wp\/v2\/users\/1"}],"replies":[{"embeddable":true,"href":"https:\/\/www.bibula.com\/index.php?rest_route=%2Fwp%2Fv2%2Fcomments&post=55684"}],"version-history":[{"count":0,"href":"https:\/\/www.bibula.com\/index.php?rest_route=\/wp\/v2\/posts\/55684\/revisions"}],"wp:attachment":[{"href":"https:\/\/www.bibula.com\/index.php?rest_route=%2Fwp%2Fv2%2Fmedia&parent=55684"}],"wp:term":[{"taxonomy":"category","embeddable":true,"href":"https:\/\/www.bibula.com\/index.php?rest_route=%2Fwp%2Fv2%2Fcategories&post=55684"},{"taxonomy":"post_tag","embeddable":true,"href":"https:\/\/www.bibula.com\/index.php?rest_route=%2Fwp%2Fv2%2Ftags&post=55684"}],"curies":[{"name":"wp","href":"https:\/\/api.w.org\/{rel}","templated":true}]}}