{"id":5565,"date":"2009-01-15T11:18:57","date_gmt":"2009-01-15T16:18:57","guid":{"rendered":"http:\/\/www.bibula.com\/?p=5565"},"modified":"2009-01-15T11:21:47","modified_gmt":"2009-01-15T16:21:47","slug":"zydowscy-manipulatorzy-medialni-obwiniaja-europejczykow-za-holokaustu","status":"publish","type":"post","link":"https:\/\/www.bibula.com\/?p=5565","title":{"rendered":"\u017bydowscy manipulatorzy obwiniaj\u0105 &#8222;Europejczyk\u00f3w&#8221; za Holokaust"},"content":{"rendered":"<p>Prowadzone\u00a0 na ca\u0142ym \u015bwiecie akcje protestacyjne przeciwko polityce Izraela, a szczeg\u00f3lnie ostatniej agresji militarnej wojsk izraelskich w Strefie Gazy, pr\u00f3buj\u0105 by\u0107 interpretowane przez \u017cydowskich manipulator\u00f3w jako &#8222;przywo\u0142ywanie winy Europejczyk\u00f3w za wywo\u0142anie Holokaustu oraz zaprzeczenie to\u017csamo\u015bci pa\u0144stwa \u017cydowskiego&#8221; &#8211; powiedzia\u0142 wy\u017cszy przedstawiciel instytutu <em>Yad Vashem<\/em>, cytowany przez izraelski dziennik <em><a href=\"http:\/\/www.jpost.com\/servlet\/Satellite?cid=1231424928602&amp;pagename=JPost%2FJPArticle%2FShowFull\" target=\"_blank\">The Jerusalem Post<\/a><\/em>.<\/p>\r\n\r\n<p>&#8222;Poprzez oskar\u017canie nas o [bycie, stosowanie metod] nazistowskich, Europejczycy przenosz\u0105 cz\u0119\u015b\u0107 swojego poczucia winy i odpowiedzialno\u015bci za Holokaust&#8221; &#8211; powiedzia\u0142 dr Robert Rozett, dyrektor biblioteki <em>Yad Vashem Libraries<\/em>. &#8222;Co wi\u0119cej, poprzez m\u00f3wienie, \u017ce \u017bydzi zachowuj\u0105 si\u0119 jak Nazi\u015bci, delegitymizuj\u0105 oni samo prawo do istnienia pa\u0144stwa Izrael.&#8221; &#8211; doda\u0142 Rozett.<\/p>\r\n\r\n<p>Dyrektor maso\u0144skiej syjonistycznej organizacji &#8222;Liga Przeciwko Znies\u0142awieniu&#8221; (<em>Anti-Defamation Leauge<\/em>), Abraham H. Foxman, w wywiadzie telefonicznym powiedzia\u0142, \u017ce antyizraelskie protesty w Europie &#8222;s\u0105 gorsze ni\u017c kiedykolwiek&#8221;. Foxman podkre\u015bli\u0142, \u017ce ta antyizraelska postawa &#8222;pod\u017cegana przez Internet&#8221;, &#8222;nie ma wstydu, nie waha si\u0119 i nie ma granic&#8221; w por\u00f3wnywaniu Izraela z Nazistami. Wed\u0142ug Foxmana: &#8222;Antysemityzm w Europie nigdy nie zosta\u0142 wyeliminowany, jedynie poskromiony&#8221;.<\/p>\r\n\r\n<p>Dyrektor Foxman nie wyja\u015bnia\u0142 dalej czy okre\u015blaj\u0105c obecn\u0105 sytuacj\u0119 w Europie jako &#8222;gorsz\u0105 ni\u017c kiedykolwiek&#8221;, bierze pod uwag\u0119 r\u00f3wnie\u017c przedwojenne i wojenne lata III Rzeszy. Nie dopowiada r\u00f3wnie\u017c, i\u017c taktyka armii izraelskiej opiera si\u0119 na do\u015bwiadczeniach niemieckich, zdobytych podczas walki z \u017co\u0142nierzami Powstania Warszawskiego, i z tak\u0105 bezwzgl\u0119dno\u015bci\u0105 zastosowanych przy walkach armii izraelskiej na obszarach zabudowanych, z broni\u0105cymi swoich praw arabskimi odwiecznymi mieszka\u0144cami Palestyny. Nie rozwodzi si\u0119 r\u00f3wnie\u017c nad grupowym poj\u0119ciem &#8222;wina Europejczyk\u00f3w&#8221;, najwidoczniej wygodnie zapominaj\u0105c, \u017ce odpowiedzialnymi za rozpocz\u0119cie II Wojny \u015awiatowej s\u0105 hitlerowskie Niemcy oraz kieruj\u0105ca si\u0119 t\u0105 sam\u0105 lewicow\u0105 ideologi\u0105 Rosja Sowiecka.<\/p>\r\n\r\n<p><br class=\"spacer_\" \/><\/p>\r\n\r\n<p><br class=\"spacer_\" \/><\/p>\r\n\r\n<p><br class=\"spacer_\" \/><\/p>\r\n\r\n<p><br class=\"spacer_\" \/><\/p>","protected":false},"excerpt":{"rendered":"Prowadzone\u00a0 na ca\u0142ym \u015bwiecie akcje protestacyjne przeciwko polityce Izraela, a szczeg\u00f3lnie ostatniej agresji militarnej wojsk izraelskich w Strefie Gazy, pr\u00f3buj\u0105 by\u0107 interpretowane przez \u017cydowskich manipulator\u00f3w jako &#8222;przywo\u0142ywanie winy Europejczyk\u00f3w za wywo\u0142anie Holokaustu oraz zaprzeczenie to\u017csamo\u015bci pa\u0144stwa \u017cydowskiego&#8221; &#8211; powiedzia\u0142 wy\u017cszy przedstawiciel instytutu Yad Vashem, cytowany przez izraelski dziennik The Jerusalem Post. &#8222;Poprzez oskar\u017canie nas o [&hellip;]","protected":false},"author":1,"featured_media":0,"comment_status":"closed","ping_status":"closed","sticky":false,"template":"","format":"standard","meta":{"_acf_changed":false,"_monsterinsights_skip_tracking":false,"_monsterinsights_sitenote_active":false,"_monsterinsights_sitenote_note":"","_monsterinsights_sitenote_category":0,"ngg_post_thumbnail":0,"footnotes":"","_wp_rev_ctl_limit":""},"categories":[6],"tags":[22,61,55],"acf":[],"_links":{"self":[{"href":"https:\/\/www.bibula.com\/index.php?rest_route=\/wp\/v2\/posts\/5565"}],"collection":[{"href":"https:\/\/www.bibula.com\/index.php?rest_route=\/wp\/v2\/posts"}],"about":[{"href":"https:\/\/www.bibula.com\/index.php?rest_route=\/wp\/v2\/types\/post"}],"author":[{"embeddable":true,"href":"https:\/\/www.bibula.com\/index.php?rest_route=\/wp\/v2\/users\/1"}],"replies":[{"embeddable":true,"href":"https:\/\/www.bibula.com\/index.php?rest_route=%2Fwp%2Fv2%2Fcomments&post=5565"}],"version-history":[{"count":0,"href":"https:\/\/www.bibula.com\/index.php?rest_route=\/wp\/v2\/posts\/5565\/revisions"}],"wp:attachment":[{"href":"https:\/\/www.bibula.com\/index.php?rest_route=%2Fwp%2Fv2%2Fmedia&parent=5565"}],"wp:term":[{"taxonomy":"category","embeddable":true,"href":"https:\/\/www.bibula.com\/index.php?rest_route=%2Fwp%2Fv2%2Fcategories&post=5565"},{"taxonomy":"post_tag","embeddable":true,"href":"https:\/\/www.bibula.com\/index.php?rest_route=%2Fwp%2Fv2%2Ftags&post=5565"}],"curies":[{"name":"wp","href":"https:\/\/api.w.org\/{rel}","templated":true}]}}