{"id":55257,"date":"2012-04-12T09:46:02","date_gmt":"2012-04-12T14:46:02","guid":{"rendered":"http:\/\/www.bibula.com\/?p=55257"},"modified":"2020-09-22T18:59:56","modified_gmt":"2020-09-22T22:59:56","slug":"nyt-polskie-obozy-nazizm-w-ii-rzeczypospolitej","status":"publish","type":"post","link":"https:\/\/www.bibula.com\/?p=55257","title":{"rendered":"NYT: polskie obozy, nazizm w II Rzeczypospolitej"},"content":{"rendered":"<p><strong>Redaktorzy ameryka\u0144skiego dziennika \u201eNew York Times\u201d po raz kolejny b\u0142ysn\u0119li elokwencj\u0105 i wiedz\u0105 historyczn\u0105. Najpierw kilkukrotnie pisali o \u201epolskich obozach koncentracyjnych\u201d tym razem odkryli nazizm w II RP. \u00a0<\/strong><\/p>\r\n<p>\u201eNajs\u0142ynniejsz\u0105 powie\u015bci\u0105 pana Grassa jest wydany w roku 1959 &lt;&lt;Blaszany b\u0119benek&gt;&gt;, porywaj\u0105ca alegoryczna eksploracja rozkwitu nazizmu w Niemczech i w Polsce\u201d &#8211; napisa\u0142o przedwczoraj dw\u00f3ch dziennikarzy w tek\u015bcie o aferze w sprawie antyizraelskiego wiersza noblisty.<\/p>\r\n<p>&#8211; <em>To wstyd, \u017ce tak prominentna gazeta w ten spos\u00f3b zniekszta\u0142ca histori\u0119. My Amerykanie polskiego pochodzenia nie mo\u017cemy si\u0119 jednak tylko oburza\u0107. Musimy wykorzysta\u0107 takie wydarzenia, aby nauczy\u0107 spo\u0142ecze\u0144stwo USA jak wygl\u0105da\u0142a naprawd\u0119 historia (&#8230;)<\/em> &#8211; powiedzia\u0142 PAP prezes nowojorskiego oddzia\u0142u Kongresu Polonii Ameryka\u0144skiej, Frank Milewski. &#8222;Polska, pierwsza ofiara nazizmu mo\u017ce by\u0107 teraz przedstawiana jako wsp\u00f3\u0142odpowiedzialna wraz z Niemcami za nazizm&#8221;.<\/p>\r\n<p>&#8222;New York Times&#8221; znany jest z rozlicznych manipulacji i przekszta\u0142cania fakt\u00f3w, powsta\u0142o ju\u017c o tym kilka ksi\u0105\u017cek &#8211; najszerzej opisywan\u0105, haniebn\u0105 \u201ewpadk\u0105\u201d dziennika by\u0142y materia\u0142y zamieszczane w latach 30. w czasie Wielkiego G\u0142odu na Ukrainie, kiedy to publikowano entuzjastyczne reporta\u017ce Waltera Duranty&#8217;ego o znakomitych efektach kolektywizacji na wsi ukrai\u0144skiej. W marcu 2011 roku jeden z dziennikarzy napisa\u0142 o obozie koncentracyjnym Dachau &#8222;po\u0142o\u017conym w Polsce&#8221;. Takie przyk\u0142ady na inne tematy s\u0105 w pi\u015bmie niemal codzienno\u015bci\u0105. Gazeta cz\u0119sto atakuje r\u00f3wnie\u017c Ko\u015bci\u00f3\u0142.<\/p>\r\n<p>\u0179r\u00f3d\u0142o: fronda.pl<br \/>\r\nkra<\/p>","protected":false},"excerpt":{"rendered":"Redaktorzy ameryka\u0144skiego dziennika \u201eNew York Times\u201d po raz kolejny b\u0142ysn\u0119li elokwencj\u0105 i wiedz\u0105 historyczn\u0105. Najpierw kilkukrotnie pisali o \u201epolskich obozach koncentracyjnych\u201d tym razem odkryli nazizm w II RP. \u00a0 \u201eNajs\u0142ynniejsz\u0105 powie\u015bci\u0105 pana Grassa jest wydany w roku 1959 &lt;&lt;Blaszany b\u0119benek&gt;&gt;, porywaj\u0105ca alegoryczna eksploracja rozkwitu nazizmu w Niemczech i w Polsce\u201d &#8211; napisa\u0142o przedwczoraj dw\u00f3ch dziennikarzy [&hellip;]","protected":false},"author":1,"featured_media":0,"comment_status":"closed","ping_status":"closed","sticky":false,"template":"","format":"standard","meta":{"_acf_changed":false,"_monsterinsights_skip_tracking":false,"_monsterinsights_sitenote_active":false,"_monsterinsights_sitenote_note":"","_monsterinsights_sitenote_category":0,"ngg_post_thumbnail":0,"footnotes":"","_wp_rev_ctl_limit":""},"categories":[6],"tags":[65,30,53,159,20,221,59],"acf":[],"_links":{"self":[{"href":"https:\/\/www.bibula.com\/index.php?rest_route=\/wp\/v2\/posts\/55257"}],"collection":[{"href":"https:\/\/www.bibula.com\/index.php?rest_route=\/wp\/v2\/posts"}],"about":[{"href":"https:\/\/www.bibula.com\/index.php?rest_route=\/wp\/v2\/types\/post"}],"author":[{"embeddable":true,"href":"https:\/\/www.bibula.com\/index.php?rest_route=\/wp\/v2\/users\/1"}],"replies":[{"embeddable":true,"href":"https:\/\/www.bibula.com\/index.php?rest_route=%2Fwp%2Fv2%2Fcomments&post=55257"}],"version-history":[{"count":1,"href":"https:\/\/www.bibula.com\/index.php?rest_route=\/wp\/v2\/posts\/55257\/revisions"}],"predecessor-version":[{"id":118732,"href":"https:\/\/www.bibula.com\/index.php?rest_route=\/wp\/v2\/posts\/55257\/revisions\/118732"}],"wp:attachment":[{"href":"https:\/\/www.bibula.com\/index.php?rest_route=%2Fwp%2Fv2%2Fmedia&parent=55257"}],"wp:term":[{"taxonomy":"category","embeddable":true,"href":"https:\/\/www.bibula.com\/index.php?rest_route=%2Fwp%2Fv2%2Fcategories&post=55257"},{"taxonomy":"post_tag","embeddable":true,"href":"https:\/\/www.bibula.com\/index.php?rest_route=%2Fwp%2Fv2%2Ftags&post=55257"}],"curies":[{"name":"wp","href":"https:\/\/api.w.org\/{rel}","templated":true}]}}