{"id":54515,"date":"2012-03-30T14:56:49","date_gmt":"2012-03-30T19:56:49","guid":{"rendered":"http:\/\/www.bibula.com\/?p=54515"},"modified":"2012-03-30T14:56:49","modified_gmt":"2012-03-30T19:56:49","slug":"wegry-rehabilitacja-kardynala-meczennika-czasow-komunizmu","status":"publish","type":"post","link":"https:\/\/www.bibula.com\/?p=54515","title":{"rendered":"W\u0119gry: rehabilitacja kardyna\u0142a m\u0119czennika czas\u00f3w komunizmu"},"content":{"rendered":"<p><strong>M\u0119cze\u0144ski prymas W\u0119gier doczeka\u0142 si\u0119 wreszcie pe\u0142nej rehabilitacji prawnej, moralnej i politycznej.<\/strong><\/p>\r\n<p><img decoding=\"async\" class=\"alignleft\" style=\"margin: 10px;\" src=\"http:\/\/media01.vatiradio.va\/imm\/1_0_576076.JPG\" alt=\"\" width=\"250\" height=\"170\" align=\"left\" \/>Prokuratura generalna w Budapeszcie wyda\u0142a dokument ko\u0144cz\u0105cy proces rehabilitacyjny kard. J\u00f3zsefa Mindszenty\u2019ego.Ju\u017c pod koniec 1989 r. zarz\u0105dzi\u0142a ona rewizj\u0119 procesu wytoczonego hierarsze 40 lat wcze\u015bniej przez komunist\u00f3w, a nast\u0119pnie, w 1990 r., w\u0119gierski parlament uchwali\u0142 zado\u015b\u0107uczynienie wszystkim niewinnym ofiarom komunistycznych proces\u00f3w pokazowych. Pe\u0142n\u0105 rehabilitacj\u0119 swego wielkiego poprzednika obecny prymas W\u0119gier kard. P\u00c3\u00a9ter Erd\u00c5\u2018 okre\u015bli\u0142 jako wk\u0142ad w odnow\u0119 moraln\u0105 narodu i dow\u00f3d zerwania przez wymiar sprawiedliwo\u015bci ze z\u0142ym dziedzictwem fa\u0142szu.<br \/><br \/>S\u0105dowa rehabilitacja zbiega si\u0119 z obchodami 120. rocznicy urodzin kard. Mindszenty\u2019ego, kt\u00f3ra min\u0119\u0142a 29 marca. W ich ramach ca\u0142y w\u0119gierski episkopat odprawi 31.03 Msz\u0119 dzi\u0119kczynn\u0105 w katedrze diecezji Szombathely, z kt\u00f3rej pochodzi\u0142 m\u0119cze\u0144ski prymas. Wi\u0119ziony przez hitlerowc\u00f3w, a potem przez komunist\u00f3w, hierarcha po st\u0142umieniu w 1956 r. przez sowieckie wojska powstania w\u0119gierskiego by\u0142 15 lat azylowany w ameryka\u0144skiej ambasadzie w Budapeszcie. Zmar\u0142 w 1975 r. na wygnaniu w Wiedniu. Od pi\u0119ciu lat w\u0119gierscy biskupi zabiegaj\u0105 o jego beatyfikacj\u0119.<br \/> <br \/>ak\/ rv<\/p>","protected":false},"excerpt":{"rendered":"M\u0119cze\u0144ski prymas W\u0119gier doczeka\u0142 si\u0119 wreszcie pe\u0142nej rehabilitacji prawnej, moralnej i politycznej. Prokuratura generalna w Budapeszcie wyda\u0142a dokument ko\u0144cz\u0105cy proces rehabilitacyjny kard. J\u00f3zsefa Mindszenty\u2019ego.Ju\u017c pod koniec 1989 r. zarz\u0105dzi\u0142a ona rewizj\u0119 procesu wytoczonego hierarsze 40 lat wcze\u015bniej przez komunist\u00f3w, a nast\u0119pnie, w 1990 r., w\u0119gierski parlament uchwali\u0142 zado\u015b\u0107uczynienie wszystkim niewinnym ofiarom komunistycznych proces\u00f3w pokazowych. Pe\u0142n\u0105 [&hellip;]","protected":false},"author":1,"featured_media":0,"comment_status":"closed","ping_status":"closed","sticky":false,"template":"","format":"standard","meta":{"_acf_changed":false,"_monsterinsights_skip_tracking":false,"ngg_post_thumbnail":0,"footnotes":"","_wp_rev_ctl_limit":""},"categories":[3],"tags":[66,179,41,33],"acf":[],"_links":{"self":[{"href":"https:\/\/www.bibula.com\/index.php?rest_route=\/wp\/v2\/posts\/54515"}],"collection":[{"href":"https:\/\/www.bibula.com\/index.php?rest_route=\/wp\/v2\/posts"}],"about":[{"href":"https:\/\/www.bibula.com\/index.php?rest_route=\/wp\/v2\/types\/post"}],"author":[{"embeddable":true,"href":"https:\/\/www.bibula.com\/index.php?rest_route=\/wp\/v2\/users\/1"}],"replies":[{"embeddable":true,"href":"https:\/\/www.bibula.com\/index.php?rest_route=%2Fwp%2Fv2%2Fcomments&post=54515"}],"version-history":[{"count":0,"href":"https:\/\/www.bibula.com\/index.php?rest_route=\/wp\/v2\/posts\/54515\/revisions"}],"wp:attachment":[{"href":"https:\/\/www.bibula.com\/index.php?rest_route=%2Fwp%2Fv2%2Fmedia&parent=54515"}],"wp:term":[{"taxonomy":"category","embeddable":true,"href":"https:\/\/www.bibula.com\/index.php?rest_route=%2Fwp%2Fv2%2Fcategories&post=54515"},{"taxonomy":"post_tag","embeddable":true,"href":"https:\/\/www.bibula.com\/index.php?rest_route=%2Fwp%2Fv2%2Ftags&post=54515"}],"curies":[{"name":"wp","href":"https:\/\/api.w.org\/{rel}","templated":true}]}}