{"id":54456,"date":"2012-03-29T15:40:01","date_gmt":"2012-03-29T20:40:01","guid":{"rendered":"http:\/\/www.bibula.com\/?p=54456"},"modified":"2012-03-29T15:40:01","modified_gmt":"2012-03-29T20:40:01","slug":"propozycja-invocatio-dei-w-hymnie-narodowym-ukrainy","status":"publish","type":"post","link":"https:\/\/www.bibula.com\/?p=54456","title":{"rendered":"Propozycja <em>invocatio Dei<\/em> w hymnie narodowym Ukrainy"},"content":{"rendered":"<p>Duchowe odrodzenie spo\u0142ecze\u0144stwa wymaga odniesienia do Boga. Wychodz\u0105c z tego za\u0142o\u017cenia jeden z ukrai\u0144skich parlamentarzyst\u00f3w zaproponowa\u0142 zmian\u0119 pierwszych s\u0142\u00f3w hymnu narodowego. W dotychczasowej formie brzmi\u0105 one: \u201eJeszcze nie umar\u0142a Ukrainy chwa\u0142a ani wolno\u015b\u0107\u201d. S\u0105 to s\u0142owa pie\u015bni powsta\u0142ej w latach 60. XIX wieku, inspirowane zreszt\u0105 po cz\u0119\u015bci polskim Mazurkiem D\u0105browskiego. <br \/><br \/>Dmytr\u00f3 Wetwy\u0107kyj, prawos\u0142awny z Zadnieprza, ojciec rodziny z czworgiem dzieci, proponuje, by obecnie, gdy kraj jest od 20 lat niepodleg\u0142y, zmieni\u0107 je nast\u0119puj\u0105co: \u201eChwa\u0142a Bogu, na Ukrainie jest i prawda, i wolno\u015b\u0107\u201d. Jego zdaniem \u0142ad spo\u0142eczny wymaga pomocy Stw\u00f3rcy. Dobrze by by\u0142o \u015bpiewaj\u0105c hymn modli\u0107 si\u0119 r\u00f3wnocze\u015bnie za ojczyzn\u0119. Projektodawca przypomnia\u0142, \u017ce Boga wspomina si\u0119 w hymnach takich kraj\u00f3w europejskich, jak Wielka Brytania, Serbia czy Estonia. Propozycj\u0119 poparli ju\u017c niekt\u00f3rzy ukrai\u0144scy parlamentarzy\u015bci.<br \/> <br \/>ak\/ rv, risu<\/p>","protected":false},"excerpt":{"rendered":"Duchowe odrodzenie spo\u0142ecze\u0144stwa wymaga odniesienia do Boga. Wychodz\u0105c z tego za\u0142o\u017cenia jeden z ukrai\u0144skich parlamentarzyst\u00f3w zaproponowa\u0142 zmian\u0119 pierwszych s\u0142\u00f3w hymnu narodowego. W dotychczasowej formie brzmi\u0105 one: \u201eJeszcze nie umar\u0142a Ukrainy chwa\u0142a ani wolno\u015b\u0107\u201d. S\u0105 to s\u0142owa pie\u015bni powsta\u0142ej w latach 60. XIX wieku, inspirowane zreszt\u0105 po cz\u0119\u015bci polskim Mazurkiem D\u0105browskiego. Dmytr\u00f3 Wetwy\u0107kyj, prawos\u0142awny z Zadnieprza, [&hellip;]","protected":false},"author":1,"featured_media":0,"comment_status":"closed","ping_status":"closed","sticky":false,"template":"","format":"standard","meta":{"_acf_changed":false,"_monsterinsights_skip_tracking":false,"_monsterinsights_sitenote_active":false,"_monsterinsights_sitenote_note":"","_monsterinsights_sitenote_category":0,"ngg_post_thumbnail":0,"footnotes":"","_wp_rev_ctl_limit":""},"categories":[6],"tags":[167],"acf":[],"_links":{"self":[{"href":"https:\/\/www.bibula.com\/index.php?rest_route=\/wp\/v2\/posts\/54456"}],"collection":[{"href":"https:\/\/www.bibula.com\/index.php?rest_route=\/wp\/v2\/posts"}],"about":[{"href":"https:\/\/www.bibula.com\/index.php?rest_route=\/wp\/v2\/types\/post"}],"author":[{"embeddable":true,"href":"https:\/\/www.bibula.com\/index.php?rest_route=\/wp\/v2\/users\/1"}],"replies":[{"embeddable":true,"href":"https:\/\/www.bibula.com\/index.php?rest_route=%2Fwp%2Fv2%2Fcomments&post=54456"}],"version-history":[{"count":0,"href":"https:\/\/www.bibula.com\/index.php?rest_route=\/wp\/v2\/posts\/54456\/revisions"}],"wp:attachment":[{"href":"https:\/\/www.bibula.com\/index.php?rest_route=%2Fwp%2Fv2%2Fmedia&parent=54456"}],"wp:term":[{"taxonomy":"category","embeddable":true,"href":"https:\/\/www.bibula.com\/index.php?rest_route=%2Fwp%2Fv2%2Fcategories&post=54456"},{"taxonomy":"post_tag","embeddable":true,"href":"https:\/\/www.bibula.com\/index.php?rest_route=%2Fwp%2Fv2%2Ftags&post=54456"}],"curies":[{"name":"wp","href":"https:\/\/api.w.org\/{rel}","templated":true}]}}