{"id":54453,"date":"2012-03-29T15:36:34","date_gmt":"2012-03-29T20:36:34","guid":{"rendered":"http:\/\/www.bibula.com\/?p=54453"},"modified":"2012-03-29T15:36:34","modified_gmt":"2012-03-29T20:36:34","slug":"dom-generalny-fsspx-wezwanie-do-modlitwy-o-laske-rozpoznania-woli-bozej","status":"publish","type":"post","link":"https:\/\/www.bibula.com\/?p=54453","title":{"rendered":"Dom Generalny FSSPX: Wezwanie do modlitwy o \u0142ask\u0119 rozpoznania woli Bo\u017cej"},"content":{"rendered":"<p>Po spotkaniu z\u00a0kard. Wilhelmem Levad\u0105, prefektem Kongregacji Nauki Wiary, do kt\u00f3rego dosz\u0142o 16 marca br., bp Bernard Fellay, prze\u0142o\u017cony generalny Bractwa Kap\u0142a\u0144skiego \u015awi\u0119tego Piusa X, pilnie prosi wiernych, by w\u00a0tych \u015bwi\u0119tych dniach Wielkiego Postu i\u00a0w\u00a0czasie wielkanocnym podwoili sw\u00f3j wysi\u0142ek modlitewny i\u00a0ofiarowane wyrzeczenia, aby wype\u0142ni\u0142a si\u0119 wola Bo\u017ca, i\u00a0tylko ona, zgodnie z\u00a0przyk\u0142adem, jaki Pan Jezus da\u0142 w\u00a0Ogr\u00f3jcu, m\u00f3wi\u0105c: \u201e<em>non mea voluntas, sed tua fiat<\/em> \u201d\u201d nie moja wola, ale Twoja niech si\u0119 stanie\u201d (\u0141k 22, 42).<\/p>\r\n<p><a href=\"http:\/\/news.fsspx.pl\/wp-content\/uploads\/Logo-FSSPX1.jpg\"><img decoding=\"async\" class=\"alignleft\" style=\"margin: 10px;\" title=\"FSSPX\" src=\"http:\/\/news.fsspx.pl\/wp-content\/uploads\/Logo-FSSPX1-150x150.jpg\" alt=\".\" width=\"150\" height=\"150\" align=\"left\" \/><\/a>Kontynuowanie Krucjaty R\u00f3\u017ca\u0144cowej, kt\u00f3ra rozpocz\u0119\u0142a si\u0119 w\u00a0Wielkanoc 2011 roku i\u00a0ma si\u0119 zako\u0144czy\u0107 w\u00a0dniu Pi\u0119\u0107dziesi\u0105tnicy roku bie\u017c\u0105cego, okazuje si\u0119 tak niezb\u0119dne, jak nigdy wcze\u015bniej. Dlatego te\u017c Bractwo \u015aw. Piusa X, kt\u00f3re nie pragnie niczego wi\u0119cej poza dobrem Ko\u015bcio\u0142a i\u00a0zbawieniem dusz, z\u00a0ufno\u015bci\u0105 zwraca si\u0119 do Naj\u015bwi\u0119tszej Maryi Panny o\u00a0wyproszenie u\u00a0Jej Boskiego Syna \u0142aski koniecznej do rozpoznania Jego woli i\u00a0odwa\u017cnego wcielenia jej w\u00a0\u017cycie.<\/p>\r\n<p>Niech wierni wielkodusznie ofiaruj\u0105 jedn\u0105 Komuni\u0119 \u015bwi\u0119t\u0105 w\u00a0tej intencji. Niech w\u00a0swych my\u015blach i\u00a0uczynkach kieruj\u0105 si\u0119 s\u0142owami modlitwy, kt\u00f3r\u0105 Chrystus Pan nakaza\u0142 nam wznosi\u0107 do Ojca niebieskiego: \u201e<em>Sanctificetur nomen tuum, adveniat regnum tuum, fiat voluntas tua sicut in\u00a0caelo et in terra<\/em> \u201d\u201d \u015bwi\u0119\u0107 si\u0119 imi\u0119 Twoje, przyjd\u017a kr\u00f3lestwo Twoje, b\u0105d\u017a wola Twoja jako w\u00a0niebie, tak i\u00a0na ziemi!\u201d.<\/p>\r\n<p>Menzingen, 29 marca 2012\u00a0r.<\/p>","protected":false},"excerpt":{"rendered":"Po spotkaniu z\u00a0kard. Wilhelmem Levad\u0105, prefektem Kongregacji Nauki Wiary, do kt\u00f3rego dosz\u0142o 16 marca br., bp Bernard Fellay, prze\u0142o\u017cony generalny Bractwa Kap\u0142a\u0144skiego \u015awi\u0119tego Piusa X, pilnie prosi wiernych, by w\u00a0tych \u015bwi\u0119tych dniach Wielkiego Postu i\u00a0w\u00a0czasie wielkanocnym podwoili sw\u00f3j wysi\u0142ek modlitewny i\u00a0ofiarowane wyrzeczenia, aby wype\u0142ni\u0142a si\u0119 wola Bo\u017ca, i\u00a0tylko ona, zgodnie z\u00a0przyk\u0142adem, jaki Pan Jezus da\u0142 [&hellip;]","protected":false},"author":1,"featured_media":0,"comment_status":"closed","ping_status":"closed","sticky":false,"template":"","format":"standard","meta":{"_acf_changed":false,"_monsterinsights_skip_tracking":false,"_monsterinsights_sitenote_active":false,"_monsterinsights_sitenote_note":"","_monsterinsights_sitenote_category":0,"ngg_post_thumbnail":0,"footnotes":"","_wp_rev_ctl_limit":""},"categories":[3],"tags":[32,41],"acf":[],"_links":{"self":[{"href":"https:\/\/www.bibula.com\/index.php?rest_route=\/wp\/v2\/posts\/54453"}],"collection":[{"href":"https:\/\/www.bibula.com\/index.php?rest_route=\/wp\/v2\/posts"}],"about":[{"href":"https:\/\/www.bibula.com\/index.php?rest_route=\/wp\/v2\/types\/post"}],"author":[{"embeddable":true,"href":"https:\/\/www.bibula.com\/index.php?rest_route=\/wp\/v2\/users\/1"}],"replies":[{"embeddable":true,"href":"https:\/\/www.bibula.com\/index.php?rest_route=%2Fwp%2Fv2%2Fcomments&post=54453"}],"version-history":[{"count":0,"href":"https:\/\/www.bibula.com\/index.php?rest_route=\/wp\/v2\/posts\/54453\/revisions"}],"wp:attachment":[{"href":"https:\/\/www.bibula.com\/index.php?rest_route=%2Fwp%2Fv2%2Fmedia&parent=54453"}],"wp:term":[{"taxonomy":"category","embeddable":true,"href":"https:\/\/www.bibula.com\/index.php?rest_route=%2Fwp%2Fv2%2Fcategories&post=54453"},{"taxonomy":"post_tag","embeddable":true,"href":"https:\/\/www.bibula.com\/index.php?rest_route=%2Fwp%2Fv2%2Ftags&post=54453"}],"curies":[{"name":"wp","href":"https:\/\/api.w.org\/{rel}","templated":true}]}}