{"id":54443,"date":"2012-03-29T14:04:59","date_gmt":"2012-03-29T19:04:59","guid":{"rendered":"http:\/\/www.bibula.com\/?p=54443"},"modified":"2012-03-29T16:13:08","modified_gmt":"2012-03-29T21:13:08","slug":"austria-pod-naciskiem-obywatelskim-zlikwidowano-grob-rodzicow-adolfa-hitlera","status":"publish","type":"post","link":"https:\/\/www.bibula.com\/?p=54443","title":{"rendered":"Austria: Pod naciskiem &#8222;obywatelskim&#8221; zlikwidowano gr\u00f3b rodzic\u00f3w Adolfa Hitlera"},"content":{"rendered":"<p><strong>Pod naciskiem &#8222;obywatelskim&#8221;, organizacji \u017cydowskich oraz innych &#8222;walcz\u0105cych z rasizmem i faszyzmem&#8221;, gr\u00f3b rodzic\u00f3w Adolfa Hitlera na cmentarzu w Leonding (G\u00f3rna Austria, powiat Linz-Land) zosta\u0142 uznany jako &#8222;porzucony&#8221;.<\/strong><\/p>\r\n<table class=\"outset\" align=\"left\">\r\n<tbody>\r\n<tr>\r\n<td><img decoding=\"async\" class=\"alignleft\" title=\"The place where Alois and Klara Hitler is buried, can be reassigned.\" src=\"http:\/\/images.derstandard.at\/t\/12\/2012\/03\/29\/1332352101269.jpg\" alt=\"Artikelbild\" width=\"180\" height=\"251\" \/><\/td>\r\n<\/tr>\r\n<tr>\r\n<td>\r\n<p class=\"zrodlo\">Photo: Robert Grunewald<br \/>Source: DerStandard.at<\/p>\r\n<\/td>\r\n<\/tr>\r\n<\/tbody>\r\n<\/table>\r\n<p>Przyj\u0119cie tego statusu prawnego &#8211; dotyczas dobrze zachowanego i piel\u0119gnowanego grobu, odwiedzanego przez tysi\u0105ce os\u00f3b &#8211; pozwoli\u0142o na rozebranie grobu, wyj\u0119cie dotychczasowej tablicy pami\u0105tkowej oraz ponowne u\u017cycie miejsca na cmentarzu. Szcz\u0105tki pochowanych os\u00f3b nie zosta\u0142y ekshumowane.<\/p>\r\n<p>Daleka krewna wodza III Rzeszy posiadaj\u0105ca oficjalne prawo do rozporz\u0105dzania miejscem spoczynku jego rodzic\u00f3w &#8211; Alois Hitler i Klary P\u00f6lzl &#8211; mia\u0142a wyrazi\u0107 zgod\u0119 na uznanie grobu jako &#8222;zaniedbany&#8221; i &#8222;porzucony&#8221;.<\/p>\r\n<p>Wiadomo\u015b\u0107 t\u0119 potwierdzi\u0142 ks. Kurt Pittertschatscher w wywiadzie dla radia <em>Upper Austrian Life Radio<\/em>.<\/p>\r\n<p>Jak powiedzia\u0142 Robert Eiter, aktywista &#8222;antyfaszystowskiego&#8221; ruchu przeciwko &#8222;skrajnej prawicy&#8221;, gr\u00f3b by\u0142 &#8222;traktowany przez neonazist\u00f3w jak sanktuarium&#8221;. Lewicowy &#8222;antyfaszysta&#8221; nie zauwa\u017cy\u0142 jednak, \u017ce Hitler przewodzi\u0142 ideologicznym ruchem socjalistycznym, nie maj\u0105cym nic wsp\u00f3lnego ze &#8222;skrajn\u0105 prawic\u0105&#8221;.<\/p>\r\n<p>\u00a0Likwidowanie grob\u00f3w os\u00f3b, nie odpowiedzialnych za nic, a jedynie b\u0119d\u0105cych przodkami tych, kt\u00f3rzy niechlubnie zapisali si\u0119 w historii, jest barbarzy\u0144stwem i wielkim skandalem.<\/p>","protected":false},"excerpt":{"rendered":"Pod naciskiem &#8222;obywatelskim&#8221;, organizacji \u017cydowskich oraz innych &#8222;walcz\u0105cych z rasizmem i faszyzmem&#8221;, gr\u00f3b rodzic\u00f3w Adolfa Hitlera na cmentarzu w Leonding (G\u00f3rna Austria, powiat Linz-Land) zosta\u0142 uznany jako &#8222;porzucony&#8221;. Photo: Robert GrunewaldSource: DerStandard.at Przyj\u0119cie tego statusu prawnego &#8211; dotyczas dobrze zachowanego i piel\u0119gnowanego grobu, odwiedzanego przez tysi\u0105ce os\u00f3b &#8211; pozwoli\u0142o na rozebranie grobu, wyj\u0119cie dotychczasowej tablicy [&hellip;]","protected":false},"author":1,"featured_media":0,"comment_status":"closed","ping_status":"closed","sticky":false,"template":"","format":"standard","meta":{"_acf_changed":false,"_monsterinsights_skip_tracking":false,"_monsterinsights_sitenote_active":false,"_monsterinsights_sitenote_note":"","_monsterinsights_sitenote_category":0,"ngg_post_thumbnail":0,"footnotes":"","_wp_rev_ctl_limit":""},"categories":[6],"tags":[244,53],"acf":[],"_links":{"self":[{"href":"https:\/\/www.bibula.com\/index.php?rest_route=\/wp\/v2\/posts\/54443"}],"collection":[{"href":"https:\/\/www.bibula.com\/index.php?rest_route=\/wp\/v2\/posts"}],"about":[{"href":"https:\/\/www.bibula.com\/index.php?rest_route=\/wp\/v2\/types\/post"}],"author":[{"embeddable":true,"href":"https:\/\/www.bibula.com\/index.php?rest_route=\/wp\/v2\/users\/1"}],"replies":[{"embeddable":true,"href":"https:\/\/www.bibula.com\/index.php?rest_route=%2Fwp%2Fv2%2Fcomments&post=54443"}],"version-history":[{"count":0,"href":"https:\/\/www.bibula.com\/index.php?rest_route=\/wp\/v2\/posts\/54443\/revisions"}],"wp:attachment":[{"href":"https:\/\/www.bibula.com\/index.php?rest_route=%2Fwp%2Fv2%2Fmedia&parent=54443"}],"wp:term":[{"taxonomy":"category","embeddable":true,"href":"https:\/\/www.bibula.com\/index.php?rest_route=%2Fwp%2Fv2%2Fcategories&post=54443"},{"taxonomy":"post_tag","embeddable":true,"href":"https:\/\/www.bibula.com\/index.php?rest_route=%2Fwp%2Fv2%2Ftags&post=54443"}],"curies":[{"name":"wp","href":"https:\/\/api.w.org\/{rel}","templated":true}]}}