{"id":54427,"date":"2012-03-29T21:48:06","date_gmt":"2012-03-30T02:48:06","guid":{"rendered":"http:\/\/www.bibula.com\/?p=54427"},"modified":"2012-03-29T12:52:52","modified_gmt":"2012-03-29T17:52:52","slug":"trwa-ostra-walka-panstwa-z-kosciolem-ks-prof-waldemar-chrostowski","status":"publish","type":"post","link":"https:\/\/www.bibula.com\/?p=54427","title":{"rendered":"Trwa ostra walka pa\u0144stwa z Ko\u015bcio\u0142em &#8211; <em>ks. prof. Waldemar Chrostowski<\/em>"},"content":{"rendered":"<p><strong>Mamy do czynienia z now\u0105 jako\u015bci\u0105 w\u00a0 dyskursie publicznym na temat relacji pa\u0144stwo &#8211; Ko\u015bci\u00f3\u0142. Walka z Ko\u015bcio\u0142em ma tylko poz\u00f3r nowo\u015bci, w rzeczywisto\u015bci jest ju\u017c od dawna obecna w przestrzeni publicznej. Ludzie sprawuj\u0105cy w\u0142adz\u0119 i cz\u0119\u015b\u0107 \u015brodowisk medialnych doszli do wniosku, \u017ce nadszed\u0142 sprzyjaj\u0105cy czas na otwart\u0105 konfrontacj\u0119. Na podj\u0119cie tej decyzji i rozpocz\u0119cie medialnej ofensywy wp\u0142yn\u0105\u0142 \u015bci\u015ble okre\u015blony splot wydarze\u0144.<\/strong><\/p>\r\n<p><img decoding=\"async\" class=\"alignleft\" style=\"margin: 10px;\" src=\"http:\/\/www.pch24.pl\/images\/min_mid_big\/mid_1239.jpg\" alt=\"\" width=\"256\" height=\"147\" align=\"left\" \/>Dokona\u0142a si\u0119 pe\u0142na symbioza obozu sprawuj\u0105cego w\u0142adz\u0119 polityczn\u0105 i cz\u0119\u015bci \u015brodk\u00f3w masowego przekazu. Media, dysponuj\u0105ce ogromnymi \u015brodkami ekonomicznymi, maj\u0105 gigantyczne mo\u017cliwo\u015bci oddzia\u0142ywania na spo\u0142ecze\u0144stwo. Do niedawna to dziennikarze zabiegali o przychylno\u015b\u0107 rz\u0105dz\u0105cych, w ostatnim okresie te role diametralnie si\u0119 odwr\u00f3ci\u0142y: ludzie w\u0142adzy wisz\u0105 u klamek wp\u0142ywowych redakcji, zabiegaj\u0105c by ich wizerunek w mediach by\u0142 korzystny. Przesta\u0142o by\u0107 wa\u017cne, co naprawd\u0119 robi\u0105 i jakie decyzj\u0119 podejmuj\u0105, a sta\u0142o si\u0119 wa\u017cne tylko to, w jaki spos\u00f3b s\u0105 pokazywani i przedstawiani, za czym id\u0105 wyniki &#8211; prawdziwych b\u0105d\u017a spreparowanych &#8211; bada\u0144 sonda\u017cowych i tzw. s\u0142upk\u00f3w poparcia. \u00a0Symbiotyczna struktura w\u0142adza-media wykazuje pogard\u0119 dla warto\u015bci wyznawanych przez spo\u0142ecze\u0144stwo, a tw\u00f3rcy medialnych fa\u0142szerstw i zmy\u015ble\u0144 pozostaj\u0105 ca\u0142kowicie bezkarni.<\/p>\r\n<p>Obecn\u0105 sytuacj\u0119 w du\u017cej mierze wykreowa\u0142y nast\u0119pstwa konkretnych wydarze\u0144 z naszej najnowszej historii, wyznaczone \u00a0datami: 1945, 1956, 1968, 1978, 1989 i 2005. Warto zobaczy\u0107, kto i jak przechodzi\u0142 przez te okresy zmian, perturbacji i przesile\u0144. Kto ocala\u0142, kto zyskiwa\u0142 i komu si\u0119 powiod\u0142o oraz kto straci\u0142 i by\u0142 marginalizowany. \u015arodowiska, kt\u00f3re przechodzi\u0142y bez szwanku z jednego okresu w drugi, po 2005 roku, czyli po \u015bmierci Jana Paw\u0142a II, da\u0142y sygna\u0142 do nowej i decyduj\u0105cej ofensywy. \u015amier\u0107 papie\u017ca sta\u0142a si\u0119 katalizatorem ataku na Ko\u015bci\u00f3\u0142, tym bardziej wyrafinowanego, \u017ce wielu dzisiejszych krytyk\u00f3w czerpa\u0142o wymierne korzy\u015bci z d\u0142ugiego pontyfikatu.<\/p>\r\n<p>Kolejnym momentem prze\u0142omowym by\u0142a katastrofa smole\u0144ska, kt\u00f3ra w \u015brodowiskach wrogich Ko\u015bcio\u0142owi wyzwoli\u0142a now\u0105 furi\u0119. Wkr\u00f3tce nast\u0105pi\u0142y dwa wydarzenia, na kt\u00f3re duchowie\u0144stwo i wierni nie zareagowali z dostateczn\u0105 si\u0142\u0105: sprawa obecno\u015bci Krzy\u017ca na Krakowskim Przedmie\u015bciu w Warszawie oraz niedosz\u0142a nominacja pra\u0142ata \u0179arskiego na biskupa polowego. Na blu\u017anierstwo skierowane przeciw Krzy\u017cowi nie zareagowali\u015bmy wystarczaj\u0105co mocno. Zablokowanie nominacji pra\u0142ata \u0179arskiego i pozbawienie go funkcji Wikariusza Generalnego &#8211; Zast\u0119pcy Biskupa Polowego WP przez MON, z niew\u0105tpliwym udzia\u0142em Kancelarii Prezydenta w podj\u0119ciu tej decyzji, upewni\u0142o w\u0142adze \u015bwieckie, \u017ce mog\u0105 by\u0107 bezkarne. Do tego dosz\u0142a dezinformacja, pod wieloma wzgl\u0119dami podobna do tej, jaka mia\u0142a miejsce w 2007 roku, gdy kandydatka na minister zdrowia okre\u015bli\u0142a spraw\u0119 in vitro i promocj\u0119 antykoncepcji jako \u201eprzejaw mi\u0142o\u015bci chrze\u015bcija\u0144skiej\u201d. Kilka miesi\u0119cy p\u00f3\u017aniej, premier m\u00f3g\u0142 ju\u017c oficjalnie m\u00f3wi\u0107 o dofinansowaniu in vitro gdy\u017c wiedzia\u0142, \u017ce reakcji nie b\u0119dzie.\u00a0 Testowano wytrzyma\u0142o\u015b\u0107 opinii publicznej i testy przebiega\u0142y po my\u015bli rz\u0105dz\u0105cych.<\/p>\r\n<p>Problemem jest nieustaj\u0105ce instrumentalizowanie Ko\u015bcio\u0142a. Ludzie w\u0142adzy uczynili Ko\u015bci\u00f3\u0142 elementem w\u0142asnych plan\u00f3w politycznych i to si\u0119 im udawa\u0142o. Przyk\u0142adowo, uznano za potrzebne organizowanie rekolekcji dla pos\u0142\u00f3w PO, odwracaj\u0105c uwag\u0119 od faktu, \u017ce wybory etyczne tej partii s\u0105 wysoce niew\u0142a\u015bciwe. Dlaczego w tym roku nie ma ju\u017c takich rekolekcji? Dlaczego PO ju\u017c ich nie potrzebuje? A wi\u0119c dlaczego w ubieg\u0142ych latach by\u0142y? Jak widz\u0105 to duchowni, kt\u00f3rzy w poprzednich latach wychodzili naprzeciw tym inicjatywom, a teraz milcz\u0105.<\/p>\r\n<p>Ostatnio nag\u0142a\u015bnia si\u0119 spraw\u0119 finans\u00f3w Ko\u015bcio\u0142a. To wyci\u0105ganie \u201etemat\u00f3w dy\u017curnych\u201d\u00a0 te\u017c ma d\u0142ug\u0105 tradycj\u0119. Premier Donald Tusk podczas niedawnego expose zapowiedzia\u0142, jaki b\u0119dzie kierunek dzia\u0142a\u0144 jego rz\u0105du, deklaruj\u0105c, \u017ce nie b\u0119dzie \u201ekl\u0119ka\u0142 przed ksi\u0119dzem\u201d.\u00a0 Obecnie mamy ataki podejmowane na zasadzie skojarze\u0144: kryzys &#8211; Ko\u015bci\u00f3\u0142\u00a0 &#8211; pieni\u0105dze. Unika si\u0119 dyskusji na temat faktycznych przyczyn kryzysu, a kieruje si\u0119 oskar\u017cenia na Ko\u015bci\u00f3\u0142.\u00a0 Tymczasem w kontek\u015bcie naszego zad\u0142u\u017cenia i pot\u0119\u017cnego krachu finansowego nasuwaj\u0105 si\u0119 pytania: U kogo jeste\u015bmy zad\u0142u\u017ceni? Kto i kiedy\u00a0 bra\u0142 olbrzymie po\u017cyczki? D\u0142ugi pa\u0144stw wynosz\u0105 biliony dolar\u00f3w. Kto jest w\u0142a\u015bcicielem tych bilion\u00f3w, bogatszym ni\u017c pa\u0144stwa i ich obywatele? Co to s\u0105 \u201emi\u0119dzynarodowe instytucje finansowe\u201d i kto za nimi stoi? Dlaczego\u00a0 koszty oszustw, nadu\u017cy\u0107 i kryzysu ponosz\u0105 obywatele, a nie bankierzy?<\/p>\r\n<p>Krzyczy si\u0119 \u201ego\u0144 z\u0142odzieja\u201d! W roli z\u0142odzieja i spo\u0142ecznego paso\u017cyta obsadza si\u0119 Ko\u015bci\u00f3\u0142! A gdzie si\u0119 naprawd\u0119 podzia\u0142y ogromne pieni\u0105dze? Rzadko si\u0119 pyta o koszty zaanga\u017cowania Polski \u00a0w r\u00f3\u017cne operacje wojenne oraz skutki, jakie to generuje dzi\u015b i w przysz\u0142o\u015bci. Po co nam wojna w Iraku i w Afganistanie? Co tam robi\u0105 nasi \u017co\u0142nierze i ile nas to kosztuje? W tej kwestii w\u0142adza nie liczy si\u0119 ze zdaniem opinii publicznej,\u00a0 zdecydowanie przeciwnej zaanga\u017cowaniu Polski w zagraniczne operacje militarne. M\u00f3wi si\u0119 o solidarno\u015bci z sojusznikami. Ale co jest warta solidarno\u015b\u0107 w tym, co z\u0142e? A z drugiej strony, jakie mamy dowody na solidarno\u015b\u0107 sojusznik\u00f3w z nami?\u00a0 Obecnie s\u0142yszymy o mo\u017cliwym ataku na Iran; czy i tym razem we\u017amiemy w nim udzia\u0142 i poniesiemy wysokie oraz niezwykle szkodliwe koszty?<\/p>\r\n<p>Jednym z cel\u00f3w nagonki na Ko\u015bci\u00f3\u0142 jest negatywna zmiana wizerunku duchownych. Ten cel zosta\u0142 w du\u017cym stopniu osi\u0105gni\u0119ty, bo wykopano niema\u0142\u0105 przepa\u015b\u0107 mi\u0119dzy wiernymi a duchowie\u0144stwem. Egzemplifikacj\u0105 mo\u017ce by\u0107 kwestia tzw. pedofilii. Jej przypadki cz\u0119sto to po prostu przypadki homoseksualizmu, ale nazywanie ich pedofili\u0105 jest bardziej szkodliwe dla kap\u0142an\u00f3w. Homoseksualizm bywa pokazywany niemal jako cnota, a \u0142at\u0119 pedofil\u00f3w systematycznie przyczepia si\u0119 tylko ksi\u0119\u017com. To powoduje tworzenie skojarze\u0144, kt\u00f3re s\u0105 bardzo gro\u017ane. Buduje si\u0119 mur niech\u0119ci i wrogo\u015bci mi\u0119dzy Ko\u015bcio\u0142em a m\u0142odzie\u017c\u0105 i dzie\u0107mi oraz rodzicami i wychowawcami, za\u015b na zgni\u0142e owoce tej akcji nie trzeba b\u0119dzie d\u0142ugo czeka\u0107.<\/p>\r\n<p>Wyj\u0105tkowo pod\u0142e jest przenoszenie wrogo\u015bci wobec Ko\u015bcio\u0142a na teren samego Ko\u015bcio\u0142a, co skutkuje podkopywaniem i kwestionowaniem prawdziwych autorytet\u00f3w, a promowaniem miernoty. Dobrze wida\u0107, z jak\u0105 niech\u0119ci\u0105 traktuje si\u0119 posta\u0107 S\u0142ugi Bo\u017cego kardyna\u0142a Stefana Wyszy\u0144skiego. We wrogiej dzia\u0142alno\u015bci maj\u0105cej na celu erozj\u0119\u00a0 autorytet\u00f3w bierze udzia\u0142 cz\u0119\u015b\u0107 \u201ekatolickich medi\u00f3w\u201d, uwiarygodniaj\u0105c tego typu dzia\u0142ania. Tu te\u017c wypuszcza si\u0119 balony pr\u00f3bne, testuj\u0105ce granice tego,\u00a0 co jeszcze mo\u017cna pokaza\u0107 i o\u015bmieszy\u0107, wcielaj\u0105c w \u017cycie zasad\u0119 \u00a0\u201edziel i rz\u0105d\u017a\u201d. Niestety, dajemy si\u0119 dzieli\u0107: \u201eKo\u015bci\u00f3\u0142 \u0142agiewnicki\u201d i \u201eKo\u015bci\u00f3\u0142 toru\u0144ski\u201d, itp. Zapominamy, \u017ce jeste\u015bmy Chrystusowi, tylko i wy\u0142\u0105cznie.<\/p>\r\n<p>W tym wszystkim nie bez znaczenia jest perspektywa europejskiej przysz\u0142o\u015bci \u00a0Donalda Tuska. S\u0142yszymy o planach powierzenia mu wysokiej funkcji w agendach Unii Europejskiej. Czy obecne dzia\u0142ania premiera w kraju nie s\u0105 spowodowane ch\u0119ci\u0105 wykazania si\u0119 i uwiarygodnienia siebie na antychrze\u015bcija\u0144skich salonach europejskich? Miejmy nadziej\u0119, \u017ce nie, ale \u017cadnej pewno\u015bci co do tego nie ma.<\/p>\r\n<p>Pami\u0119tajmy o tym, co niedawno powiedzia\u0142 premier W\u0119gier: jak niegdy\u015b wobec ludzi w mundurach, tak teraz b\u0105d\u017amy czujni i ostro\u017cni wobec ludzi w starannie skrojonych garniturach. To, \u017ce Polska si\u0119 zmienia na korzy\u015b\u0107, jest zas\u0142ug\u0105\u00a0 narodu, a nie w\u0142adz i nie dajmy sobie tego odebra\u0107.<\/p>\r\n<p><strong><em>Ks. prof. Waldemar Chrostowski<\/em><\/strong><\/p>\r\n<p class=\"zrodlo\">fot. Agencja FORUM<\/p>","protected":false},"excerpt":{"rendered":"Mamy do czynienia z now\u0105 jako\u015bci\u0105 w\u00a0 dyskursie publicznym na temat relacji pa\u0144stwo &#8211; Ko\u015bci\u00f3\u0142. Walka z Ko\u015bcio\u0142em ma tylko poz\u00f3r nowo\u015bci, w rzeczywisto\u015bci jest ju\u017c od dawna obecna w przestrzeni publicznej. Ludzie sprawuj\u0105cy w\u0142adz\u0119 i cz\u0119\u015b\u0107 \u015brodowisk medialnych doszli do wniosku, \u017ce nadszed\u0142 sprzyjaj\u0105cy czas na otwart\u0105 konfrontacj\u0119. Na podj\u0119cie tej decyzji i rozpocz\u0119cie [&hellip;]","protected":false},"author":1,"featured_media":0,"comment_status":"closed","ping_status":"closed","sticky":false,"template":"","format":"standard","meta":{"_acf_changed":false,"_monsterinsights_skip_tracking":false,"_monsterinsights_sitenote_active":false,"_monsterinsights_sitenote_note":"","_monsterinsights_sitenote_category":0,"ngg_post_thumbnail":0,"footnotes":"","_wp_rev_ctl_limit":""},"categories":[9],"tags":[132,92],"acf":[],"_links":{"self":[{"href":"https:\/\/www.bibula.com\/index.php?rest_route=\/wp\/v2\/posts\/54427"}],"collection":[{"href":"https:\/\/www.bibula.com\/index.php?rest_route=\/wp\/v2\/posts"}],"about":[{"href":"https:\/\/www.bibula.com\/index.php?rest_route=\/wp\/v2\/types\/post"}],"author":[{"embeddable":true,"href":"https:\/\/www.bibula.com\/index.php?rest_route=\/wp\/v2\/users\/1"}],"replies":[{"embeddable":true,"href":"https:\/\/www.bibula.com\/index.php?rest_route=%2Fwp%2Fv2%2Fcomments&post=54427"}],"version-history":[{"count":0,"href":"https:\/\/www.bibula.com\/index.php?rest_route=\/wp\/v2\/posts\/54427\/revisions"}],"wp:attachment":[{"href":"https:\/\/www.bibula.com\/index.php?rest_route=%2Fwp%2Fv2%2Fmedia&parent=54427"}],"wp:term":[{"taxonomy":"category","embeddable":true,"href":"https:\/\/www.bibula.com\/index.php?rest_route=%2Fwp%2Fv2%2Fcategories&post=54427"},{"taxonomy":"post_tag","embeddable":true,"href":"https:\/\/www.bibula.com\/index.php?rest_route=%2Fwp%2Fv2%2Ftags&post=54427"}],"curies":[{"name":"wp","href":"https:\/\/api.w.org\/{rel}","templated":true}]}}