{"id":54416,"date":"2012-03-29T12:39:22","date_gmt":"2012-03-29T17:39:22","guid":{"rendered":"http:\/\/www.bibula.com\/?p=54416"},"modified":"2012-03-29T12:39:22","modified_gmt":"2012-03-29T17:39:22","slug":"bp-tyrawa-po-soborze-zaniedbano-%e2%80%9ezaplecze-mysli-katolickiej%e2%80%9d","status":"publish","type":"post","link":"https:\/\/www.bibula.com\/?p=54416","title":{"rendered":"Bp Tyrawa: po soborze zaniedbano \u201ezaplecze my\u015bli katolickiej&#8221;"},"content":{"rendered":"<p><strong>&#8211; <em>Przestali\u015bmy dba\u0107 o pewne zaplecze my\u015bli katolickiej<\/em> &#8211; powiedzia\u0142 bp Jan Tyrawa. W diecezji bydgoskiej w Niedziel\u0119 Palmow\u0105 w lokalnych wsp\u00f3lnotach odbywa\u0107 si\u0119 b\u0119d\u0105 spotkania i modlitwy z udzia\u0142em m\u0142odych. Wed\u0142ug biskupa powinny by\u0107 one okazj\u0105 do podj\u0119cia szerszej refleksji nad sam\u0105 natur\u0105 cz\u0142owieka.<\/strong><\/p>\r\n<p><img decoding=\"async\" class=\"alignleft\" style=\"margin: 10px;\" src=\"http:\/\/www.pch24.pl\/images\/min_mid_big\/min_1241.jpg\" alt=\"\" width=\"150\" height=\"100\" align=\"left\" \/> Nawi\u0105zuj\u0105c do pomys\u0142u Benedykta XVI, jakim jest \u201eRok Wiary\u201d, hierarcha zauwa\u017cy\u0142, \u017ce jest to my\u015bl niezwykle wa\u017cna i inspiruj\u0105ca. Biskup Tyrawa wspomnia\u0142 tak\u017ce 50. rocznic\u0119 zwo\u0142ania Soboru Watyka\u0144skiego II. &#8211; <em><strong>Dokona\u0142o si\u0119 co\u015b, co przynosi dzisiaj negatywne skutki.<\/strong> Przestali\u015bmy dba\u0107 o pewne zaplecze my\u015bli katolickiej. Nie mo\u017cna g\u0142osi\u0107 samego chrze\u015bcija\u0144stwa, kt\u00f3re nie ma si\u0119 gdzie zakotwiczy\u0107. Chrze\u015bcija\u0144stwo tylko wtedy mo\u017ce by\u0107 przyj\u0119te, kiedy jest zakorzenione w rozumieniu cz\u0142owieka, w jego naturalnej sytuacji. Gdzie owa natura ods\u0142ania prawd\u0119 o nim samym. To znaczy o tym, \u017ce cz\u0142owiek jest kim\u015b oczekuj\u0105cym Boga, wo\u0142aj\u0105cym o Boga<\/em> &#8211; powiedzia\u0142.<br \/> <br \/> Wed\u0142ug biskupa Tyrawy Niedziela Palmowa jest dobrym momentem dla duszpasterzy, katechet\u00f3w, aby z lud\u017ami m\u0142odymi porozmawia\u0107 o tym, co jest trudne, ale nade wszystko tak wa\u017cne. &#8211; <em>Cz\u0142owiek &#8211; tak\u017ce m\u0142ody &#8211; domaga si\u0119 pewnego dope\u0142nienia, kt\u00f3re mo\u017ce przyj\u015b\u0107 tylko ze strony Boga, w rzeczywisto\u015bci transcendentnej. My\u015bmy ten wymiar naturalny zgubili. Przestali\u015bmy pokazywa\u0107 natur\u0119 cz\u0142owieka. Przestali\u015bmy pokazywa\u0107 rzeczywisto\u015b\u0107 naznaczon\u0105 \u015bladami Boga<\/em> &#8211; stwierdzi\u0142.<br \/> <br \/> My\u015bl\u0105c o problemie wiary, pasterz diecezji bydgoskiej zach\u0119ci\u0142, aby nieustannie powraca\u0107 do fundamentalnych zasad teologicznych. &#8211; <em>Tylko wtedy mo\u017cna owocnie g\u0142osi\u0107 chrze\u015bcija\u0144stwo, kiedy jednocze\u015bnie m\u00f3wi si\u0119 prawd\u0119 o naturze cz\u0142owieka. Cz\u0142owiek jest pytaniem, na kt\u00f3re mo\u017cna znale\u017a\u0107 tylko jedn\u0105 odpowied\u017a. Jest ni\u0105 sam B\u00f3g. S\u0105dz\u0119, \u017ce spotkania, zw\u0142aszcza z m\u0142odzie\u017c\u0105, mog\u0105 by\u0107 trudne, ale w tym kierunku powinny zmierza\u0107<\/em> &#8211; zako\u0144czy\u0142.<\/p>\r\n<p>\u0179r\u00f3d\u0142o: KAI<\/p>","protected":false},"excerpt":{"rendered":"&#8211; Przestali\u015bmy dba\u0107 o pewne zaplecze my\u015bli katolickiej &#8211; powiedzia\u0142 bp Jan Tyrawa. W diecezji bydgoskiej w Niedziel\u0119 Palmow\u0105 w lokalnych wsp\u00f3lnotach odbywa\u0107 si\u0119 b\u0119d\u0105 spotkania i modlitwy z udzia\u0142em m\u0142odych. Wed\u0142ug biskupa powinny by\u0107 one okazj\u0105 do podj\u0119cia szerszej refleksji nad sam\u0105 natur\u0105 cz\u0142owieka. Nawi\u0105zuj\u0105c do pomys\u0142u Benedykta XVI, jakim jest \u201eRok Wiary\u201d, hierarcha [&hellip;]","protected":false},"author":1,"featured_media":0,"comment_status":"closed","ping_status":"closed","sticky":false,"template":"","format":"standard","meta":{"_acf_changed":false,"_monsterinsights_skip_tracking":false,"_monsterinsights_sitenote_active":false,"_monsterinsights_sitenote_note":"","_monsterinsights_sitenote_category":0,"ngg_post_thumbnail":0,"footnotes":"","_wp_rev_ctl_limit":""},"categories":[5],"tags":[33],"acf":[],"_links":{"self":[{"href":"https:\/\/www.bibula.com\/index.php?rest_route=\/wp\/v2\/posts\/54416"}],"collection":[{"href":"https:\/\/www.bibula.com\/index.php?rest_route=\/wp\/v2\/posts"}],"about":[{"href":"https:\/\/www.bibula.com\/index.php?rest_route=\/wp\/v2\/types\/post"}],"author":[{"embeddable":true,"href":"https:\/\/www.bibula.com\/index.php?rest_route=\/wp\/v2\/users\/1"}],"replies":[{"embeddable":true,"href":"https:\/\/www.bibula.com\/index.php?rest_route=%2Fwp%2Fv2%2Fcomments&post=54416"}],"version-history":[{"count":0,"href":"https:\/\/www.bibula.com\/index.php?rest_route=\/wp\/v2\/posts\/54416\/revisions"}],"wp:attachment":[{"href":"https:\/\/www.bibula.com\/index.php?rest_route=%2Fwp%2Fv2%2Fmedia&parent=54416"}],"wp:term":[{"taxonomy":"category","embeddable":true,"href":"https:\/\/www.bibula.com\/index.php?rest_route=%2Fwp%2Fv2%2Fcategories&post=54416"},{"taxonomy":"post_tag","embeddable":true,"href":"https:\/\/www.bibula.com\/index.php?rest_route=%2Fwp%2Fv2%2Ftags&post=54416"}],"curies":[{"name":"wp","href":"https:\/\/api.w.org\/{rel}","templated":true}]}}