{"id":54402,"date":"2012-03-29T10:46:28","date_gmt":"2012-03-29T15:46:28","guid":{"rendered":"http:\/\/www.bibula.com\/?p=54402"},"modified":"2012-03-29T10:48:28","modified_gmt":"2012-03-29T15:48:28","slug":"torun-ostatecznie-zdekomunizowany","status":"publish","type":"post","link":"https:\/\/www.bibula.com\/?p=54402","title":{"rendered":"Toru\u0144 ostatecznie zdekomunizowany"},"content":{"rendered":"<p>\u00a0<strong>Toru\u0144ski pomnik cz\u0142onka Komunistycznej Partii Polski Juliana Nowickiego zostanie zlikwidowany. Radni miasta zdecydowali w czwartek, \u017ce monument ma zosta\u0107 przeniesiony na cmentarz, gdzie znajduje si\u0119 gr\u00f3b komunisty. <\/strong><\/p>\r\n<p><img fetchpriority=\"high\" decoding=\"async\" id=\"phcontentleft_0_img\" class=\"alignleft\" style=\"margin: 10px;\" src=\"http:\/\/www.stefczyk.info\/-\/media\/Pliki%20serwisow\/Agencja\/NowickitablicaWikipedia.ashx?bc=White&amp;h=173&amp;w=307\" alt=\"\" width=\"307\" height=\"173\" align=\"left\" \/>Tablica, na kt\u00f3rej widnieje napis: <em>pad\u0142 w walce o spraw\u0119 klasy robotniczej w Toruniu<\/em>, ma zosta\u0107 przeniesiona do 30 czerwca. 1 maja po raz ostatni przed tablic\u0105 miejscowi komuni\u015bci z\u0142o\u017c\u0105 ho\u0142dy dzia\u0142aczowi KPP, kt\u00f3ra pe\u0142ni\u0142a w II RP rol\u0119 sowieckiej agentury. Pocz\u0105tkowo radni chcieli, by likwidacja tablicy zosta\u0142a mia\u0142a miejsce do 30 kwietnia, jednak prezydent Torunia zaznacza\u0142, \u017ce nie zd\u0105\u017cy wykona\u0107 decyzji samorz\u0105dowc\u00f3w.<\/p>\r\n<p>Pomys\u0142 likwidacji komunistycznej tablicy zyska\u0142 poparcie radnych z klub\u00f3w PiS, PO oraz prezydenckiego klubu Czas Gospodarzy. Wniosek przeszed\u0142 17 g\u0142osami. Jak zwykle przeciwny by\u0142 SLD. Inicjatorem uchwa\u0142y w tej sprawie by\u0142 klub radnych PiS. Przewodnicz\u0105cy klubu Jacek Kowalski przyznaje, \u017ce cieszy si\u0119 z tej decyzji. <em>Uchwa\u0142a w tej sprawie zosta\u0142a podj\u0119ta dwadzie\u015bcia lat za p\u00f3\u017ano. Jednak ciesz\u0119 si\u0119, \u017ce tym razem si\u0119 uda\u0142o. Wcze\u015bniejsze nasze wnioski nie znalaz\u0142y poparcia. Ciesz\u0119 si\u0119, \u017ce symbol KPP, kt\u00f3ra d\u0105\u017cy\u0142a do tego, by Polska zosta\u0142a wch\u0142oni\u0119ta przez Zwi\u0105zek Sowiecki, spocznie tam, gdzie jego miejsce<\/em> &#8211; zaznacza Kowalski w rozmowie z portalem Stefczyk.info.<\/p>\r\n<p>Rady przyznaje, \u017ce tablica Nowickiego jest ostatnim miejscem w mie\u015bcie, po\u015bwi\u0119conym komunistycznym dzia\u0142aczom i KPP.<\/p>\r\n<p>W uzasadnieniu uchwa\u0142y Rady Miasta Torunia czytamy m.in.:<\/p>\r\n<blockquote>\r\n<p><em>Julian Nowicki zgin\u0105\u0142 podczas jednej demonstracji robotniczych. Cho\u0107 kr\u00f3tko by\u0142 zwi\u0105zany z Toruniem sta\u0142 si\u0119 symbolem obecnym w naszym mie\u015bcie przez wiele lat. Tablica, jako element sta\u0142ej propagandy sta\u0142a si\u0119 miejscem uroczysto\u015bci zwi\u0105zanych z g\u0142\u00f3wnymi \u015bwi\u0119tami PRL.<\/em><\/p>\r\n<p><em>Osoba, kt\u00f3rej pami\u0119\u0107 uczczono, by\u0142a radykalnym dzia\u0142aczem politycznym powi\u0105zanym z Komunistyczn\u0105 Parti\u0105 Polski. Za cel tej partii obrano rewolucj\u0119 socjaln\u0105, kt\u00f3ra wi\u0105za\u0142a si\u0119 z likwidacj\u0105 pa\u0144stwa polskiego i wcieleniem jego teren\u00f3w do Zwi\u0105zku Radzieckiego jako republiki sowieckiej. Dzia\u0142alno\u015b\u0107 KPP zosta\u0142a w II Rzeczypospolitej uznana za antypa\u0144stwow\u0105 i nielegaln\u0105.<\/em><\/p>\r\n<p><em>Obecnie, w demokratycznym pa\u0144stwie prawa, nazwy totalitarnej i antynarodowej Komunistycznej Partii Polski nie powinny by\u0107 eksponowane. Podtrzymywanie kultu m\u0142odego aktywisty KPP k\u0142\u00f3ci si\u0119 z zasadami konstytucyjnymi Rzeczpospolitej Polskiej.<\/em><\/p>\r\n<p><em>W opisanym stanie faktycznym i prawnym nale\u017cy uzna\u0107 za konieczne przeniesienie tablicy na Gr\u00f3b Juliana Nowickiego, kt\u00f3ry znajduje si\u0119 na Cmentarzu Komunalnym nr 2 im. Ofiar II wojny \u015bwiatowej przy ul. Grudzi\u0105dzkiej 139\/141 w Toruniu. Taka decyzja uzasadniona jest tym bardziej, \u017ce tablica prawdopodobnie s\u0142u\u017cy\u0142a wcze\u015bniej komu\u015b innemu jako pomnik nagrobny.<\/em><\/p>\r\n<\/blockquote>\r\n<p>Decyzja radnych Torunia pokazuje, \u017ce mimo blokowania przez Ew\u0119 Kopacz i PO projektu ustawy dekomunizacyjnej w Sejmie, s\u0105 w Polsce ludzie, kt\u00f3rzy chc\u0105 oczyszcza\u0107 miasta z miejsc kultu i pami\u0119ci o komunistach i dzia\u0142aczach KPP. Co szczeg\u00f3lnie istotne, w Toruniu zdecydowano o usuni\u0119ciu tablicy, kt\u00f3ra s\u0142u\u017cy\u0142a za miejsce kultywowania komunistycznych tradycji w ca\u0142ym regionie.<\/p>\r\n<p>sa\u017c<br \/> [Fot. Wikipedia.pl]<\/p>\r\n<blockquote>\r\n<p><strong>KOMENTARZ <em>BIBU\u0141Y<\/em><\/strong>: Tytu\u0142 nadany przez Autora informacji, jest na pewno na wyrost, bowiem usuni\u0119cie pomnika jednego komunisty nie czyni miasta &#8222;zdekomunizowanym&#8221;. Aby to osi\u0105gn\u0105\u0107 nale\u017ca\u0142oby os\u0105dzi\u0107 tysi\u0105ce os\u00f3b odpowiedzialnych za przest\u0119pstwa tamtego systemu, odebra\u0107 im &#8211; ca\u0142y czas pobierane a nies\u0142usznie i niesprawiedliwie przyznane &#8211; przywileje i apana\u017ce, nale\u017ca\u0142oby w duchu sprawiedliwo\u015bci przyjrze\u0107 si\u0119 kolejnym pokoleniom partyjnych apartaczyk\u00f3w i ludzi aparatu przemocy, nale\u017ca\u0142oby zakaza\u0107 funkcjonowania tym ludziom w publicznej, reprezentatywnej sferze spo\u0142ecznej. Wtedy mo\u017cna by\u0142oby m\u00f3wi\u0107 o poskromieniu komunizmu.<\/p>\r\n<\/blockquote>","protected":false},"excerpt":{"rendered":"\u00a0Toru\u0144ski pomnik cz\u0142onka Komunistycznej Partii Polski Juliana Nowickiego zostanie zlikwidowany. Radni miasta zdecydowali w czwartek, \u017ce monument ma zosta\u0107 przeniesiony na cmentarz, gdzie znajduje si\u0119 gr\u00f3b komunisty. Tablica, na kt\u00f3rej widnieje napis: pad\u0142 w walce o spraw\u0119 klasy robotniczej w Toruniu, ma zosta\u0107 przeniesiona do 30 czerwca. 1 maja po raz ostatni przed tablic\u0105 miejscowi [&hellip;]","protected":false},"author":1,"featured_media":0,"comment_status":"closed","ping_status":"closed","sticky":false,"template":"","format":"standard","meta":{"_acf_changed":false,"_monsterinsights_skip_tracking":false,"_monsterinsights_sitenote_active":false,"_monsterinsights_sitenote_note":"","_monsterinsights_sitenote_category":0,"ngg_post_thumbnail":0,"footnotes":"","_wp_rev_ctl_limit":""},"categories":[8],"tags":[66,92,81],"acf":[],"_links":{"self":[{"href":"https:\/\/www.bibula.com\/index.php?rest_route=\/wp\/v2\/posts\/54402"}],"collection":[{"href":"https:\/\/www.bibula.com\/index.php?rest_route=\/wp\/v2\/posts"}],"about":[{"href":"https:\/\/www.bibula.com\/index.php?rest_route=\/wp\/v2\/types\/post"}],"author":[{"embeddable":true,"href":"https:\/\/www.bibula.com\/index.php?rest_route=\/wp\/v2\/users\/1"}],"replies":[{"embeddable":true,"href":"https:\/\/www.bibula.com\/index.php?rest_route=%2Fwp%2Fv2%2Fcomments&post=54402"}],"version-history":[{"count":0,"href":"https:\/\/www.bibula.com\/index.php?rest_route=\/wp\/v2\/posts\/54402\/revisions"}],"wp:attachment":[{"href":"https:\/\/www.bibula.com\/index.php?rest_route=%2Fwp%2Fv2%2Fmedia&parent=54402"}],"wp:term":[{"taxonomy":"category","embeddable":true,"href":"https:\/\/www.bibula.com\/index.php?rest_route=%2Fwp%2Fv2%2Fcategories&post=54402"},{"taxonomy":"post_tag","embeddable":true,"href":"https:\/\/www.bibula.com\/index.php?rest_route=%2Fwp%2Fv2%2Ftags&post=54402"}],"curies":[{"name":"wp","href":"https:\/\/api.w.org\/{rel}","templated":true}]}}