{"id":54395,"date":"2012-03-29T09:30:59","date_gmt":"2012-03-29T14:30:59","guid":{"rendered":"http:\/\/www.bibula.com\/?p=54395"},"modified":"2012-03-29T09:30:59","modified_gmt":"2012-03-29T14:30:59","slug":"pralat-bux-do-bp-fellaya-i-ksiezy-fsspx","status":"publish","type":"post","link":"https:\/\/www.bibula.com\/?p=54395","title":{"rendered":"Pra\u0142at Bux do bp. Fellaya i ksi\u0119\u017cy FSSPX"},"content":{"rendered":"<p>19 marca br. ks. pra\u0142at Miko\u0142aj Bux, wyk\u0142adowca liturgiki i sakramentologii na uniwersytecie w Bari, duchowny uznawany za wsp\u00f3\u0142autora motu proprio <em>Summorum Pontificum<\/em> i ciesz\u0105cy si\u0119 opini\u0105 zaufanego doradcy papie\u017ca Benedykta XVI, wystosowa\u0142 do bp. Bernarda Fellaya i kap\u0142an\u00f3w FSSPX list otwarty zach\u0119caj\u0105cy ich do tego, by \u201eprzybyli do Rzymu w poczuciu ca\u0142kowitego bezpiecze\u0144stwa\u00bb. Oto jego tre\u015b\u0107:<\/p>\r\n<blockquote>\r\n<p>\u201eDo Jego Ekscelencji Ksi\u0119dza Biskupa Bernarda Fellaya oraz Ksi\u0119\u017cy Bractwa Kap\u0142a\u0144skiego \u015awi\u0119tego Piusa X<\/p>\r\n<p>Ekscelencjo, Najdro\u017csi Bracia!<\/p>\r\n<p>Chrze\u015bcija\u0144skie braterstwo jest silniejsze ni\u017c wi\u0119zy krwi, poniewa\u017c, dzi\u0119ki Boskiej Eucharystii, daje nam przedsmak nieba.<\/p>\r\n<table class=\"outset\" align=\"left\">\r\n<tbody>\r\n<tr>\r\n<td><a href=\"http:\/\/news.fsspx.pl\/wp-content\/uploads\/Ks.-pra%C5%82at-Miko%C5%82aj-Bux.jpg\"><img decoding=\"async\" title=\"Ks. pra\u0142at Miko\u0142aj Bux\" src=\"http:\/\/news.fsspx.pl\/wp-content\/uploads\/Ks.-pra%C5%82at-Miko%C5%82aj-Bux-150x150.jpg\" alt=\"Ks. pra\u0142at Miko\u0142aj Bux\" width=\"150\" height=\"150\" \/><\/a><\/td>\r\n<\/tr>\r\n<tr>\r\n<td>\r\n<p class=\"zrodlo\">Ks. pra\u0142at Miko\u0142aj Bux<\/p>\r\n<\/td>\r\n<\/tr>\r\n<\/tbody>\r\n<\/table>\r\n<p>Chrystus zaprosi\u0142 nas do do\u015bwiadczenia komunii, kt\u00f3ra okre\u015bla nasz\u0105 to\u017csamo\u015b\u0107. Komunia oznacza mi\u0142o\u015b\u0107 bli\u017aniego <em>a priori<\/em>, poniewa\u017c mamy wraz z naszym bli\u017anim jednego Zbawiciela. W oparciu o to, komunia oznacza gotowo\u015b\u0107 na ka\u017cd\u0105 ofiar\u0119 w imi\u0119 jedno\u015bci; a ta jedno\u015b\u0107 musi by\u0107 widzialna, jak uczy nas nasz Pan w swojej ostatniej pro\u015bbie skierowanej do Ojca &#8211; <em>\u00abut unum sint, ut credat mundus<\/em> ( \u2018aby byli jedno, by \u015bwiat uwierzy\u0142\u2019) &#8211; poniewa\u017c jest to przekonuj\u0105ce \u015bwiadectwo przyjaci\u00f3\u0142 Chrystusa.<\/p>\r\n<p>Jest rzecz\u0105 niezaprzeczaln\u0105, \u017ce liczne fakty dotycz\u0105ce II Soboru Watyka\u0144skiego i okresu, kt\u00f3ry po nim nast\u0105pi\u0142, zwi\u0105zane z ludzkim wymiarem tego wydarzenia, sta\u0142y si\u0119 przyczyn\u0105 prawdziwych katastrof i spowodowa\u0142y powa\u017cne cierpienie wielu wybitnych duchownych. Ale B\u00f3g nie pozwoli swemu \u015bwi\u0119temu Ko\u015bcio\u0142owi popa\u015b\u0107 w samozniszczenie.<\/p>\r\n<p>Nie mo\u017cemy rozwa\u017ca\u0107 s\u0142abo\u015bci czynnika ludzkiego bez zaufania czynnikowi Boskiemu, czyli Bo\u017cej Opatrzno\u015bci, kt\u00f3ra kieruje histori\u0105, a szczeg\u00f3lnie histori\u0105 Ko\u015bcio\u0142a, przy jednoczesnym poszanowaniu ludzkiej wolno\u015bci.<\/p>\r\n<p>Ko\u015bci\u00f3\u0142 jest od pocz\u0105tku instytucj\u0105 bosk\u0105, chronion\u0105 przez Boga, a r\u00f3wnocze\u015bnie dzie\u0142em ludzkim. Jego aspekt boski nie zaprzecza ludzkiemu &#8211; indywidualno\u015bci i wolno\u015bci &#8211; i niekoniecznie mu przeszkadza; jego aspekt ludzki, chocia\u017c pozostaje nienaruszony nawet gdy godzi si\u0119 na kompromisy, nigdy nie zaprzecza boskiemu.<\/p>\r\n<p>Ze wzgl\u0119du na wiar\u0119, ale r\u00f3wnie\u017c ze wzgl\u0119du na dowody &#8211; cho\u0107 daj\u0105ce si\u0119 pozna\u0107 dopiero po czasie &#8211; kt\u00f3re jeste\u015bmy w stanie zaobserwowa\u0107 w historii, wierzymy, \u017ce B\u00f3g przygotowa\u0142 w ci\u0105gu tych lat, i nadal przygotowuje, ludzi, kt\u00f3rzy s\u0105 w stanie pokona\u0107 b\u0142\u0119dy i zaniechania, nad kt\u00f3rymi wszyscy ubolewamy. Ta \u015bwi\u0119ta praca ju\u017c si\u0119 dokonuje i b\u0119dzie widoczna w coraz wi\u0119kszej liczbie przyk\u0142ad\u00f3w, kt\u00f3re cho\u0107 s\u0105 od siebie oddzielone, to jednak Boska strategia \u0142\u0105czy je i sumuje, tworz\u0105c uporz\u0105dkowany plan, podobnie jak to si\u0119 cudownie sta\u0142o w czasie bolesnej rebelii lutera\u0144skiej.<\/p>\r\n<p>Te Boskie interwencje wydaj\u0105 si\u0119 wzrasta\u0107 proporcjonalnie do z\u0142o\u017cono\u015bci sytuacji. Przysz\u0142o\u015b\u0107 uczyni je jasnymi, jak jeste\u015bmy przekonani, a \u015bwit wydaje si\u0119 ju\u017c prawie na wyci\u0105gni\u0119cie r\u0119ki.<\/p>\r\n<p>W niekt\u00f3rych momentach niewyra\u017any \u015bwit walczy z ciemno\u015bci\u0105, kt\u00f3ra powoli ust\u0119puje, ale wiemy, \u017ce s\u0142o\u0144ce ju\u017c tam jest i \u017ce b\u0119dzie kontynuowa\u0142o swoj\u0105 w\u0119dr\u00f3wk\u0119 po niebie.<\/p>\r\n<p>Wraz ze \u015bw. Katarzyn\u0105 ze Sieny chcemy powiedzie\u0107: \u00abPrzyjd\u017acie do Rzymu w poczuciu ca\u0142kowitego bezpiecze\u0144stwa\u00bb, do domu naszego wsp\u00f3lnego Ojca, kt\u00f3ry zosta\u0142 nam dany jako widzialna i wieczna zasada oraz fundament katolickiej jedno\u015bci.<\/p>\r\n<p>Przyjd\u017acie wzi\u0105\u0107 udzia\u0142 w tej b\u0142ogos\u0142awionej przysz\u0142o\u015bci, w kt\u00f3rej ju\u017c przewidujemy \u015bwit, pomimo trwaj\u0105cej ciemno\u015bci. Wasza odmowa powi\u0119kszy ciemno\u015b\u0107, nie \u015bwiat\u0142o. Iskierki \u015bwiat\u0142a, kt\u00f3re mo\u017cemy ju\u017c podziwia\u0107, s\u0105 liczne, rozpoczynaj\u0105c od tych maj\u0105cych swoje \u017ar\u00f3d\u0142o w wielkiej liturgicznej odnowie dokonanej za spraw\u0105 <em>motu proprio<\/em> <em>Summorum Pontificum<\/em>. \u015awiat\u0142o to pojawia si\u0119 na ca\u0142ym \u015bwiecie, wielki ruch wierno\u015bci tych wszystkich, kt\u00f3rzy \u017cycz\u0105 sobie, by wzrasta\u0142a cze\u015b\u0107 Bo\u017ca, szczeg\u00f3lnie ludzi m\u0142odych.<\/p>\r\n<p>Jak przej\u015b\u0107 oboj\u0119tnie obok innych konkretnych, bardzo znacz\u0105cych gest\u00f3w, wykonanych przez Ojca \u015awi\u0119tego, jak zdj\u0119cie ekskomunik z biskup\u00f3w wy\u015bwi\u0119conych przez abp. Lefebvre\u2019a, otwarcie publicznej debaty na temat interpretacji II Soboru Watyka\u0144skiego w \u015bwietle Tradycji, i w tym celu zreformowanie komisji <em>Ecclesia Dei<\/em>?<\/p>\r\n<p>Rozterki na pewno pozostaj\u0105, punkty, kt\u00f3re powinny zosta\u0107 zg\u0142\u0119bione lub doprecyzowane, jak te dotycz\u0105ce ekumenizmu i dialogu mi\u0119dzyreligijnego (kt\u00f3ry by\u0142 ju\u017c zreszt\u0105 obiektem wa\u017cnego wyja\u015bnienia dokonanego deklaracj\u0105 Kongregacji Nauki Wiary <em>Dominus Iesus<\/em> z 6 sierpnia 2000 r.), czy te\u017c dotycz\u0105ce tego, w jaki spos\u00f3b powinna by\u0107 rozumiana wolno\u015b\u0107 religijna.<\/p>\r\n<p>Tak\u017ce te kwestie pomo\u017ce rozja\u015bni\u0107 Wasza kanonicznie zagwarantowana obecno\u015b\u0107 w Ko\u015bciele.<\/p>\r\n<p>Jak\u017ce nie pomy\u015ble\u0107 o bogactwie, kt\u00f3re mogliby\u015bcie wnie\u015b\u0107 do ca\u0142ego Ko\u015bcio\u0142a, dzi\u0119ki Waszemu duszpasterskiemu i doktrynalnemu bogactwu, Waszym mo\u017cliwo\u015bciom i Waszej wra\u017cliwo\u015bci? Teraz jest odpowiedni moment, w\u0142a\u015bciwy czas nadszed\u0142.<em> Timete Dominum transeuntem<\/em>: nie pozw\u00f3lcie, by min\u0119\u0142a Was ta okazja dana Wam przez Bo\u017c\u0105 \u0142ask\u0119, nie pozw\u00f3lcie, by zosta\u0142a ona przez Was nierozpoznana.<\/p>\r\n<p>Czy Pan zapewni jeszcze jedn\u0105 tak\u0105 okazj\u0119? Czy\u017c my wszyscy pewnego dnia nie staniemy na Jego s\u0105dzie i nie odpowiemy nie tylko za z\u0142o, kt\u00f3re uczynili\u015bmy, ale przede wszystkim za dobro, kt\u00f3re mogli\u015bmy uczyni\u0107, ale nie uczynili\u015bmy?<\/p>\r\n<p>Serce Ojca \u015awi\u0119tego dr\u017cy: On oczekuje Was zaniepokojony, bo Was kocha, bo Ko\u015bci\u00f3\u0142 Was potrzebuje, aby z\u0142o\u017cy\u0107 wsp\u00f3lne wyznanie wiary przed \u015bwiatem, kt\u00f3ry z ka\u017cdym dniem jest coraz bardziej zsekularyzowany i zdaje si\u0119 beznadziejnie odwraca\u0107 plecami do swojego Stw\u00f3rcy i Zbawcy.<\/p>\r\n<p>W pe\u0142nej ko\u015bcielnej jedno\u015bci, w wielkiej rodzinie, jak\u0105 jest Ko\u015bci\u00f3\u0142 katolicki, Wasz g\u0142os nie b\u0119dzie ju\u017c wi\u0119cej t\u0142umiony, Wasz wk\u0142ad nie b\u0119dzie ju\u017c ani mo\u017cliwy do zignorowania, ani ignorowany, ale b\u0119dzie m\u00f3g\u0142 wyda\u0107 wspania\u0142e owoce, po\u015br\u00f3d wielu innych, kt\u00f3re w przeciwnym razie zostan\u0105 zmarnowane.<\/p>\r\n<p>Niepokalana uczy nas, \u017ce zbyt wiele \u0142ask si\u0119 marnuje, gdy\u017c ludzie nie prosz\u0105 o nie; jeste\u015bmy przekonani, \u017ce odpowiadaj\u0105c przychylnie na propozycj\u0119 Ojca \u015awi\u0119tego, Bractwo \u015aw. Piusa X stanie si\u0119 narz\u0119dziem wzniecaj\u0105cym nowe promienie \u015bwiat\u0142a sp\u0142ywaj\u0105ce przez d\u0142onie naszej niebieskiej Matki.<\/p>\r\n<p>Niech \u015bw. J\u00f3zef, Oblubieniec Naj\u015bwi\u0119tszej Maryi Panny, patron Ko\u015bcio\u0142a powszechnego, w dniu Jemu po\u015bwi\u0119conym zainspiruje i utwierdzi Wasze decyzje: \u00abPrzyjd\u017acie do Rzymu w poczuciu ca\u0142kowitego bezpiecze\u0144stwa\u00bb.<\/p>\r\n<p>Rzym, 19 marca 2012 r., w \u015bwi\u0119to \u015bw. J\u00f3zefa,<\/p>\r\n<p>ks. Miko\u0142aj Bux\u201d<\/p>\r\n<\/blockquote>\r\n<table class=\"outset\" style=\"width: 171px; height: 179px;\" align=\"left\">\r\n<tbody>\r\n<tr>\r\n<td><a href=\"http:\/\/news.fsspx.pl\/wp-content\/uploads\/Ks.-Rafa%C5%82-Navas-Ortiz-prze%C5%82o%C5%BCony-po%C5%82udniowoameryka%C5%84skiego-dystryktu-IBP.jpg\"><img decoding=\"async\" title=\"Ks. Rafa\u0142 Navas Ortiz, prze\u0142o\u017cony po\u0142udniowoameryka\u0144skiego dystryktu IBP\" src=\"http:\/\/news.fsspx.pl\/wp-content\/uploads\/Ks.-Rafa%C5%82-Navas-Ortiz-prze%C5%82o%C5%BCony-po%C5%82udniowoameryka%C5%84skiego-dystryktu-IBP-150x150.jpg\" alt=\"Ks. Rafa\u0142 Navas Ortiz, prze\u0142o\u017cony po\u0142udniowoameryka\u0144skiego dystryktu IBP\" width=\"150\" height=\"150\" \/><\/a><\/td>\r\n<\/tr>\r\n<tr>\r\n<td>\r\n<p class=\"zrodlo\">Ks. Rafa\u0142 Navas Ortiz, prze\u0142o\u017cony latynoameryka\u0144skiego dystryktu IBP<\/p>\r\n<\/td>\r\n<\/tr>\r\n<\/tbody>\r\n<\/table>\r\n<p>Nie ma jeszcze \u017cadnej reakcji w\u0142adz Bractwa na wspomniany list, za to, do\u015b\u0107 nieoczekiwanie, s\u0142owa ks. Buksa skomentowa\u0142 ks. Rafa\u0142 Navas Ortiz, by\u0142y cz\u0142onek FSSPX, a\u00a0dzi\u015b prze\u0142o\u017cony latynoameryka\u0144skiego dystryktu Instytutu Dobrego Pasterza (IBP), kt\u00f3rego erygowanie by\u0142o \u201d\u201d jak czytamy na polskich stronach IBP \u201d\u201d \u201eosobist\u0105 wol\u0105 Ojca \u015awi\u0119tego Benedykta XVI\u201d.<\/p>\r\n<p>Ksi\u0105dz Navas, odnosz\u0105c si\u0119 do zach\u0119t watyka\u0144skiego pra\u0142ata, napisa\u0142:<\/p>\r\n<p>\u201e\u00abW pe\u0142nej ko\u015bcielnej jedno\u015bci, w\u00a0wielkiej rodzinie, jak\u0105 jest Ko\u015bci\u00f3\u0142 katolicki, Wasz g\u0142os nie b\u0119dzie ju\u017c wi\u0119cej t\u0142umiony \u201d\u201d zapewnia pra\u0142at Bux. \u201d\u201d Wasz wk\u0142ad nie b\u0119dzie ju\u017c ani mo\u017cliwy do zignorowania, ani ignorowany, ale b\u0119dzie m\u00f3g\u0142 wyda\u0107 wspania\u0142e owoce, po\u015br\u00f3d wielu innych, kt\u00f3re w\u00a0przeciwnym razie zostan\u0105 zmarnowane\u00bb.<\/p>\r\n<p>Oby te pi\u0119kne s\u0142owa by\u0142y prawd\u0105. Absolutnie nie chcia\u0142bym podawa\u0107 w\u00a0w\u0105tpliwo\u015b\u0107 dobrej woli ks. pra\u0142ata Miko\u0142aja Buksa, lecz rzeczywisto\u015b\u0107 jest inna, co wida\u0107 po sposobie traktowania Instytutu Dobrego Pasterza przez chilijskich biskup\u00f3w \u201d\u201d szczeg\u00f3lnie w\u00a0sto\u0142ecznym Santiago i\u00a0okolicach \u201d\u201d nietoleruj\u0105cych IBP z\u00a0jego specyficzn\u0105 misj\u0105 otrzyman\u0105 od Stolicy Apostolskiej i\u00a0u\u015bwi\u0119con\u0105 przez zatwierdzenie jego statut\u00f3w. IBP odmawia si\u0119 nawet prawa do kanonicznej egzystencji. Formami wsp\u00f3\u0142czesnego ko\u015bcielnego prze\u015bladowania ze strony tej \u00abwielkiej katolickiej rodziny\u00bb s\u0105: pogarda, zaniedbanie, rozproszenie. [Uwa\u017ca si\u0119 za nasz] \u00abwielki grzech\u00bb celebrowanie mszy wy\u0142\u0105cznie wed\u0142ug starego rytu i\u00a0zobowi\u0105zanie si\u0119 na mocy statut\u00f3w do wsp\u00f3\u0142pracy z\u00a0papie\u017cem w\u00a0odczytywaniu Vaticanum\u00a0II \u201d\u201d na ile jest to mo\u017cliwe \u201d\u201d w\u00a0\u015bwietle Tradycji\u201d.<\/p>\r\n<p>(\u017ar\u00f3d\u0142a: rorate\u00ad\u201d\u2018caeli.blogspot.com, secretummeummihi.blogspot.com, 20 i\u00a022 marca 2012).<\/p>\r\n<p>T\u0142umaczenie listu ks. pra\u0142. Buksa: trusting<\/p>","protected":false},"excerpt":{"rendered":"19 marca br. ks. pra\u0142at Miko\u0142aj Bux, wyk\u0142adowca liturgiki i sakramentologii na uniwersytecie w Bari, duchowny uznawany za wsp\u00f3\u0142autora motu proprio Summorum Pontificum i ciesz\u0105cy si\u0119 opini\u0105 zaufanego doradcy papie\u017ca Benedykta XVI, wystosowa\u0142 do bp. Bernarda Fellaya i kap\u0142an\u00f3w FSSPX list otwarty zach\u0119caj\u0105cy ich do tego, by \u201eprzybyli do Rzymu w poczuciu ca\u0142kowitego bezpiecze\u0144stwa\u00bb. Oto [&hellip;]","protected":false},"author":1,"featured_media":0,"comment_status":"closed","ping_status":"closed","sticky":false,"template":"","format":"standard","meta":{"_acf_changed":false,"_monsterinsights_skip_tracking":false,"_monsterinsights_sitenote_active":false,"_monsterinsights_sitenote_note":"","_monsterinsights_sitenote_category":0,"ngg_post_thumbnail":0,"footnotes":"","_wp_rev_ctl_limit":""},"categories":[3],"tags":[32,24,33],"acf":[],"_links":{"self":[{"href":"https:\/\/www.bibula.com\/index.php?rest_route=\/wp\/v2\/posts\/54395"}],"collection":[{"href":"https:\/\/www.bibula.com\/index.php?rest_route=\/wp\/v2\/posts"}],"about":[{"href":"https:\/\/www.bibula.com\/index.php?rest_route=\/wp\/v2\/types\/post"}],"author":[{"embeddable":true,"href":"https:\/\/www.bibula.com\/index.php?rest_route=\/wp\/v2\/users\/1"}],"replies":[{"embeddable":true,"href":"https:\/\/www.bibula.com\/index.php?rest_route=%2Fwp%2Fv2%2Fcomments&post=54395"}],"version-history":[{"count":0,"href":"https:\/\/www.bibula.com\/index.php?rest_route=\/wp\/v2\/posts\/54395\/revisions"}],"wp:attachment":[{"href":"https:\/\/www.bibula.com\/index.php?rest_route=%2Fwp%2Fv2%2Fmedia&parent=54395"}],"wp:term":[{"taxonomy":"category","embeddable":true,"href":"https:\/\/www.bibula.com\/index.php?rest_route=%2Fwp%2Fv2%2Fcategories&post=54395"},{"taxonomy":"post_tag","embeddable":true,"href":"https:\/\/www.bibula.com\/index.php?rest_route=%2Fwp%2Fv2%2Ftags&post=54395"}],"curies":[{"name":"wp","href":"https:\/\/api.w.org\/{rel}","templated":true}]}}