{"id":54393,"date":"2012-03-29T09:24:50","date_gmt":"2012-03-29T14:24:50","guid":{"rendered":"http:\/\/www.bibula.com\/?p=54393"},"modified":"2012-03-29T09:24:50","modified_gmt":"2012-03-29T14:24:50","slug":"rowni-i-rowniejsi","status":"publish","type":"post","link":"https:\/\/www.bibula.com\/?p=54393","title":{"rendered":"R\u00f3wni i r\u00f3wniejsi"},"content":{"rendered":"<p><strong>Jak tendencyjne bywaj\u0105 polskie s\u0105dy wie ka\u017cdy, kto cho\u0107 raz musia\u0142 zmierzy\u0107 si\u0119 z kim\u015b skoligaconym towarzysko, b\u0105d\u017a politycznie z rozdaj\u0105cym karty uk\u0142adem. Mo\u017cna mie\u0107 sto procent racji, by\u0107 ofiar\u0105, a nie winowajc\u0105, a i tak si\u0119 przegra. Taki jest w\u0142a\u015bnie casus Jana Kobyla\u0144skiego pom\u00f3wionego przez ministra spraw zagranicznych Rados\u0142awa Sikorskiego o wydawanie w czasie wojny \u017byd\u00f3w.<\/strong><\/p>\r\n<p>27 marca niezawis\u0142y s\u0105d w Warszawie uzna\u0142, \u017ce Rados\u0142aw Sikorski mia\u0142 prawo w ksi\u0105\u017cce \u201eStrefa zdekomunizowana\u201d okre\u015bli\u0107 prezesa Unii Stowarzysze\u0144 i Organizacji Polskich Ameryki \u0141aci\u0144skiej \u201eantysemit\u0105\u201d i \u201etypem spod ciemnej gwiazdy\u201d, a do tego zarzuci\u0107 mu \u201eszmalcownictwo\u201d. Ba, by\u0142o to wr\u0119cz jego obowi\u0105zkiem jako urz\u0119dnika pa\u0144stwowego!<\/p>\r\n<p>A \u017ce zarzutom wobec Kobyla\u0144skiego przecz\u0105 fakty? Tym gorzej dla nich.<\/p>\r\n<p>Wyrok, co prawda, nie jest prawomocny i apelacja pewnie zostanie wniesiona, jednak na razie Sikorski nie musi przeprasza\u0107 Kobyla\u0144skiego w mediach, ani wp\u0142aca\u0107 20 tysi\u0119cy z\u0142otych zado\u015b\u0107uczynienia na cele spo\u0142eczne. To pom\u00f3wiony szef USOPA\u0141, kt\u00f3ry jest ofiar\u0105 tej ponurej historii, ma zwr\u00f3ci\u0107 Sikorskiemu 2,4 tys. z\u0142otych koszt\u00f3w post\u0119powania s\u0105dowego.<\/p>\r\n<p><strong>\u00a0Jeszcze nie ka\u017ce \u201edor\u017cn\u0105\u0107 watahy\u201d<\/strong><\/p>\r\n<p>\u201eProces bezspornie wykaza\u0142 antysemickie pogl\u0105dy Jana Kobyla\u0144skiego, wobec czego okre\u015blenie go przez Rados\u0142awa Sikorskiego \u201eantysemit\u0105 i typem spod ciemnej gwiazdy\u201d mo\u017ce by\u0107 okre\u015blane jako \u0142agodne\u201d- powiedzia\u0142a w ustnym uzasadnieniu wyroku s\u0119dzia Bo\u017cena Ch\u0142opecka. Je\u015bli tego typu inwektywy s\u0105d uznaje za \u201e\u0142agodne\u201d, to strach pomy\u015ble\u0107 jakie to mog\u0142yby by\u0107 mniej \u0142agodne? Mo\u017ce flagowe has\u0142o d\u017centelmena z MSZ o konieczno\u015bci \u201edor\u017cni\u0119cia watahy\u201d tym razem w osobie pom\u00f3wionego Kobyla\u0144skiego? Czy wtedy s\u0119dzia te\u017c by znalaz\u0142a co\u015b na usprawiedliwienie Sikorskiego powo\u0142uj\u0105c si\u0119, dajmy na to, na \u201ewa\u017cny interes spo\u0142eczny\u201d? Przypomina si\u0119 jak nic stary dowcip o Stalinie, kt\u00f3ry nie da\u0142 dziecku wprawdzie cukierka i je odp\u0119dzi\u0142, ale jest dobry i kochany, bo m\u00f3g\u0142 przecie\u017c zabi\u0107.<\/p>\r\n<p>Wszystko zacz\u0119\u0142o si\u0119 od zarzut\u00f3w postawionych przez Sikorskiego w 2007 roku w wywiadzie-rzece pt.: \u201eStrefa zdekomunizowana\u201d przeprowadzonym przez \u0141ukasza Warzech\u0119. Sikorski &#8211; opr\u00f3cz zarzucenia Kobyla\u0144skiemu antysemityzmu i nazwania go \u201etypem spod ciemnej gwiazdy\u201d &#8211; podkre\u015bla\u0142 te\u017c, \u017ce pion \u015bledczy IPN rozwa\u017ca\u0142 postawienie Kobyla\u0144skiemu zarzutu o szmalcownictwo w czasie II wojny \u015bwiatowej. Kobyla\u0144ski pozwa\u0142 Sikorskiego o naruszenie d\u00f3br osobistych.<\/p>\r\n<p>W pozwie pe\u0142nomocnik lidera USOPA\u0141, mec. Zbigniew Cicho\u0144 wnosi\u0142 o: \u201enakazanie pozwanemu opublikowanie przeproszenia powoda w terminie 7 dni od uprawomocnienia si\u0119 wyroku na pierwszej stronie \u201eRzeczpospolitej\u201d, \u201eNaszego Dziennika\u201d, \u201eGazety Wyborczej\u201d, czcionk\u0105 o podw\u00f3jnej wielko\u015bci w por\u00f3wnaniu z s\u0105siednim tekstem tre\u015bci: \u201ePrzepraszam Pana Jana Kobyla\u0144skiego Prezesa Polonii Latynoameryka\u0144skiej za oszczercz\u0105 i zniewa\u017caj\u0105c\u0105 wypowied\u017a o nim na s.128 ksi\u0105\u017cki \u201eStrefa zdekomunizowana. Wywiad rzeka z Radkiem Sikorskim\u201d autorstwa \u0141ukasza Warzechy brzmi\u0105c\u0105 \u201eI pewnie dlatego nie uwzgl\u0119dni\u0142 mojego wniosku o odwo\u0142anie z funkcji konsula honorowego niejakiego Jana Kobyla\u0144skiego, samozwa\u0144czego przyw\u00f3dcy Polonii Latynoameryka\u0144skiej, antysemity i typa spod ciemnej gwiazdy. Dopiero Bartoszewski mia\u0142 do\u015b\u0107 jaj, aby m\u00f3j ponowny wniosek zaakceptowa\u0107. Tymczasem IPN rozwa\u017ca\u0142 postawienie Kobyla\u0144skiemu zarzutu o szmalcownictwo w czasie wojny, co nie przeszkadza mu wywiera\u0107 wp\u0142ywu na obsady ambasadorskie i konsularne, i to nie tylko w Ameryce \u0141aci\u0144skiej\u201d i upowa\u017cnienie powoda do opublikowania tych przeprosin na koszt pozwanego w razie nie dokonania tego przez pozwanego.\u201d<\/p>\r\n<p>Gdyby Jan Kobyla\u0144ski wspiera\u0142 \u201eGazet\u0119 Wyborcz\u0105\u201d i Adama Michnika, to spraw\u0119 z ministrem Rados\u0142awem Sikorskim wygra\u0142by bez problem\u00f3w, nawet gdyby by\u0142 \u201eantysemit\u0105\u201d i \u201eszmalcownikiem\u201d. Poniewa\u017c jednak lider pomaga Radiu Maryja i broni katolicyzmu, to nie b\u0119d\u0105c antysemit\u0105 i nie wydaj\u0105c \u017byd\u00f3w Niemcom podczas okupacji, spraw\u0119 przegra\u0142. I nic nie pomog\u0142y ustalenia Instytutu Pami\u0119ci Narodowej.<\/p>\r\n<p><strong>Wi\u0119zie\u0144 oboz\u00f3w, a nie szmalcownik!<\/strong><\/p>\r\n<p>W uzasadnieniu s\u0105d stwierdzi\u0142 m.in., \u017ce Sikorski mia\u0142 prawo m\u00f3wi\u0107 o podejrzeniach IPN co do domniemanego szmalcownictwa Kobyla\u0144skiego, bo szef MSZ nie ocenia\u0142 ich zasadno\u015bci. Nie jest to prawda, gdy\u017c w momencie ukazania si\u0119 ksi\u0105\u017cki znana ju\u017c by\u0142a decyzja Instytutu Pami\u0119ci Narodowej odrzucaj\u0105ca wszystkie oskar\u017cenia wobec lidera USOPA\u0141. Sikorski musia\u0142 j\u0105 zna\u0107, wi\u0119c \u015bwiadomie publicznie sk\u0142ama\u0142. Prof. Jerzy Robert Nowak w, wydanej w 2009 roku, ksi\u0105\u017cce pt.: \u201ePot\u0119piany za patriotyzm. Sylwetka Jana Kobyla\u0144skiego\u201d wykaza\u0142 to jednoznacznie.<\/p>\r\n<p>\u201eW ci\u0105gu 2007 roku dosz\u0142o do ostatecznego obalenia wszystkich oskar\u017ce\u0144 medialnych przeciwko prezesowi Janowi Kobyla\u0144skiemu &#8211; w oparciu o badanie dokument\u00f3w sprawy przez odpowiednie instytucje. (\u2026) W styczniu 2007 roku pion \u015bledczy IPN-u ostatecznie umorzy\u0142 \u015bledztwo przeciwko Kobyla\u0144skiemu. 8 marca 2007 roku prezes IPN-u Janusz Kurtyka poinformowa\u0142 wicemarsza\u0142ka Senatu Ryszarda Legutk\u0119 o tym, \u017ce prowadzone od kwietnia 2005 roku \u015bledztwo IPN-u oraz rozleg\u0142e poszukiwania i kwerendy archiwalne \u201enie doprowadzi\u0142y do potwierdzenia informacji, jakoby sprawc\u0105 wydania w r\u0119ce funkcjonariuszy Gestapo rodziny Szenker\u00f3w by\u0142 Jan Kobyla\u0144ski &#8211; by\u0142y Konsul Honorowy RP w Urugwaju. W tej sytuacji prokurator Oddzia\u0142owej Komisji IPN w Warszawie (\u2026) odm\u00f3wi\u0142 wszcz\u0119cia \u015bledztwa w przedmiotowej sprawie.\u201d &#8211; wyja\u015bnia prof. Nowak.<\/p>\r\n<p>Osi\u0105 wieloletnich atak\u00f3w na lidera USOPA\u0141 by\u0142o kwestionowanie jego pobytu w niemieckich obozach koncentracyjnych. IPN wykaza\u0142 jednak, \u017ce i ten zarzut jest k\u0142amliwy. Prof. Jerzy Robert Nowak przypomina, i\u017c \u201e22 pa\u017adziernika 2007 roku kierownik Urz\u0119du do Spraw Kombatant\u00f3w i Os\u00f3b Represjonowanych Wiktor Spirydonowicz wyda\u0142 decyzj\u0119 przyznaj\u0105c\u0105 Janowi Kobyla\u0144skiemu uprawnienia kombatanckie \u201ew wymiarze jednego roku i o\u015bmiu miesi\u0119cy z tytu\u0142u przebywania od sierpnia 1943 roku do ko\u0144ca kwietnia 1945 roku w hitlerowskich wi\u0119zieniach i obozach zag\u0142ady: w wi\u0119zieniu Pawiak w Warszawie oraz w obozach koncentracyjnych O\u015bwi\u0119cim-Brzezinka, Mauthausen, Gross Rosen, Flossenburg, Natzwailer i Dachau.\u201d<\/p>\r\n<p><strong>Kolej na Radio Maryja?<\/strong><\/p>\r\n<p>\u201eS\u0105 jeszcze s\u0105dy w Warszawie. Oficjalnie: Jan Kobyla\u0144ski to antysemita i typ spod ciemnej gwiazdy.\u201d Tak minister spraw zagranicznych Rados\u0142aw Sikorski zareagowa\u0142 na twitterze na og\u0142oszony 27 marca korzystny dla niego wyrok w sprawie wytoczonej mu przez Jana Kobyla\u0144skiego. I w kolejnym wpisie doda\u0142: \u201ePo wyroku w sprawie antysemity Kobyla\u0144skiego spodziewa\u0142bym si\u0119, \u017ce Radio Maryja ode\u015ble \u015brodki, kt\u00f3re otrzyma\u0142o z tak grzesznego \u017ar\u00f3d\u0142a.\u201d<\/p>\r\n<p>A mo\u017ce by minister Sikorski tak nie zajmowa\u0142 si\u0119 toru\u0144sk\u0105 rozg\u0142o\u015bni\u0105, kt\u00f3ra b\u0119dzie nadawa\u0107 d\u0142ugo po tym jak on zniknie z firmamentu polityki polskiej. No, ale nie mo\u017ce darowa\u0107 szefowi USOPA\u0141 tego, \u017ce ten twierdzi, i\u017c wsp\u00f3\u0142praca z Radiem Maryja \u201ejest honorem\u201d i \u017ce jest z niej dumny.<\/p>\r\n<p>Sikorski z tak\u0105 zaciek\u0142o\u015bci\u0105 tropi\u0105cy rzekomy antysemityzm Kobyla\u0144skiego, nie widzi jako\u015b antypolonizm\u00f3w, kt\u00f3re jako szef MSZ powinien zwalcza\u0107, gdy\u017c uderzaj\u0105 one w dobre imi\u0119 naszego kraju. A tu nic, chyba \u017ce przybieraj\u0105 one groteskow\u0105 form\u0119 braku w berli\u0144skim hotelu polskich stacji telewizyjnych.<\/p>\r\n<p><strong>S\u0105d niezawis\u0142y jak w PRL<\/strong><\/p>\r\n<p>Spraw\u0119 Kobyla\u0144ski-Sikorski zabezpieczy\u0142 dobrze dobrany duet s\u0119dziowski. Obok wspomnianej ju\u017c Bo\u017ceny Ch\u0142opeckiej za sto\u0142em s\u0119dziowskim zasiad\u0142a Ma\u0142gorzata Perdion-Kalicka.<\/p>\r\n<p>W 2007 roku s\u0119dzia Ch\u0142opecka, delegowana do s\u0105du okr\u0119gowego z s\u0105du rejonowego, orzek\u0142a, \u017ce poleg\u0142y 10 kwietnia 2010 roku Zbigniew Wassermann, by\u0142y koordynator s\u0142u\u017cb specjalnych w rz\u0105dzie PiS, ma przeprosi\u0107 Agor\u0119, wydawc\u0119 \u201eGazety Wyborczej\u201d, za stwierdzenia ze stycznia 2006 roku, w kt\u00f3rych zarzuca\u0142 \u201eGW\u201d, \u017ce toczy \u201ezawzi\u0119t\u0105 wojn\u0119 w celu ochrony uk\u0142adu ludzi w\u0142adzy, biznesu, mafii i s\u0142u\u017cb specjalnych\u201d oraz \u017ce \u201edzia\u0142ania i praktyki \u201eGW\u201d wskazuj\u0105 na instrumentaln\u0105 manipulacj\u0119 polityczn\u0105\u201d. S\u0119dzia Ch\u0142opecka uzna\u0142a, \u017ce Wassermann naruszy\u0142 dobra osobiste i wiarygodno\u015b\u0107 \u201eGazety Wyborczej\u201d. Wyrok nakazywa\u0142 opublikowanie przeprosin, wp\u0142acenie 15 tys. z\u0142 na cel spo\u0142eczny oraz zwrot Agorze 2 tys. z\u0142 koszt\u00f3w s\u0105dowych. Wassermann odwo\u0142a\u0142 si\u0119 od wyroku do Trybuna\u0142u w Strasburgu.<\/p>\r\n<p>Z kolei Ma\u0142gorzata Perdion-Kalicka zas\u0142yn\u0119\u0142a w 2010 roku jako przewodnicz\u0105ca sk\u0142adu s\u0119dziowskiego w procesie w trybie wyborczym, dotycz\u0105cym tzw. prywatyzacji szpitali. Jak pami\u0119tamy Jaros\u0142aw Kaczy\u0144ski zarzuci\u0142 podczas kampanii wyborczej Bronis\u0142awowi Komorowskiemu, i\u017c ten chce, by s\u0142u\u017cba zdrowia by\u0142a sprywatyzowana. Kaczy\u0144ski spraw\u0119 przegra\u0142, gdy\u017c &#8211; wed\u0142ug orzeczenia &#8211; Komorowski opowiada\u0142 si\u0119 za komercjalizacj\u0105, a nie prywatyzacj\u0105. Tyle tylko, \u017ce komercjalizacja to przekazanie pa\u0144stwowych szpitali w gesti\u0119 samorz\u0105d\u00f3w wraz z d\u0142ugami, kt\u00f3rymi b\u0119d\u0105 obci\u0105\u017cone obdarowane samorz\u0105dy, a z braku pieni\u0119dzy zostan\u0105 one zmuszone do ich prywatyzacji, kt\u00f3ra ustawowo zlikwiduje bie\u017c\u0105ce zad\u0142u\u017cenia. Ale ta prawid\u0142owo\u015b\u0107, \u017ce komercjalizacja otwiera drog\u0119 do prywatyzacji, s\u0105du nie interesowa\u0142a. Wszak Komorowski sprawy w normalnym uk\u0142adzie nie do wygrania nie m\u00f3g\u0142 przegra\u0107.<\/p>\r\n<p>Uzasadnienie do wyroku Perdion-Kalicka odczytywa\u0142a przez kilkadziesi\u0105t minut. Przygotowuj\u0105c je musia\u0142a chyba pobi\u0107 rekord Guinnessa, gdy\u017c by\u0142o gotowe w ci\u0105gu dw\u00f3ch godzin po przes\u0142uchaniu Komorowskiego. Zreszt\u0105 jeszcze zanim nast\u0105pi\u0142o wydanie wyroku, minister zdrowia, a obecnie marsza\u0142ek Sejmu, Ewa Kopacz (PO) stwierdzi\u0142a, \u017ce \u201eJaros\u0142aw Kaczy\u0144ski musi przeprosi\u0107 pacjent\u00f3w\u201d. Nie chce si\u0119 ju\u017c nawet zadba\u0107 o pozory.<\/p>\r\n<p>Czy mo\u017cna si\u0119 w og\u00f3le dziwi\u0107, \u017ce taki doborowy sk\u0142ad s\u0119dziowski dopatrzy\u0142 si\u0119 w oszczerstwach rzucanych przez poprawnego politycznie szefa resortu spraw zagranicznych na \u201eniepoprawnego\u201d politycznie Kobyla\u0144skiego \u201e\u0142agodnych okre\u015ble\u0144\u201d?<\/p>\r\n<p><strong>Bartoszewski jak chor\u0105giewka<\/strong><\/p>\r\n<p>Rados\u0142aw Sikorski w swoim wywiadzie \u201e Strefa zdekomunizowana\u201d chwali W\u0142adys\u0142awa Bartoszewskiego za to, \u017ce ten w 2000 roku pozbawi\u0142 Kobyla\u0144skiego tytu\u0142u Honorowego Konsula RP w Urugwaju. Rzecz jasna za \u201eantysemityzm\u201d i \u201eszkodzenie Polsce\u201d. Bartoszewski, jak to poetycko uj\u0105\u0142 Sikorski, \u201emia\u0142 do\u015b\u0107 jaj, by to zrobi\u0107\u201d. To szkodzenie, jak wynika z kuriozalnego listu Bartoszewskiego do prezesa USOPA\u0141, mia\u0142o polega\u0107 na tym, \u017ce Kobyla\u0144ski jako konsul honorowy RP nie popiera\u0142 linii politycznej ministra spraw zagranicznych, a ponadto posiada\u0142 odmienne zapatrywania polityczne. Rzecz ciekawa, skoro nigdzie na \u015bwiecie konsule honorowi nie reprezentuj\u0105 programowo ani \u017cadnej linii politycznej, ani tym bardziej partii politycznej.<\/p>\r\n<p>Kto by pomy\u015bla\u0142, \u017ce jeszcze w 1995 roku Bartoszewski wystawia\u0142 Kobyla\u0144skiemu pi\u0119kn\u0105 laurk\u0119: \u201eChcia\u0142bym stwierdzi\u0107, \u017ce Ministerstwo Spraw Zagranicznych w pe\u0142ni docenia Pa\u0144skie zas\u0142ugi dla odrodzenia polsko\u015bci w\u015br\u00f3d naszych rodak\u00f3w i ich potomk\u00f3w zamieszkuj\u0105cych w Ameryce Po\u0142udniowej. Mamy pe\u0142n\u0105 \u015bwiadomo\u015b\u0107 tego, \u017ce to w\u0142a\u015bnie zaanga\u017cowanie Pana konsula doprowadzi\u0142o do o\u017cywienia dzia\u0142alno\u015bci polonijnej, kt\u00f3ra zaowocowa\u0142a utworzeniem Unii Stowarzysze\u0144 i Organizacji Polonijnych w Ameryce \u0141aci\u0144skiej (USOPA\u0141). Tych niezwykle wa\u017cnych dzia\u0142a\u0144 na rzecz spraw polskich nie spos\u00f3b przeceni\u0107.\u201d<\/p>\r\n<p>Wolta jednak musia\u0142a nast\u0105pi\u0107. Nie do zaakceptowania dla elit poprawnych politycznie by\u0142o to, \u017ce Kobyla\u0144ski wesp\u00f3\u0142 z nie\u017cyj\u0105cymi ju\u017c Edwardem Moskalem, prezesem Kongresu Polonii Ameryka\u0144skiej i dr. Janem Pyszk\u0105 z Ligi Polskiej Organizacji Narodu Polskiego stworzyli wsp\u00f3lny front obrony Polski przed antypolonizmem. Protestowali przeciwko oszczerstwom Jana Tomasza Grossa o mordowaniu \u017byd\u00f3w przez Polak\u00f3w w Jedwabnem, czy przepraszaniu Ukrai\u0144c\u00f3w za \u201epolskie zbrodnie\u201d, i teraz nie ma przebacz, tego jak wida\u0107 si\u0119 nie zapomina.<\/p>\r\n<p><strong>Tacy mali kr\u0119tacze\u2026<\/strong><\/p>\r\n<p>Tajemnic\u0105 poliszynela jest to, \u017ce za decyzj\u0105 Bartoszewskiego o pozbawieniu Kobyla\u0144skiego funkcji Konsula Honorowego RP stali ambasadorzy RP w Urugwaju i Kostaryce, kt\u00f3rych zeznania s\u0105d tak skwapliwie uzna\u0142 za bezstronne. Jaros\u0142aw Guga\u0142a, dzi\u015b dyrektor Pionu Informacji i Publicystyki telewizji \u201ePolsat\u201d, bezpodstawnie &#8211; gdy\u017c kwerenda odpowiednich zasob\u00f3w w MSZ tych zarzut\u00f3w nie potwierdzi\u0142a &#8211; oskar\u017ca\u0142 zas\u0142u\u017conego dla umacniania polsko\u015bci dzia\u0142acza o zwi\u0105zki ze s\u0142u\u017cbami sowieckimi. W atakach na lidera USOPA\u0141 wspomaga\u0142 go Ryszard Schnepf, obecny ambasador RP w Hiszpanii, kt\u00f3ry podczas wytoczonego przez Kobyla\u0144skiego m.in. jemu g\u0142o\u015bnego procesu o znies\u0142awienie, nazwa\u0142 prezesa USOPA\u0141 \u201edobrze znanym bandyt\u0105 mi\u0119dzynarodowym\u201d.<\/p>\r\n<p>Przeciwko decyzji Bartoszewskiego protestowa\u0142 m.in. prezes Wsp\u00f3lnoty Polskiej prof. Andrzej Stelmachowski. \u201ePrezes Kobyla\u0144ski jest jedn\u0105 z najbardziej licz\u0105cych si\u0119 postaci \u015bwiatowego \u017cycia polonijnego, cz\u0142owiekiem, kt\u00f3rego zas\u0142ugi w odrodzeniu polsko\u015bci w krajach Ameryki Po\u0142udniowej s\u0105 niepodwa\u017calne, a nawet &#8211; nie waham si\u0119 u\u017cy\u0107 tego okre\u015blenia &#8211; niepor\u00f3wnywalne. Dzi\u0119ki jego wysi\u0142kom powsta\u0142a Unia Stowarzysze\u0144 i Organizacji Polskich Ameryki \u0141aci\u0144skiej, kt\u00f3ra o\u017cywi\u0142a \u017cycie polonijne w krajach Ameryki Po\u0142udniowej. R\u00f3wnie\u017c hojno\u015bci Jana Kobyla\u0144skiego zawdzi\u0119czaj\u0105 m.in. swe funkcjonowanie domy polskie w Montevideo i Buenos Aires. Spektakularnym efektem jego dzia\u0142a\u0144 jest wprowadzenie do kalendarza \u015bwi\u0105t pa\u0144stwowych Argentyny Dnia Osadnika Polskiego\u201d &#8211; argumentowa\u0142 Stelmachowski. By\u0142o to jednak g\u0142os wo\u0142aj\u0105cego na puszczy.<\/p>\r\n<p><strong>\u201eDrugi Ignacy Domeyko\u201d<\/strong><\/p>\r\n<p>Obecny szef dyplomacji w zwalczaniu Kobyla\u0144skiego zaliczy\u0142 ju\u017c dos\u0142ownie dno. By zdeprecjonowa\u0107 osob\u0119 polonijnego lidera nie waha\u0142 si\u0119 nawet wykorzysta\u0107 osoby S\u0142ugi Bo\u017cego Jana Paw\u0142a II.<\/p>\r\n<p>USOPA\u0141, uwa\u017cany tendencyjnie przez Sikorskiego za nic nie znacz\u0105c\u0105 organizacj\u0119, cho\u0107 skupia ona ponad 100 tys. cz\u0142onk\u00f3w, to tak\u017ce kultywowanie pami\u0119ci o Papie\u017cu-Polaku, to liczne jego pomniki ufundowane przez Jana Kobyla\u0144skiego, jak r\u00f3wnie\u017c emisje \u201epapieskich\u201d znaczk\u00f3w pocztowych. Do obiegu wesz\u0142o ich zapewne znacznie wi\u0119cej ni\u017c w Polsce. Tymczasem Sikorski insynuowa\u0142 na forum publicznym, ze tego rodzaju dzia\u0142alno\u015b\u0107 nie ma nic wsp\u00f3lnego z rzeczywistymi celami Kobyla\u0144skiego.<\/p>\r\n<p>19 lutego 2008 roku w li\u015bcie do marsza\u0142ka Senatu Bogdana Borusewicza stwierdza\u0142 oto, \u017ce \u201efundowanie przez USOPA\u0141 pomnik\u00f3w Jana Paw\u0142a II ma stworzy\u0107 wra\u017cenie, jakoby Ojciec \u015awi\u0119ty aprobowa\u0142 dzia\u0142alno\u015b\u0107 i ideologi\u0119 Jana Kobyla\u0144skiego. Tymczasem powszechnie wiadomo, \u017ce Jego \u015awi\u0105tobliwo\u015b\u0107 Papie\u017c Jan Pawe\u0142 II ca\u0142ym swoim \u017cyciem wykaza\u0142 jak odleg\u0142y by\u0142 od nienawi\u015bci religijnej i rasowej. Wed\u0142ug mojej wiedzy, Jan Pawe\u0142 II nigdy nie zgodzi\u0142 si\u0119 przyj\u0105\u0107 Jana Kobyla\u0144skiego\u201d<\/p>\r\n<p>By\u0142o to ju\u017c trafienie kul\u0105 w p\u0142ot, zwa\u017cywszy \u017ce Papie\u017c-Polak spotyka\u0142 si\u0119 z prezesem USOPA\u0141 kilkakrotnie i wyra\u017ca\u0142 si\u0119 o nim z uznaniem. Do\u015b\u0107 powiedzie\u0107, \u017ce Ojciec \u015awi\u0119ty nazwa\u0142 Jana Kobyla\u0144skiego \u201edrugim Ignacym Domeyk\u0105 Ameryki \u0141aci\u0144skiej i arcyambasadorem Polski w \u015bwiecie\u201d.<\/p>\r\n<p><strong><em>Julia M. Jask\u00f3lska<\/em><\/strong><\/p>\r\n<p><strong><em>Piotr Jakucki<\/em><\/strong><\/p>\r\n<p>Artyku\u0142 uka\u017ce si\u0119 w najnowszym numerze tygodnika \u201eGoniec\u201d (Kanada)<\/p>","protected":false},"excerpt":{"rendered":"Jak tendencyjne bywaj\u0105 polskie s\u0105dy wie ka\u017cdy, kto cho\u0107 raz musia\u0142 zmierzy\u0107 si\u0119 z kim\u015b skoligaconym towarzysko, b\u0105d\u017a politycznie z rozdaj\u0105cym karty uk\u0142adem. Mo\u017cna mie\u0107 sto procent racji, by\u0107 ofiar\u0105, a nie winowajc\u0105, a i tak si\u0119 przegra. Taki jest w\u0142a\u015bnie casus Jana Kobyla\u0144skiego pom\u00f3wionego przez ministra spraw zagranicznych Rados\u0142awa Sikorskiego o wydawanie w czasie [&hellip;]","protected":false},"author":1,"featured_media":0,"comment_status":"closed","ping_status":"closed","sticky":false,"template":"","format":"standard","meta":{"_acf_changed":false,"_monsterinsights_skip_tracking":false,"_monsterinsights_sitenote_active":false,"_monsterinsights_sitenote_note":"","_monsterinsights_sitenote_category":0,"ngg_post_thumbnail":0,"footnotes":"","_wp_rev_ctl_limit":""},"categories":[9],"tags":[48,65,16,92,53,169,159,83,20],"acf":[],"_links":{"self":[{"href":"https:\/\/www.bibula.com\/index.php?rest_route=\/wp\/v2\/posts\/54393"}],"collection":[{"href":"https:\/\/www.bibula.com\/index.php?rest_route=\/wp\/v2\/posts"}],"about":[{"href":"https:\/\/www.bibula.com\/index.php?rest_route=\/wp\/v2\/types\/post"}],"author":[{"embeddable":true,"href":"https:\/\/www.bibula.com\/index.php?rest_route=\/wp\/v2\/users\/1"}],"replies":[{"embeddable":true,"href":"https:\/\/www.bibula.com\/index.php?rest_route=%2Fwp%2Fv2%2Fcomments&post=54393"}],"version-history":[{"count":0,"href":"https:\/\/www.bibula.com\/index.php?rest_route=\/wp\/v2\/posts\/54393\/revisions"}],"wp:attachment":[{"href":"https:\/\/www.bibula.com\/index.php?rest_route=%2Fwp%2Fv2%2Fmedia&parent=54393"}],"wp:term":[{"taxonomy":"category","embeddable":true,"href":"https:\/\/www.bibula.com\/index.php?rest_route=%2Fwp%2Fv2%2Fcategories&post=54393"},{"taxonomy":"post_tag","embeddable":true,"href":"https:\/\/www.bibula.com\/index.php?rest_route=%2Fwp%2Fv2%2Ftags&post=54393"}],"curies":[{"name":"wp","href":"https:\/\/api.w.org\/{rel}","templated":true}]}}