{"id":54386,"date":"2012-03-29T09:16:13","date_gmt":"2012-03-29T14:16:13","guid":{"rendered":"http:\/\/www.bibula.com\/?p=54386"},"modified":"2012-03-29T09:16:13","modified_gmt":"2012-03-29T14:16:13","slug":"ciemne-gwiazdy-antysemityzm-i-spelnione-oczekiwania-fundacji-bertelsmanna-waldemar-glodek","status":"publish","type":"post","link":"https:\/\/www.bibula.com\/?p=54386","title":{"rendered":"Ciemne gwiazdy, antysemityzm i spe\u0142nione oczekiwania Fundacji Bertelsmanna &#8211; <em>Waldemar Glodek<\/em>"},"content":{"rendered":"<p><strong>Niezwyk\u0142a elastyczna osobowo\u015bc pana Rados\u0142awa Sikorskiego mo\u017ce u wielu obserwator\u00f3w by\u0107 powodem nieuzasadnionej gloryfikacji umiej\u0119tno\u015bci poruszania si\u0119 na scenie politycznej. Nieuzasadnionej, poniewa\u017c to co robi budzi g\u0142\u0119bokie obawy o realizacje wymog\u00f3w polskiej racji stanu. Przez czas obecnosci pana Sikorskiego w kolejnych rz\u0105dach da\u0142 tego liczne powody.<\/strong><\/p>\r\n<p><img decoding=\"async\" class=\"alignleft\" style=\"margin: 10px;\" src=\"http:\/\/www.polishclub.org\/wp-content\/uploads\/2012\/03\/Minister-Radoslaw-Sikorski-pomiar-jezyka-fot-pejzaz.com_thumb.jpg\" alt=\"\" width=\"244\" height=\"181\" align=\"left\" \/>Rz\u0105dz\u0105cy Polsk\u0105 od zako\u0144czenia II wojny \u015bwiatowej po dzi\u015b dzie\u0144 ka\u017cdorazowo mieli w\u0142asn\u0105 definicj\u0119 &#8222;polskiej racji stanu.\u201d Wypracowan\u0105 nie z my\u015bl\u0105 o Polske, a b\u0119d\u0105c\u0105 wypadkow\u0105 zaspokojenia ich w\u0142asnych potrzeb i ambicji oraz nadrz\u0119dnych dyrektyw pochodz\u0105cych czy to z Moskwy, Londynu, Waszyngtonu czy te\u017c Tel Avivu (b\u0105d\u017a Nowego Yorku) a ostatnio tak\u017ce z Berlina.<\/p>\r\n<p>Dzisiaj \u017ceby zaw\u0142adn\u0105\u0107 jakim\u015b krajem nie trzeba wcale na niego napada\u0107 w spos\u00f3b widoczny. Wystarczy za pomoc\u0105 s\u0142u\u017cb wywiadowczych pozna\u0107 s\u0142abe strony os\u00f3b b\u0119d\u0105cych przy w\u0142adzy i odpowiednio nimi pokierowa\u0107. W pa\u0144stwach s\u0142abych znacznie \u0142atwiej znale\u015bc zast\u0119py odpowiednich ludzi do rz\u0105dzenia tubylacami. Polska nale\u017cy do kraj\u00f3w \u0142atwo sterowalnych z zewn\u0105trz. Szlaki wiod\u0105ce z zachodu Europy na wsch\u00f3d i ze wschodu na zach\u00f3d biegn\u0105 przez Polsk\u0119. To mog\u0142oby by\u0107 naszym atutem,ale nie jest. Dlatego te\u017c tak jak cierpieli\u015bmy i byli\u015bmy wykorzytywani wcze\u015bniej, tak teraz r\u00f3wnie\u017c b\u0119dziemy. Mamy &#8222;klas\u0119 polityczn\u0105\u201d kt\u00f3ra nam to zapewni.<\/p>\r\n<p>W tej pokr\u00f3tce nakre\u015blonej wcale dla nas nie radosnej rzeczywisto\u015bci pan Rados\u0142aw Sikorski porusza si\u0119 szczeg\u00f3lnie dobrze; pami\u0119taj\u0105c g\u0142\u00f3wnie o sobie.<\/p>\r\n<p>Szukaj\u0105c w internecie informacji na temat procesu w kt\u00f3rym minister spraw zagranicznych naszego kraju wyst\u0119puje w roli oskar\u017conego natrafi\u0142em na blog pana Sikorskiego na Facebooku. Dla przypomnienia: pan Jan Kobyla\u0144ski, prezes Unii Stowarzysze\u0144 i Organizacji Polskich Ameryki \u0141aci\u0144skiej dochodzi\u0142 zado\u015b\u0107uczynienia z powodu nazwania go przez pana Sikorskiego &#8222;typem spod ciemnej gwiazdy\u201d i &#8222;antysemit\u0105\u201d. Wcze\u015bniej podobnymi epitetami obra\u017cali prezesa Kobyla\u0144skiego dziennikarze i politycy; w tym z ministerstwa kierowanego przez pana Sikorskiego jak najbardziej. Ale poniewa\u017c ich antypolskie przemy\u015blenia drukowali g\u0142\u00f3wnie na stronach gazety pana Adama Michnika wi\u0119c im si\u0119 upiek\u0142o. S\u0119dzia ich spraw\u0119 wozi\u0142 kilka lat. Dok\u0142adnie do czasu a\u017c zarzuty uleg\u0142y przedawnieniu i ferajna wysz\u0142a czysta z sali rozpraw.<\/p>\r\n<p>Tej sztuczki z nieznanych mi powod\u00f3w nie zastosowano wobec pana Rados\u0142awa Sikorskiego. Mo\u017ce nie pasowa\u0142a do takiego spektaklu ministerialna teka? Nie mniej bieg\u0142a w przekretach wyprowadzaj\u0105cych sprawy zlecone na w\u0142a\u015bciwe tory s\u0119dzia uzna\u0142a, \u017ce &#8222;<em>typ spod ciemnej gwiazdy<\/em>\u201d i &#8222;<em>antysemita<\/em>\u201d w stosunku do pana Kobyla\u0144skiego jest &#8222;<em>\u0142agodn\u0105, eufemistyczn\u0105 ocen\u0105<\/em>.\u201d Co w efekcie spowodwa\u0142o, \u017ce z pokrzywdzonego zrobi\u0142a prezesa Kobyla\u0144skiego winnym. Stwierdzi\u0142a w &#8222;uzasadnieniu\u201d, \u017ce wypowiedzi pana Kobyla\u0144skiego &#8222;<em>niejednokrotnie nosi\u0142y charakter antysemicki, a on sam wielokrotnie wypowiada\u0142 si\u0119 na temat \u017byd\u00f3w i ich negatywnego wp\u0142ywu na losy \u015bwiata<\/em>\u201d. Po czym oddalaj\u0105c pozew niejako tym przyklepa\u0142a ich wk\u0142ad w k\u0142opotliwe losy \u015bwiata.<\/p>\r\n<p>Rado\u015b\u0107 z s\u0105dowego zwyci\u0119stowa pan Sikorski przela\u0142 <a href=\"http:\/\/www.facebook.com\/radeksikorski\">na <span style=\"color: #0000ff;\"><strong>Facebook<\/strong><\/span><\/a> pisz\u0105c, \u017ce &#8222;<em>S\u0105 jeszcze s\u0105dy w Warszawie. Oficjalnie: Jan Kobyla\u0144ski to antysemita i typ spod ciemnej gwiazdy<\/em>\u201d dodaj\u0105c za chwil\u0119, \u017ce &#8222;<em>Po wyroku w sprawie antysemity Kobyla\u0144skiego spodziwa\u0142em si\u0119, \u017ce Radio Maryja ode\u015ble \u015brodki, kt\u00f3re otrzyma\u0142o z tak grzesznego \u017cr\u00f3d\u0142a<\/em>.\u201d Nie za\u0142apa\u0142 nic pan minister z tego, \u017ce grzech to grzech, a wyrok to wyrok i pokaza\u0142 kolejn\u0105 uwieraj\u0105c\u0105 go stron\u0119 &#8222;dyplomacji.\u201d A swoja droga czy Facebook to wlasciwe miejsce dla ministra spraw zagraniczych do dewagacji myslowych? Moze lepiej pogralby w szachy a jak za trudne to w warcamy, czy chinczyka.<\/p>\r\n<p>Temat zosta\u0142 rzucony i dysput z ministrem nabra\u0142 wartko\u015bci. Natychmiast kilku dy\u017cyrnych internaut\u00f3w podchwyci\u0142o rado\u015b\u0107 pana Sikorskiego i ochoczo wrzucili s\u0142u\u017cbowe kompozycje nie odbiegaj\u0105ce od &#8222;dyplomatycznej\u201d tonacji wlasciciela blogu.<\/p>\r\n<p>Ale by\u0142y i inne. Najwidoczniej banerowanie centralne jeszcze nie dzia\u0142a skutecznie. Dlatego te\u017c, kilka temat\u00f3w, na kt\u00f3re dobrze by\u0142oby dowiedzie\u0107 si\u0119 c\u00f3\u017c te\u017c ciekawego ma do powiedznia pan Sikorski, pe\u0142ni\u0105cy aktualnie nad Wis\u0142\u0105 rol\u0119 ministra spraw zagranicznych:<\/p>\r\n<p><strong><em>Dlaczego Radek Sikorski ze znacznie wi\u0119ksz\u0105 cz\u0119stotliwo\u015bci\u0105 pisze o sprawach \u017cydowskich ni\u017c polskich?<\/em><\/strong> &#8211; pyta Grzegorz Miacha\u0142owski.<\/p>\r\n<p><strong><em>Eh, gdyby z r\u00f3wn\u0105 determinacj\u0105 jak walczy Pan o siebie, walczy\u0142 Pan o polski interes narodowy\u2026.<\/em><\/strong> &#8211; pisze Samuel Rodrigo Pereira.<\/p>\r\n<p><strong><em>\u2026Jakie s\u0105 szanse dla Polak\u00f3w mieszkaj\u0105cych w Niemczech na uzyskanie statusu mniejszosci narodowej?<\/em><\/strong> &#8211; pyta Piotr W\u0142odarczyk.<\/p>\r\n<p><strong><em>\u2026czekamy na pierwsze w historii oskr\u017cenie z ust pana Radka o polonofobizm, chyba \u017ce to go nie dotyczy?<\/em><\/strong> &#8211; pisze Stefan Dyzma.<\/p>\r\n<p>Dla odwr\u00f3cenia uwagi od wrzuconych interesuj\u0105cych temat\u00f3w, pan Sikorski w ramach samoreklamy poinformaowa\u0142 o wyr\u00f3\u017cnieniu Polski i rz\u0105d\u00f3w premiera Tuska przez niemieck\u0105 <a href=\"http:\/\/www.msz.gov.pl\/Polska,wyrozniona,przez,Fundacje,Bartelsmanna,50670.html\"><strong><span style=\"color: #0000ff;\">Fundacj\u0119 Bartelsmanna<\/span><\/strong><\/a> podaj\u0105c gdzie te sukcesy zosta\u0142y opisane bardziej szczeg\u00f3\u0142owo.<\/p>\r\n<p>Po klikni\u0119ciu na stronie MSZ czytamy: &#8222;\u2026 <strong><em>Eksperci przeanalizowali sytuacj\u0119 polityczna, gospodarcz\u0105 i spo\u0142eczn\u0105 w 17 krajach regionu. Polska wyr\u00f3\u017cniona zosta\u0142a pozytywnie na tle wszystkich badanych pa\u0144stw. <\/em><\/strong><\/p>\r\n<p><em>Jak podkre\u015bli\u0142 redaktor fundacja we wnioskach swoich bada\u0144 krytycznie oceni\u0142a przede wszystkim stan gospodarki rynkowej oraz realizacj\u0119 zasad pa\u0144stwa prawa w krajach transformacji ustrojowej. Polityczn\u0105 polaryzacj\u0119 oraz populizm uznano za najwa\u017cniejsze elementy ograniczaj\u0105ce <strong>transformacj\u0119 w kierunku nowoczesnej demokracji<\/strong>. Jedynym wyj\u0105tkiem jest Polska.\u201d<\/em><\/p>\r\n<p>I dalej czytamy:<\/p>\r\n<p><em>&#8222;W badanym okresie tj. mi\u0119dzy rokiem 2009 a 2011, w 13 z 17 kraj\u00f3w naszego regionu <strong>odnotowano spadek jako\u015bci demokracji<\/strong>. <strong>Polska, jako jedyny kraj zosta\u0142a szczeg\u00f3lnie pozytywnie oceniona<\/strong>,<\/em><\/p>\r\n<p><em>Braki w zakresie gospodarki rynkowej, kt\u00f3re r\u00f3wnie\u017c podlega\u0142y ocenom ekspert\u00f3w Fundacji Bertelsmanna, dostrze\u017cono w krajach z po\u0142udnia regionu. W tym kontek\u015bcie, w przeciwie\u0144stwie do reszty ocenianych pa\u0144stw, r\u00f3wnie\u017c przytoczono przyk\u0142ad naszego kraju, jako lidera. <strong>Podkre\u015blono sukcesy rz\u0105du premiera Donalda Tuska w zakresie skutecznego zarz\u0105dzania kryzysem ekonomicznym<\/strong>.\u201d<\/em><\/p>\r\n<p>Tak wi\u0119c obawy premiera Donalda Tuska odno\u015bnie przeszkadzania mu w eksploatacji spo\u0142ecze\u0144stwa w dorzeczu Odry i Wis\u0142y okaza\u0142y si\u0119 bezpodstawne. Nie mniej wyniki by\u0142yby znacznie lepsze gdyby nie <em>ci\u0105g\u0142e preszkadzanie ze strony Jaros\u0142awa Kaczy\u0144skiego i jego niesfornego PiS-u<\/em> o czym nas tak z przekonuj\u0105cym b\u0142yskiem w oczach zapewnia premier Tusk od pocz\u0105tku przejecia wladzy.<\/p>\r\n<p>Ludzie ministra Sikorskiego doszukali si\u0119 w prasie \u015bwiatowej, \u017ce sukcesy premiera chwal\u0105 nie tylko <em>nadworne przydupasy<\/em>, ale s\u0105 one zauwa\u017cane w kraju za kt\u00f3ry dziad i ojciec wyr\u00f3\u017cnionego walczyli.<\/p>\r\n<p>Poniewa\u017c r\u00f3\u017cne trefne fundacje zagraniczne zapewniaj\u0105 naszym polityczno-gospodarczym liderom zar\u00f3wno <em>uczt\u0119 duchow\u0105<\/em>, jak i egzystencje materialn\u0105 poprawiaj\u0105, postanowi\u0142em poszuka\u0107 c\u00f3\u017c to jest ta <strong>Fundacja Bertelsmanna<\/strong> aby odrzuci\u0107 wszelkie niecne pos\u0105dzenia zazdro\u015bnik\u00f3w i zywk\u0142ych nieudacznik\u00f3w co to <em>pierwszego miliona nie byli w stanie sobie zorganizowa\u0107<\/em> a teraz wszystko widz\u0105 w czarnych kolorach.<\/p>\r\n<p>W \u201e<strong>Projektach biblotecznych w Polsce<\/strong>\u201d<a name=\"_ftnref1_7740\"><\/a>[1] czytamy:<\/p>\r\n<p><strong><em>&#8222;Fundacja Bertelsmanna<\/em><\/strong><em> pragnie \u2026 przyczyni\u0107 si\u0119 aktywnie do rozwoju spo\u0142ecze\u0144stwa wiedzy w Polsce. Celem g\u0142\u00f3wnym projekt\u00f3w Fundacji jest wsparcie polskiego spo\u0142ecz\u0144stwa w procesach przemian spo\u0142ecznych oraz u\u0142atwienie dost\u0119pu do informacji przez internet.<\/em><\/p>\r\n<p><em>Fundacja Bertelsmanna przy wsp\u00f3\u0142pracy ekspert\u00f3w &#8211; naukowc\u00f3w i praktyk\u00f3w &#8211; pragnie stworzy\u0107 projekty modelowe oraz koncepcje rozwi\u0105za\u0144 dla spo\u0142ecznych przemian w Polsce i towarzyszy\u0107 im w procesie ich realizacji.\u201d<\/em><\/p>\r\n<p>A dalej odno\u015bnie tego kim jest Fundacja Bertelsmanna czytamy:<\/p>\r\n<p><em>&#8222;Fundacja Bertelsmanna zosta\u0142a za\u0142o\u017cona w 1977 roku przez <strong>Reinharda Mohna<\/strong><a name=\"_ftnref2_7740\"><\/a><strong>[2]<\/strong> i jest instytucj\u0105, kt\u00f3rej praca projektowa przyczynia si\u0119 do rozwi\u0105zywania aktualnych problem\u00f3w spo\u0142ecznych. Fundacja anga\u017cuje si\u0119 w dzia\u0142alno\u015b\u0107 z zakresu o\u015bwiaty, gospodarki i spraw socjalnych, porozumienia mi\u0119dzynarodowego oraz zdrowia\u2026.<\/em><\/p>\r\n<p><em>\u2026Wsp\u00f3lnie z partnerami projektowymi Fundacja pracuje nad przysz\u0142o\u015bciowymi rozwi\u0105zaniami i publikuje wyniki jak i wnioski dla \u015brodowiska fachowego i opinii publicznej. Ukierunkowanie na klienta, ekonomiczne zarz\u0105dzanie przedsi\u0119biorstwem oraz kwalifikacja kadr kierowniczych i pracownik\u00f3w to cele, kt\u00f3re stawia sobie Fundacja Bertelsmanna\u2026\u201d<\/em><\/p>\r\n<p><strong>Wi\u0119cej na ten temat za Wikipedia<a name=\"_ftnref3_7740\"><\/a><strong>[3]<\/strong>:<\/strong><\/p>\r\n<p><strong>Fundacja Bertelsmanna jest w\u0142a\u015bcicielem 76.9% udzia\u0142\u00f3w Bertelsmann AG<\/strong>, mi\u0119dzynarodowego koncernu medialnego za\u0142o\u017conego w 1835 roku z siedzib\u0105 w G\u00fctersloh, w Niemczech.<\/p>\r\n<p>W 1939 roku wydawnictwo zatrudnia\u0142o 440 os\u00f3b. <strong>Podczas II wojny \u015bwiatowej Bertelsmann by\u0142 najwi\u0119kszym wydawc\u0105 ksi\u0105\u017cek dla <a href=\"http:\/\/pl.wikipedia.org\/wiki\/Wehrmacht\">Wehrmachtu<\/a><\/strong>. <strong>W\u0142a\u015bciciel Heinrich Mohn i jego syn Reinhard Mohn byli cz\u0142onkami SS<\/strong>. W\u015br\u00f3d nazistowskich autor\u00f3w znale\u017a\u0107 mo\u017cna by\u0142o <a href=\"http:\/\/pl.wikipedia.org\/w\/index.php?title=Will_Vesper&amp;action=edit&amp;redlink=1\">Willa Vespera<\/a>, kt\u00f3ry przemawia\u0142 podczas palenia ksi\u0105\u017cek w 1933 roku w Dre\u017anie i <a href=\"http:\/\/pl.wikipedia.org\/w\/index.php?title=Hans_Grimm&amp;action=edit&amp;redlink=1\">Hansa Grimma<\/a>. <strong>Po wojnie na pewien czas firma zosta\u0142a zamkni\u0119ta, by zosta\u0107 ponownie powo\u0142an\u0105 do \u017cycia w 1947 roku przez Reinharda Mohna.<\/strong><\/p>\r\n<p>Mohan w 1939 roku mia\u0142 18 lat i wraz z wybuchem II wojny \u015bwiatowej zosta\u0142 powo\u0142any do Wehrmachtu, nast\u0119pnie szybko awansowa\u0142 na porucznika s\u0142u\u017cy\u0142 pod gen. Erwinem Rommlem w Africa Korps. B\u0119d\u0105c rannym, zosta\u0142 pojmany przez Amerykan\u00f3w w 1943 roku w Tunezji. Przebywa\u0142 w obozie je\u0144c\u00f3w wojennych w Kansas sk\u0105d w 1946 roku powr\u00f3ci\u0142 do Niemiec i ponownie otworzy\u0142 Bertelsmann AG.<\/p>\r\n<p>Blisko p\u00f3\u0142 wieku p\u00f3\u017aniej Austriacki dziennikarz Hersch Fischler doszuka\u0142 si\u0119, \u017ce wbrew g\u0142oszonym oficjalnym teoriom <strong>zak\u0142ady Bertelsmann AG w czasie wojny blisko wsp\u00f3pracowa\u0142y z nazistowskim re\u017cymem od 1930 roku<\/strong>, prawdopodobnie w czasie wojny <strong>zatrudnia\u0142y do niewolniczej pracy \u017byd\u00f3w<\/strong> w niekt\u00f3rych swoich zak\u0142adach.<\/p>\r\n<p>Wed\u0142ug danych z 2007 roku, firma jest rozlokowana w ponad 60 krajach i zatrudnia\u0142a ponad 100 000 pracownik\u00f3w.<\/p>\r\n<p><strong>Fundacja Bertelsmanna<\/strong> znajduje te\u017c wielu krytyk\u00f3w. G\u0142\u00f3wnie uwagi dotycz\u0105 jej politycznej dzia\u0142alno\u015bci w zakresie edukacji i zatrudnienia, w kt\u00f3rych to dziedzinach <strong>promuje neoliberalizm<\/strong>, wsp\u00f3\u0142zawodnictwo w edukacji i badaniach naukowych, jak r\u00f3wnie\u017c wprowadzenie op\u0142at za nauk\u0119 w niemieckim systemie edukacji. Krytykowana jest r\u00f3wnie\u017c z powodu <strong>zabiegania o wyeliminowanie bezp\u0142atnej edukacji i niezale\u017cno\u015bci uczelni.<\/strong><\/p>\r\n<p>W kontek\u015bcie zada\u0144 jakie stawia sobie Fundacja Bertelsmanna pochwa\u0142y w stosunku do rzadu premiera Tuska i \u201erefom\u201d przez niego czynionych nic dobrego dla Polski i Polak\u00f3w nie wr\u00f3\u017c\u0105. Brak pe\u0142nej informacji o wielu innych programach maj\u0105cych jakoby poprawi\u0107 \u017cywot Polak\u00f3w trzymany jest najcz\u0119\u015bciej w tajemnicy a udost\u0119pniane fragmentaryczne dane nie odzwierciedlaj\u0105 istoty wnoszonych problem\u00f3w.<\/p>\r\n<p>Aczkolwiek rz\u0105dz\u0105cy naszym krajem funkcjonariusze mog\u0105 si\u0119 cieszy\u0107 z uzyskiwanych t\u0105 drog\u0105 wyr\u00f3\u017anie\u0144 i otrzymywanych gratyfikacji to jednak nic nie wskazuje na to, \u017ce ich internacjonalistyczny wysi\u0142ek dobrze s\u0142u\u017cy Polsce.<\/p>\r\n<p><em><span style=\"font-size: xx-small;\">Wszystkie podkreslenia w cytowanych tekstach dokonalem wg wlasnego uznania. <br \/><\/span><\/em><em><span style=\"font-size: xx-small;\">Na zdjeciu: <strong>Minister Radoslwa Sikorski<\/strong> dokonuje pomiaru jezyka. Fot. za <a href=\"http:\/\/pejzaz.blogspot.com\/2008\/09\/jzyk-lata-jak-opata.html\"><strong><span style=\"color: #0000ff;\">pejzaz.blogspot.com<\/span><\/strong><\/a>, 22.09.2008<\/span><\/em><\/p>\r\n<p><em><strong>Waldemar Glodek <br \/><\/strong><\/em><span style=\"color: #0000ff; font-size: xx-small;\"><strong>www.polishclub.org<\/strong><\/span><\/p>\r\n<hr align=\"left\" size=\"1\" width=\"33%\" \/>\r\n<p><a name=\"_ftn1_7740\"><\/a><span style=\"color: #0000ff;\">[1]<\/span><a href=\"http:\/\/www.bertelsmann-stiftung.de\/bst\/en\/media\/xcms_bst_dms_12745_12746_2.pdf\"><span style=\"color: #0000ff;\">http:\/\/www.bertelsmann-stiftung.de\/bst\/en\/media\/xcms_bst_dms_12745_12746_2.pdf<\/span><\/a><span style=\"color: #0000ff;\"> <br \/><\/span><a name=\"_ftn2_7740\"><\/a><span style=\"color: #0000ff;\">[2]<\/span><span style=\"text-decoration: underline;\"><a href=\"http:\/\/pl.wikipedia.org\/w\/index.php?search=Reinhard+Mohn&amp;button=&amp;title=Specjalna%3ASzukaj\"><span style=\"color: #0000ff;\">http:\/\/pl.wikipedia.org\/w\/index.php?search=Reinhard+Mohn&amp;button=&amp;title=Specjalna%3ASzukaj<\/span><\/a><span style=\"color: #0000ff;\">\u00a0 <br \/><\/span><\/span><a name=\"_ftn3_7740\"><\/a><span style=\"color: #0000ff;\">[3]<\/span><a href=\"http:\/\/pl.wikipedia.org\/wiki\/Bertelsmann\"><span style=\"color: #0000ff;\">http:\/\/pl.wikipedia.org\/wiki\/Bertelsmann<\/span><\/a><\/p>","protected":false},"excerpt":{"rendered":"Niezwyk\u0142a elastyczna osobowo\u015bc pana Rados\u0142awa Sikorskiego mo\u017ce u wielu obserwator\u00f3w by\u0107 powodem nieuzasadnionej gloryfikacji umiej\u0119tno\u015bci poruszania si\u0119 na scenie politycznej. Nieuzasadnionej, poniewa\u017c to co robi budzi g\u0142\u0119bokie obawy o realizacje wymog\u00f3w polskiej racji stanu. Przez czas obecnosci pana Sikorskiego w kolejnych rz\u0105dach da\u0142 tego liczne powody. Rz\u0105dz\u0105cy Polsk\u0105 od zako\u0144czenia II wojny \u015bwiatowej po dzi\u015b [&hellip;]","protected":false},"author":1,"featured_media":0,"comment_status":"closed","ping_status":"closed","sticky":false,"template":"","format":"standard","meta":{"_acf_changed":false,"_monsterinsights_skip_tracking":false,"_monsterinsights_sitenote_active":false,"_monsterinsights_sitenote_note":"","_monsterinsights_sitenote_category":0,"ngg_post_thumbnail":0,"footnotes":"","_wp_rev_ctl_limit":""},"categories":[9],"tags":[48,65,166,92,59],"acf":[],"_links":{"self":[{"href":"https:\/\/www.bibula.com\/index.php?rest_route=\/wp\/v2\/posts\/54386"}],"collection":[{"href":"https:\/\/www.bibula.com\/index.php?rest_route=\/wp\/v2\/posts"}],"about":[{"href":"https:\/\/www.bibula.com\/index.php?rest_route=\/wp\/v2\/types\/post"}],"author":[{"embeddable":true,"href":"https:\/\/www.bibula.com\/index.php?rest_route=\/wp\/v2\/users\/1"}],"replies":[{"embeddable":true,"href":"https:\/\/www.bibula.com\/index.php?rest_route=%2Fwp%2Fv2%2Fcomments&post=54386"}],"version-history":[{"count":0,"href":"https:\/\/www.bibula.com\/index.php?rest_route=\/wp\/v2\/posts\/54386\/revisions"}],"wp:attachment":[{"href":"https:\/\/www.bibula.com\/index.php?rest_route=%2Fwp%2Fv2%2Fmedia&parent=54386"}],"wp:term":[{"taxonomy":"category","embeddable":true,"href":"https:\/\/www.bibula.com\/index.php?rest_route=%2Fwp%2Fv2%2Fcategories&post=54386"},{"taxonomy":"post_tag","embeddable":true,"href":"https:\/\/www.bibula.com\/index.php?rest_route=%2Fwp%2Fv2%2Ftags&post=54386"}],"curies":[{"name":"wp","href":"https:\/\/api.w.org\/{rel}","templated":true}]}}