{"id":54379,"date":"2012-03-29T09:01:03","date_gmt":"2012-03-29T14:01:03","guid":{"rendered":"http:\/\/www.bibula.com\/?p=54379"},"modified":"2012-03-29T12:31:14","modified_gmt":"2012-03-29T17:31:14","slug":"polacy-obcym-buduja-dobrobyt-tomasz-cukiernik","status":"publish","type":"post","link":"https:\/\/www.bibula.com\/?p=54379","title":{"rendered":"Polacy obcym buduj\u0105 dobrobyt &#8211; <em>Tomasz Cukiernik<\/em>"},"content":{"rendered":"<p><strong>Wiele czynnik\u00f3w spowodowa\u0142o, \u017ce coraz wi\u0119cej ludzi zmienia miejsce zamieszkania i \u017cycia.<\/strong><\/p>\r\n<p>Po pierwsze, coraz wi\u0119ksza \u0142atwo\u015b\u0107 w podr\u00f3\u017cowaniu. Po drugie, otwarte granice. Po trzecie, ch\u0119\u0107 polepszenia swojego bytu. Jednak nie jest to zjawisko nowe. Ju\u017c w staro\u017cytno\u015bci dochodzi\u0142o do w\u0119dr\u00f3wek lud\u00f3w, kiedy to ca\u0142e plemiona poszukiwa\u0142y lepszej ziemi do osadnictwa. W \u015bredniowieczu, co prawda, nie by\u0142o granic mi\u0119dzypa\u0144stwowych, ale z powodu s\u0142abego rozwoju transportu i przywi\u0105zania do ziemi, zmiana miejsca zamieszkania by\u0142a bardzo trudna albo wr\u0119cz niemo\u017cliwa. W XIX wieku przed Brytyjczykami na wsch\u00f3d RPA uciekali Burowie. W XIX i XX wieku za chlebem uciekali z Europejczycy do Stan\u00f3w Zjednoczonych. Inne znaczenie mia\u0142y wielkie przerzucanie ca\u0142ych narod\u00f3w przez re\u017cimy totalitarne: carat, Stalina, Hitlera oraz zaraz po II wojnie \u015bwiatowej.<\/p>\r\n<p>Rozw\u00f3j transportu, a co za tym idzie coraz ni\u017csza jego cena (g\u0142\u00f3wnie lotniczego), otwarcie granic w ramach Uk\u0142adu z Schengen i mo\u017cliwo\u015b\u0107 legalnej pracy w innym kraju Unii Europejskiej spowodowa\u0142o, \u017ce Polacy i mieszka\u0144cy innych pa\u0144stw postkomunistycznych w poszukiwaniu lepszego \u017cycia zacz\u0119li masowo wyje\u017cd\u017ca\u0107 do Wielkiej Brytanii, Irlandii, Niemiec, Holandii czy Hiszpanii. Rumuni dla odmiany emigruj\u0105 za prac\u0105 g\u0142\u00f3wnie do W\u0142och. To Leszek Miller, \u00f3wczesny premier z SLD, rzuci\u0142 przed referendum akcesyjnym cyniczne has\u0142o, \u017ce nale\u017cy wchodzi\u0107 do Unii Europejskiej, bo b\u0119dziemy mogli pracowa\u0107 na Zachodzie. Zamiast budowa\u0107 dobrobyt w kraju emigranci nap\u0119dzaj\u0105 rozw\u00f3j gospodarczy pa\u0144stw obcych. Polacy po studiach zajmuj\u0105 si\u0119 wyk\u0142adaniem towar\u00f3w w angielskim Tesco, zrywaniem holenderskich tulipan\u00f3w czy nia\u0144czeniem francuskich dzieci i niemieckich starc\u00f3w. Przy okazji sam\u0105 swoj\u0105 obecno\u015bci\u0105 wywo\u0142uj\u0105 konflikty, jak w Holandii, gdzie ostatnio podpala si\u0119 polskie samochody, bo miejscowi uwa\u017caj\u0105, \u017ce przybysze z dzikiej Polski zabieraj\u0105 si\u0119 im prac\u0119.<\/p>\r\n<p>Jednak trzeba podkre\u015bli\u0107, \u017ce nikt tych os\u00f3b nie namawia\u0142 ani zmusza\u0142 do wyjazdu, to by\u0142a ich decyzja. &#8211; Z pracy w Anglii wynios\u0142em olbrzymie dowarto\u015bciowanie si\u0119 jako cz\u0142owieka &#8211; powiedzia\u0142 mi Polak, kt\u00f3ry kilka lat pracowa\u0142 pod Londynem. &#8211; Ale jeszcze bardziej wyobcowa\u0142em si\u0119 ze spo\u0142ecze\u0144stwa polskiego &#8211; doda\u0142. Ta druga konstatacja powinna da\u0107 do my\u015blenia naszym w\u0142adzom. Chi\u0144czycy s\u0105 jeszcze biedniejsi, a mimo to szukaj\u0105 szcz\u0119\u015bcia nie na emigracji, lecz w swoim kraju, ca\u0142ymi milionami przenosz\u0105c si\u0119 z wsi i ma\u0142ych miasteczek do du\u017cych miast, by pracowa\u0107 w fabrykach. Problem w tym, \u017ce polski i unijny system gospodarczy ma niewiele wsp\u00f3lnego z wolnym rynkiem, kt\u00f3ry zawsze niesie ze sob\u0105 dobrobyt. W zamian za to mamy wysokie podatki i szkodliwe regulacje, hamuj\u0105ce rozw\u00f3j.<\/p>\r\n<p>Oczywi\u015bcie niekt\u00f3rzy emigranci rzeczywi\u015bcie na ucieczce z Polski zyskali, ale wydaje si\u0119, \u017ce nie jest to korzystne z punktu widzenia zar\u00f3wno Polski jako kraju, jak i jako narodu. Mamy do czynienia z wyludnieniem nie tylko prowincji, ale nawet du\u017cych miast. Dla przyk\u0142adu ilo\u015b\u0107 mieszka\u0144c\u00f3w Katowic od 1987 roku zmniejszy\u0142a si\u0119 z oko\u0142o 370 tysi\u0119cy do oko\u0142o 300 tysi\u0119cy (prawie 19 procent!), a Sosnowca w latach 1990-2010 z 260 tysi\u0119cy na 218 tysi\u0119cy (prawie 16 procent)! W \u0141odzi przez ostatnie 22 lata uby\u0142o 120 tysi\u0119cy ludzi (prawie 14 procent)! Polki rodz\u0105 coraz mniej dzieci &#8211; jak podaje GUS, podczas gdy w 1990 roku urodzi\u0142y 550 tysi\u0119cy dzieci, to teraz rodz\u0105 oko\u0142o 400 tysi\u0119cy dzieci rocznie (391 tysi\u0119cy w 2011 roku).<\/p>\r\n<p>Emigracja powoduje, \u017ce cz\u0119sto dochodzi do rozpadu wi\u0119zi ma\u0142\u017ce\u0144skich, kiedy m\u0105\u017c jedzie do pracy i tam znajduje sobie drug\u0105 kobiet\u0119, albo \u017cona znajduje sobie w kraju drugiego m\u0119\u017cczyzn\u0119. Znane s\u0105 przypadki, \u017ce m\u0142ode Polki zwabione \u0142atwym pieni\u0105dzem prostytuuj\u0105 si\u0119 za granic\u0105. Sama Unia Europejska nasila trend emigracyjny, sprowadzaj\u0105c urz\u0119dnik\u00f3w do Brukseli z najodleglejszych zak\u0105tk\u00f3w Unii. Ci ludzie oderwani od swoich kraj\u00f3w i rodzin \u00a0maj\u0105 potem sami ze sob\u0105 problemy psychiczne. Szacunki m\u00f3wi\u0105, \u017ce mo\u017ce to dotyczy\u0107 nawet po\u0142owy unijnych urz\u0119dnik\u00f3w, czyli kilkudziesi\u0119ciu tysi\u0119cy ludzi, kt\u00f3rzy musz\u0105 coraz cz\u0119\u015bciej odwiedza\u0107 psychologa czy psychiatr\u0119!<\/p>\r\n<p>Ale nie mo\u017cna m\u00f3wi\u0107, \u017ce zmiana miejsca zamieszkania, niewa\u017cne z jakiego powodu, czy to za prac\u0105, czy z innych powod\u00f3w, jest niekorzystna. Amerykanie s\u0105 bardzo mobilnym spo\u0142ecze\u0144stwem w ramach jednak ich pa\u0144stwa, jak Chi\u0144czycy i wychodzi im to jak najbardziej na dobre. Tak\u017ce zmiana pracy kilka razy w ci\u0105gu \u017cycia nie jest czym\u015b z\u0142ym. Patologi\u0105 by\u0142a raczej sytuacja za PRL-u, kiedy Polacy od szko\u0142y do emerytury pracowali w jednym zak\u0142adzie czy urz\u0119dzie. Teraz niestety ten skansen pr\u00f3buj\u0105 jeszcze gdzieniegdzie utrwala\u0107 zwi\u0105zki zawodowe, ale pole ich manewru ca\u0142y czas si\u0119 kurczy w miar\u0119 wchodzenia rynku do kolejnych bran\u017c gospodarki.<\/p>\r\n<p><strong><em>Tomasz Cukiernik<\/em><\/strong><\/p>\r\n<p style=\"padding-left: 30px;\">Tomasz Cukiernik &#8211; prawnik, dziennikarz, podr\u00f3\u017cnik i fotograf. Doktorant na wydziale Ekonomii i Stosunk\u00f3w Mi\u0119dzynarodowych Uniwersytetu Ekonomicznego w Krakowie. Jest ekspertem wolnorynkowego Instytutu Globalizacji i wsp\u00f3\u0142pracuje z wolnorynkowym Instytutem Misesa. Jest autorem ksi\u0105\u017cki \u201ePrawicowa koncepcja pa\u0144stwa &#8211; doktryna i praktyka\u201d oraz wsp\u00f3\u0142autorem siedmiu tom\u00f3w podr\u00f3\u017cniczej serii \u201ePrzez \u015awiat\u201d. Na sta\u0142e wsp\u00f3\u0142pracuje z tygodnikiem \u201eNajwy\u017cszy CZAS!\u201d oraz miesi\u0119cznikiem \u201eOpcja na Prawo\u201d. Jego teksty ukaza\u0142y si\u0119 ponadto mi\u0119dzy innymi w \u201eRzeczpospolitej\u201d, \u201eWprost\u201d, \u201eNaszym Dzienniku\u201d, \u201eGlobtroterze\u201d. Szef dzia\u0142u polityczno-gospodarczych news\u00f3w z ca\u0142ego \u015bwiata na portalu korwin-mikke.pl. Zajmuje si\u0119 tak\u017ce redakcj\u0105 ksi\u0105\u017cek. Jego pasj\u0105 s\u0105 dalekie podr\u00f3\u017ce i w\u0119dr\u00f3wki g\u00f3rskie. Poza Europ\u0105 odwiedzi\u0142 mi\u0119dzy innymi Birm\u0119, Tajlandi\u0119, Kambod\u017c\u0119, Indie, Nepal, Wenezuel\u0119, Peru, Boliwi\u0119, Chile, Tunezj\u0119, Chiny, Now\u0105 Zelandi\u0119, Fid\u017ci, Gruzj\u0119 i Armeni\u0119. Prowadzi swoj\u0105 stron\u0119 internetow\u0105 www.tomaszcukiernik.pl<\/p>\r\n<blockquote>\r\n<p><strong>KOMENTARZ <em>BIBU\u0141Y<\/em><\/strong>: Zamieszczamy powy\u017cszy tekst g\u0142\u00f3wnie z uwagi na podane przyk\u0142ady, statystyk\u0119, liczby. Nie mo\u017cemy jednak zgodzi\u0107 si\u0119 ze stwierdzeniem, i\u017c &#8222;<em>nie mo\u017cna m\u00f3wi\u0107, \u017ce zmiana miejsca zamieszkania, niewa\u017cne z jakiego powodu, czy to za prac\u0105, czy z innych powod\u00f3w, jest niekorzystna<\/em>&#8222;. Ot\u00f3\u017c, z regu\u0142y zmiany tego rodzaju niszcz\u0105 lokaln\u0105 tkank\u0119 spo\u0142eczn\u0105, wi\u0119zy s\u0105siedzkie, nie m\u00f3wi\u0105c ju\u017c o niszczeniu rodziny. Owszem, takie tendecje s\u0105 korzystne dla pewnych grup: sprzyjaj\u0105 pracodawcom oraz tzw. inwestorom, czerpi\u0105cym zyski z wy\u017cszych profit\u00f3w (<em>ergo<\/em> zani\u017caj\u0105c zarobki pracownik\u00f3w). Innymi s\u0142owy: s\u0105 preferowane w gospodarce globalnej (w skali czy to regionu, pa\u0144stwa, unii pa\u0144stw, czy ca\u0142ego globu). Nie zawsze jednak statystycznie mierzony tzw. rozw\u00f3j gospodarki przek\u0142ada si\u0119 na dobrobyt pracownik\u00f3w (przyk\u0142ad\u00f3w nie trzeba daleko szuka\u0107, wystarczy spojrze\u0107 na oficjalne statystki III RP i jej ubo\u017cej\u0105cych obywateli).<\/p>\r\n<p>R\u00f3wnie\u017c nie mo\u017cna si\u0119 zgodzi\u0107 z niczym nie popartym i arbitralnym stwierdzeniem, \u017ce &#8222;<em>Patologi\u0105 by\u0142a raczej sytuacja za PRL-u, kiedy Polacy od szko\u0142y do emerytury pracowali w jednym zak\u0142adzie czy urz\u0119dzie.<\/em>&#8221; To, \u017ce cz\u0142owiek w jednym, dobrze urz\u0105dzonym i zorganizowanym miejscu, zdobywa kwalifikacje, potem je latami szlifuje by pod koniec \u017cycia przekaza\u0107 swoje do\u015bwiadczenie m\u0142odszym uczniom &#8211; nie jest nie tylko naganne (&#8222;<em>patologia<\/em>&#8222;), lecz wr\u0119cz powinno by\u0107 modelem funkcjonowania zdrowej gospodarki stworzonej dla dobra jej podmiot\u00f3w, a nie dla korzy\u015bci w\u0105skiej grupki spekulant\u00f3w, &#8222;inwestor\u00f3w&#8221; i chronionych przez patologiczne prawo kryminalist\u00f3w. A to, \u017ce w PRL-u miejsca pracy nie by\u0142y odpowiednio zorganizowane i kierowane nie \u015bwiadczy, \u017ce nale\u017cy odrzuci\u0107 wszystko i zacz\u0105\u0107 z drugiej, ekstremalnej strony. Bo ona te\u017c prowadzi na manowce.<\/p>\r\n<\/blockquote>","protected":false},"excerpt":{"rendered":"Wiele czynnik\u00f3w spowodowa\u0142o, \u017ce coraz wi\u0119cej ludzi zmienia miejsce zamieszkania i \u017cycia. Po pierwsze, coraz wi\u0119ksza \u0142atwo\u015b\u0107 w podr\u00f3\u017cowaniu. Po drugie, otwarte granice. Po trzecie, ch\u0119\u0107 polepszenia swojego bytu. Jednak nie jest to zjawisko nowe. Ju\u017c w staro\u017cytno\u015bci dochodzi\u0142o do w\u0119dr\u00f3wek lud\u00f3w, kiedy to ca\u0142e plemiona poszukiwa\u0142y lepszej ziemi do osadnictwa. W \u015bredniowieczu, co prawda, [&hellip;]","protected":false},"author":1,"featured_media":0,"comment_status":"closed","ping_status":"closed","sticky":false,"template":"","format":"standard","meta":{"_acf_changed":false,"_monsterinsights_skip_tracking":false,"_monsterinsights_sitenote_active":false,"_monsterinsights_sitenote_note":"","_monsterinsights_sitenote_category":0,"ngg_post_thumbnail":0,"footnotes":"","_wp_rev_ctl_limit":""},"categories":[9],"tags":[23,106,92,81],"acf":[],"_links":{"self":[{"href":"https:\/\/www.bibula.com\/index.php?rest_route=\/wp\/v2\/posts\/54379"}],"collection":[{"href":"https:\/\/www.bibula.com\/index.php?rest_route=\/wp\/v2\/posts"}],"about":[{"href":"https:\/\/www.bibula.com\/index.php?rest_route=\/wp\/v2\/types\/post"}],"author":[{"embeddable":true,"href":"https:\/\/www.bibula.com\/index.php?rest_route=\/wp\/v2\/users\/1"}],"replies":[{"embeddable":true,"href":"https:\/\/www.bibula.com\/index.php?rest_route=%2Fwp%2Fv2%2Fcomments&post=54379"}],"version-history":[{"count":0,"href":"https:\/\/www.bibula.com\/index.php?rest_route=\/wp\/v2\/posts\/54379\/revisions"}],"wp:attachment":[{"href":"https:\/\/www.bibula.com\/index.php?rest_route=%2Fwp%2Fv2%2Fmedia&parent=54379"}],"wp:term":[{"taxonomy":"category","embeddable":true,"href":"https:\/\/www.bibula.com\/index.php?rest_route=%2Fwp%2Fv2%2Fcategories&post=54379"},{"taxonomy":"post_tag","embeddable":true,"href":"https:\/\/www.bibula.com\/index.php?rest_route=%2Fwp%2Fv2%2Ftags&post=54379"}],"curies":[{"name":"wp","href":"https:\/\/api.w.org\/{rel}","templated":true}]}}