{"id":54332,"date":"2012-03-28T14:17:26","date_gmt":"2012-03-28T19:17:26","guid":{"rendered":"http:\/\/www.bibula.com\/?p=54332"},"modified":"2012-03-28T14:26:36","modified_gmt":"2012-03-28T19:26:36","slug":"ktos-na-tutaj-robi-w-konia","status":"publish","type":"post","link":"https:\/\/www.bibula.com\/?p=54332","title":{"rendered":"Kto\u015b nas tutaj robi w konia!"},"content":{"rendered":"<p>W po\u0142owie lat 70, kiedy ko\u0144czy\u0142em 8 letni\u0105 podstaw\u00f3wk\u0119, nie mia\u0142em jeszcze 15 lat. Wybierali\u015bmy szko\u0142y do dalszego kszta\u0142cenia. Cz\u0119\u015b\u0107 koleg\u00f3w w tym i ja posz\u0142a do technik\u00f3w i lice\u00f3w og\u00f3lnokszta\u0142c\u0105cych. Prawie po\u0142owa mojej \u00f3smej klasy posz\u0142a do trzyletniej szko\u0142y zawodowej, przy du\u017cym zak\u0142adzie produkcyjnym (20 tysi\u0119cy zatrudnionych).<\/p>\r\n<p>Jak wygl\u0105da\u0142o kszta\u0142cenie w tej szkole ucz\u0105cej generalnie obr\u00f3bki stali na r\u00f3\u017cnych maszynach?<\/p>\r\n<p>We wrze\u015bniu moi koledzy podpisali umow\u0119 o prac\u0119 z zak\u0142adem i dostali nr ewidencyjny. Ich kszta\u0142cenie polega\u0142o na tym, \u017ce na tydzie\u0144 trzy dni si\u0119 uczyli w szkole, a 3 dni mieli tak zwanych warsztat\u00f3w. Gdy ju\u017c si\u0119 co\u015b poduczyli, pracowali na wydzia\u0142ach produkcyjnych. Niekt\u00f3rzy produkowali na warsztatach szkolnych znane i cenione urz\u0105dzenia do si\u0142owych \u0107wicze\u0144 zwane Atlasami. Wakacji mieli z tego, co pami\u0119tam miesi\u0105c.<\/p>\r\n<p>Mo\u017cna powiedzie\u0107, \u017ce w szkole zawodowej, tak naprawd\u0119 to pracowali od 15 roku \u017cycia. Po zako\u0144czeniu szko\u0142y zawodowej zostawali automatycznie przyjmowani do pracy na wydziale. Niekt\u00f3rzy kontynuowali nauk\u0119 w 3 letnim technikum. Swego czasu szko\u0142y zawodowe kszta\u0142ci\u0142y blisko po\u0142ow\u0119 absolwent\u00f3w szk\u00f3\u0142 podstawowych. Tyle tytu\u0142em wst\u0119pu. A, i jeszcze jedno, wi\u0119kszo\u015b\u0107 mia\u0142a dwuletni epizod w \u017cyciu zwany zasadnicz\u0105 s\u0142u\u017cb\u0105 wojskow\u0105.<\/p>\r\n<p>Jak to ma si\u0119 w liczbach? Kandydat (facet) na emeryta m\u00f3j rocznik 60, dzisiaj ma 52 lata. <strong>Zacz\u0105\u0142 prac\u0119 w 15 roku \u017cycia, do emerytury w wieku lat 65 przepracuje efektywnie 50 lat!<\/strong> Niech mi kto\u015b wyt\u0142umaczy jak w takim przypadku, te dodatkowe dwa lata mo\u017ce wp\u0142yn\u0105\u0107 znacz\u0105co na jego wysoko\u015b\u0107 emerytury?<\/p>\r\n<p>Wrzucam dane w EXCELA i ni jak mi to nie wychodzi. Bo te dwa lata to tylko 4% wi\u0119cej. Jak te 4% prze\u0142o\u017cy si\u0119 na du\u017co wi\u0119ksz\u0105 emerytur\u0119? Nie bardzo \u0142api\u0119, no ale ja w liceum uczy\u0142em si\u0119 niezreformowanej matematyki. Zapytam, ile od\u0142o\u017cy\u0142 na swoj\u0105 emerytur\u0119 pu\u0142kownik Przyby\u0142, aby pobiera\u0107 te 6 tysi\u0119cy z\u0142otych w wieku 41 lat. Co\u015b si\u0119 to nie da posk\u0142ada\u0107<\/p>\r\n<p>Tak jak to przed laty \u015bpiewa\u0142 Wojciech M\u0142ynarski w piosence &#8222;Pucel&#8221;:<\/p>\r\n<blockquote>\r\n<p>Po co my tu g\u0142\u00f3wkujemy,<br \/> wyt\u0119\u017camy si\u0119 od nowa,<br \/> po co dopasowujemy,<br \/> jak si\u0119 nie da dopasowa\u0107?!<\/p>\r\n<\/blockquote>\r\n<p><strong><em>Mariusz Wi\u0105cek<\/em><\/strong><\/p>","protected":false},"excerpt":{"rendered":"W po\u0142owie lat 70, kiedy ko\u0144czy\u0142em 8 letni\u0105 podstaw\u00f3wk\u0119, nie mia\u0142em jeszcze 15 lat. Wybierali\u015bmy szko\u0142y do dalszego kszta\u0142cenia. Cz\u0119\u015b\u0107 koleg\u00f3w w tym i ja posz\u0142a do technik\u00f3w i lice\u00f3w og\u00f3lnokszta\u0142c\u0105cych. Prawie po\u0142owa mojej \u00f3smej klasy posz\u0142a do trzyletniej szko\u0142y zawodowej, przy du\u017cym zak\u0142adzie produkcyjnym (20 tysi\u0119cy zatrudnionych). Jak wygl\u0105da\u0142o kszta\u0142cenie w tej szkole ucz\u0105cej [&hellip;]","protected":false},"author":1,"featured_media":0,"comment_status":"closed","ping_status":"closed","sticky":false,"template":"","format":"standard","meta":{"_acf_changed":false,"_monsterinsights_skip_tracking":false,"_monsterinsights_sitenote_active":false,"_monsterinsights_sitenote_note":"","_monsterinsights_sitenote_category":0,"ngg_post_thumbnail":0,"footnotes":"","_wp_rev_ctl_limit":""},"categories":[9],"tags":[92,81],"acf":[],"_links":{"self":[{"href":"https:\/\/www.bibula.com\/index.php?rest_route=\/wp\/v2\/posts\/54332"}],"collection":[{"href":"https:\/\/www.bibula.com\/index.php?rest_route=\/wp\/v2\/posts"}],"about":[{"href":"https:\/\/www.bibula.com\/index.php?rest_route=\/wp\/v2\/types\/post"}],"author":[{"embeddable":true,"href":"https:\/\/www.bibula.com\/index.php?rest_route=\/wp\/v2\/users\/1"}],"replies":[{"embeddable":true,"href":"https:\/\/www.bibula.com\/index.php?rest_route=%2Fwp%2Fv2%2Fcomments&post=54332"}],"version-history":[{"count":0,"href":"https:\/\/www.bibula.com\/index.php?rest_route=\/wp\/v2\/posts\/54332\/revisions"}],"wp:attachment":[{"href":"https:\/\/www.bibula.com\/index.php?rest_route=%2Fwp%2Fv2%2Fmedia&parent=54332"}],"wp:term":[{"taxonomy":"category","embeddable":true,"href":"https:\/\/www.bibula.com\/index.php?rest_route=%2Fwp%2Fv2%2Fcategories&post=54332"},{"taxonomy":"post_tag","embeddable":true,"href":"https:\/\/www.bibula.com\/index.php?rest_route=%2Fwp%2Fv2%2Ftags&post=54332"}],"curies":[{"name":"wp","href":"https:\/\/api.w.org\/{rel}","templated":true}]}}