{"id":54307,"date":"2012-03-28T21:12:22","date_gmt":"2012-03-29T02:12:22","guid":{"rendered":"http:\/\/www.bibula.com\/?p=54307"},"modified":"2012-03-28T13:12:49","modified_gmt":"2012-03-28T18:12:49","slug":"rzym-konserwatywni-luteranie-pomijani-w-%e2%80%9edialogu-ekumenicznym%e2%80%9d","status":"publish","type":"post","link":"https:\/\/www.bibula.com\/?p=54307","title":{"rendered":"Rzym: Konserwatywni luteranie pomijani w \u201edialogu ekumenicznym&#8221;"},"content":{"rendered":"<p><strong>W ostatnich dniach lutego grupa 25 teolog\u00f3w lutera\u0144skich z\u00a0Niemiec, Skandynawii i\u00a0kraj\u00f3w ba\u0142tyckich spotka\u0142a si\u0119 w\u00a0Rzymie z\u00a0przedstawicielami Papieskiej Rady ds. Popierania Jedno\u015bci Chrze\u015bcijan i\u00a0Kongregacji Nauki Wiary.<\/strong><\/p>\r\n<table class=\"outset\" style=\"width: 159px; height: 179px;\" align=\"left\">\r\n<tbody>\r\n<tr>\r\n<td><a href=\"http:\/\/news.fsspx.pl\/wp-content\/uploads\/Prof.-dr-Piotr-Beyerhaus-honorowy-przewodnicz%C4%85cy-zrzeszaj%C4%85cej-konserwatywnych-luteran%C3%B3w-Mi%C4%99dzynarodowej-Konferencji-Wsp%C3%B3lnot-Wyznaj%C4%85cych1.jpg\"><img decoding=\"async\" title=\"Prof. dr Piotr Beyerhaus, honorowy przewodnicz\u0105cy zrzeszaj\u0105cej konserwatywnych luteran\u00f3w Mi\u0119dzynarodowej Konferencji Wsp\u00f3lnot Wyznaj\u0105cych\" src=\"http:\/\/news.fsspx.pl\/wp-content\/uploads\/Prof.-dr-Piotr-Beyerhaus-honorowy-przewodnicz%C4%85cy-zrzeszaj%C4%85cej-konserwatywnych-luteran%C3%B3w-Mi%C4%99dzynarodowej-Konferencji-Wsp%C3%B3lnot-Wyznaj%C4%85cych1-150x150.jpg\" alt=\"Prof. dr Piotr Beyerhaus, honorowy przewodnicz\u0105cy zrzeszaj\u0105cej konserwatywnych luteran\u00f3w Mi\u0119dzynarodowej Konferencji Wsp\u00f3lnot Wyznaj\u0105cych\" width=\"150\" height=\"150\" \/><\/a><\/td>\r\n<\/tr>\r\n<tr>\r\n<td>\r\n<p class=\"zrodlo\">Prof. dr Piotr Beyerhaus, honorowy przewodnicz\u0105cy IKBG\/ICN<\/p>\r\n<\/td>\r\n<\/tr>\r\n<\/tbody>\r\n<\/table>\r\n<p>Celem spotkanie by\u0142o wys\u0142uchanie w\u00a0Rzymie g\u0142osu konserwatywnych luteran\u00f3w, zwi\u0105zanych z\u00a0nurtami swego wyznania okre\u015blanymi mianem \u201estaroluteranizmu\u201d i\u00a0\u201eruchu wysokoko\u015bcielnego\u201d, kt\u00f3rzy \u201d\u201d jak zauwa\u017cy\u0142 prof. Piotr Beyer\u00adhaus, honorowy przewodnicz\u0105cy lutera\u0144skiej Mi\u0119dzynarodowej Konferencji Wsp\u00f3lnot Wyznaj\u0105cych (IKBG\/ICN) \u201d\u201d w\u00a0rozmowach mi\u0119dzy Rzymem a\u00a0protestanckimi \u201eKo\u015bcio\u0142ami\u201d urz\u0119dowymi s\u0105 reprezentowani w\u00a0bardzo ograniczonym stopniu, w\u00a0odr\u00f3\u017cnieniu od tych wsp\u00f3lnot protestanckich, kt\u00f3re ze wzgl\u0119du na uleganie tendencjom liberalnym w\u00a0kwestiach doktryny i\u00a0etyki prze\u017cywaj\u0105 g\u0142\u0119boki kryzys.<\/p>\r\n<p>Cz\u0142onkom delegacji ewangelic\u00adkiej zale\u017ca\u0142o na podkre\u015bleniu istnienia wielu element\u00f3w \u0142\u0105cz\u0105cych zbory lutera\u0144skie i\u00a0Ko\u015bci\u00f3\u0142 katolicki, kt\u00f3re przetrwa\u0142y reformacj\u0119 i\u00a0mog\u0105 tworzy\u0107 podstaw\u0119 do dawania wsp\u00f3lnego \u015bwiadectwa wobec laicyzuj\u0105cego si\u0119 \u015bwiata Zachodu. Dialog, kt\u00f3ry obie strony uwa\u017caj\u0105 za bardzo owocny, powinien by\u0107 kontynuowany \u201d\u201d m\u00f3wi\u0142 prof. Beyer\u00adhaus. W\u00a0spotkaniu wzi\u0105\u0142 r\u00f3wnie\u017c udzia\u0142 pastor Ulryk R\u00fc\u00c3\u0178, obecny prezydent IKBG\/INC, b\u0119d\u0105cy czo\u0142owym reprezentantem lutera\u0144skich konserwatyst\u00f3w w\u00a0\u201eKo\u015bciele Ewangelickim w\u00a0Niemczech\u201d.<\/p>\r\n<p>6 marca br. prof. Beyerhaus wyg\u0142osi\u0142 w\u00a0seminarium duchownym Bractwa Kap\u0142a\u0144skiego \u015aw. Piusa\u00a0X w\u00a0bawarskim Zaitzkofen wyk\u0142ad zatytu\u0142owany Zasady i\u00a0praktyka dialogu mi\u0119dzyreligijnego, w\u00a0kt\u00f3rym m\u00f3wi\u0142 o\u00a0niszcz\u0105cych skutkach posoborowego ekumenizmu. Warto w\u00a0tym kontek\u015bcie przypomnie\u0107 s\u0142owa bp. Bernarda Fellaya, prze\u0142o\u017conego generalnego FSSPX, kt\u00f3re pad\u0142y w\u00a0niedawno udzielonym wywiadzie dla tygodnika \u201eUwa\u017cam Rze\u201d: \u201eJe\u015bli m\u00f3wi si\u0119, \u017ce jeste\u015bmy przeciwko ekumenizmowi, to nie oznacza, i\u017c jeste\u015bmy przeciwko jedno\u015bci chrze\u015bcijan \u201d\u201d m\u00f3wi\u0142 bp Fellay. \u201d\u201d My tylko krytykujemy \u015brodki, jakie maj\u0105 do tego prowadzi\u0107. (\u2026) Nie jeste\u015bmy przeciw dyskusjom. To dobry \u015brodek prowadz\u0105cy do jedno\u015bci. Nie mo\u017cemy jednak zgodzi\u0107 si\u0119 na zmian\u0119 depozytu wiary. Mo\u017ce si\u0119 pan zdziwi, ale na przyk\u0142ad w\u00a0krajach ba\u0142tyckich utrzymujemy kontakt z\u00a0konserwatywnymi pastorami lutera\u0144skimi, kt\u00f3rzy s\u0105 zaniepokojeni post\u0119pem progresizmu w\u00a0ich wsp\u00f3lnotach. Nie oznacza to jednak, \u017ce jeste\u015bmy z\u00a0nimi we wsp\u00f3lnocie. Prawdziwa jedno\u015b\u0107 mo\u017ce si\u0119 dokona\u0107 jedynie na gruncie wsp\u00f3lnej wiary. Na fundamencie prawdy. Inne sposoby dochodzenia do jedno\u015bci nie maj\u0105 nic wsp\u00f3lnego z\u00a0wiar\u0105\u201d.<\/p>\r\n<table class=\"outset\" style=\"width: 239px; height: 329px;\" align=\"left\">\r\n<tbody>\r\n<tr>\r\n<td><a href=\"http:\/\/news.fsspx.pl\/wp-content\/uploads\/Ks.-Stefan-Sandmark-FSSPX-udziela-wiernym-prymicyjnego-b%C5%82ogos%C5%82awie%C5%84stwa.jpg\"><img fetchpriority=\"high\" decoding=\"async\" title=\"Ks. Stefan Sandmark FSSPX udziela wiernym prymicyjnego b\u0142ogos\u0142awie\u0144stwa\" src=\"http:\/\/news.fsspx.pl\/wp-content\/uploads\/Ks.-Stefan-Sandmark-FSSPX-udziela-wiernym-prymicyjnego-b%C5%82ogos%C5%82awie%C5%84stwa-224x300.jpg\" alt=\"Ks. Stefan Sandmark FSSPX udziela wiernym prymicyjnego b\u0142ogos\u0142awie\u0144stwa\" width=\"224\" height=\"300\" \/><\/a><\/td>\r\n<\/tr>\r\n<tr>\r\n<td>\r\n<p class=\"zrodlo\">Ks. Stefan Sandmark FSSPX udziela wiernym prymicyjnego b\u0142ogos\u0142awie\u0144stwa<\/p>\r\n<\/td>\r\n<\/tr>\r\n<\/tbody>\r\n<\/table>\r\n<p>Jednym z owoc\u00f3w podobnych \u201eekumenicznych inicjatyw\u201d Bract\u00adwa jest konwersja lutera\u0144skiego pastora Stefana Sandmarka z \u201eLutera\u0144skiego Ko\u015bcio\u0142a Szwecji\u201d. Pastor Sandmark w 2006\u00a0r. z\u0142o\u017cy\u0142 katolickie wyznanie wiary i po czterech latach studi\u00f3w teologicznych w seminarium FSSPX przyj\u0105\u0142 \u015bwi\u0119cenia kap\u0142a\u0144skie z r\u0105k bp. B. Fellaya.<\/p>\r\n<p>Mianem starolutera\u0144skich okre\u015bla si\u0119 wsp\u00f3lnoty, kt\u00f3re wyodr\u0119bni\u0142y si\u0119 w\u00a0XIX wieku po po\u0142\u0105czeniu \u201eKo\u015bcio\u0142\u00f3w\u201d lutera\u0144skiego i\u00a0kalwi\u0144skiego w\u00a0Prusach w\u00a0jeden \u201eKo\u015bci\u00f3\u0142 unijny\u201d. Cz\u0119\u015b\u0107 luteran\u00f3w sprzeciwi\u0142a si\u0119 narzuconej przez kr\u00f3la Prus unifikacji, pozostaj\u0105c wierna nauce i\u00a0tradycji czysto lutera\u0144skiej. Staroluteranizm jest nurtem konserwatywnym, sprzeciwiaj\u0105cym si\u0119 wyst\u0119puj\u0105cym w\u00a0\u201eKo\u015bcio\u0142ach\u201d lutera\u0144skich tendencjom liberalnym. Poza terenem Niemiec \u201eKo\u015bcio\u0142y\u201d starolutera\u0144skie s\u0105 obecne przede wszystkim na terenie USA i\u00a0Australii. Natomiast \u201eruch wysokoko\u015bcielny\u201d podkre\u015bla konieczno\u015b\u0107 zachowania wierno\u015bci lutera\u0144skiej nauce o\u00a0usprawiedliwieniu z\u00a0\u0142aski przez wiar\u0119, wierno\u015b\u0107 \u201d\u201d w\u00a0rozumieniu luteran \u201d\u201d nauce Pisma \u015bw. i\u00a0ksi\u0105g wyznaniowych (symbolicznych), poszanowaniu nauki o\u00a0\u201eSakramencie O\u0142tarza i\u00a0Wieczerzy Pa\u0144skiej\u201d, urz\u0119du duszpasterskiego i\u00a0spowiedzi (tak\u017ce osobistej) oraz pog\u0142\u0119bionego \u017cycia liturgicznego, w\u00a0ramach kt\u00f3rego jest praktykowana cz\u0119sta, nawet codzienna \u201ekomunia \u015bw.\u201d wynikaj\u0105ca z\u00a0wiary w\u00a0realn\u0105 i\u00a0substancjaln\u0105 obecno\u015b\u0107 Cia\u0142a i\u00a0Krwi Pa\u0144skiej w\u00a0chlebie i\u00a0winie w\u00a0momencie sprawowania liturgii (tzw. konsubstancjacja). Nabo\u017ce\u0144stwo w\u00a0luteranizmie \u201ewysokoko\u015bcielnym\u201d jest nazywane \u201ewielk\u0105 msz\u0105\u201d (szczeg\u00f3lnie w\u00a0Skandynawii) i\u00a0posiada pewne elementy wsp\u00f3lne z\u00a0Msz\u0105 katolick\u0105 (\u015bpiew, szaty liturgiczne, kadzid\u0142o) wynikaj\u0105ce z\u00a0przekonania, \u017ce \u201eMarcin Luter nie zni\u00f3s\u0142 Mszy, ale j\u0105 udoskonali\u0142\u201d.<\/p>\r\n<p>(\u017ar\u00f3d\u0142a: piusbruder\u00adschaft.de, konfesyjni.pl, \u201eUwa\u017cam Rze\u201d, 14 i\u00a019 marca 2012).<\/p>","protected":false},"excerpt":{"rendered":"W ostatnich dniach lutego grupa 25 teolog\u00f3w lutera\u0144skich z\u00a0Niemiec, Skandynawii i\u00a0kraj\u00f3w ba\u0142tyckich spotka\u0142a si\u0119 w\u00a0Rzymie z\u00a0przedstawicielami Papieskiej Rady ds. Popierania Jedno\u015bci Chrze\u015bcijan i\u00a0Kongregacji Nauki Wiary. Prof. dr Piotr Beyerhaus, honorowy przewodnicz\u0105cy IKBG\/ICN Celem spotkanie by\u0142o wys\u0142uchanie w\u00a0Rzymie g\u0142osu konserwatywnych luteran\u00f3w, zwi\u0105zanych z\u00a0nurtami swego wyznania okre\u015blanymi mianem \u201estaroluteranizmu\u201d i\u00a0\u201eruchu wysokoko\u015bcielnego\u201d, kt\u00f3rzy \u201d\u201d jak zauwa\u017cy\u0142 prof. Piotr [&hellip;]","protected":false},"author":1,"featured_media":0,"comment_status":"closed","ping_status":"closed","sticky":false,"template":"","format":"standard","meta":{"_acf_changed":false,"_monsterinsights_skip_tracking":false,"_monsterinsights_sitenote_active":false,"_monsterinsights_sitenote_note":"","_monsterinsights_sitenote_category":0,"ngg_post_thumbnail":0,"footnotes":"","_wp_rev_ctl_limit":""},"categories":[3],"tags":[41],"acf":[],"_links":{"self":[{"href":"https:\/\/www.bibula.com\/index.php?rest_route=\/wp\/v2\/posts\/54307"}],"collection":[{"href":"https:\/\/www.bibula.com\/index.php?rest_route=\/wp\/v2\/posts"}],"about":[{"href":"https:\/\/www.bibula.com\/index.php?rest_route=\/wp\/v2\/types\/post"}],"author":[{"embeddable":true,"href":"https:\/\/www.bibula.com\/index.php?rest_route=\/wp\/v2\/users\/1"}],"replies":[{"embeddable":true,"href":"https:\/\/www.bibula.com\/index.php?rest_route=%2Fwp%2Fv2%2Fcomments&post=54307"}],"version-history":[{"count":0,"href":"https:\/\/www.bibula.com\/index.php?rest_route=\/wp\/v2\/posts\/54307\/revisions"}],"wp:attachment":[{"href":"https:\/\/www.bibula.com\/index.php?rest_route=%2Fwp%2Fv2%2Fmedia&parent=54307"}],"wp:term":[{"taxonomy":"category","embeddable":true,"href":"https:\/\/www.bibula.com\/index.php?rest_route=%2Fwp%2Fv2%2Fcategories&post=54307"},{"taxonomy":"post_tag","embeddable":true,"href":"https:\/\/www.bibula.com\/index.php?rest_route=%2Fwp%2Fv2%2Ftags&post=54307"}],"curies":[{"name":"wp","href":"https:\/\/api.w.org\/{rel}","templated":true}]}}