{"id":54120,"date":"2012-03-25T19:27:19","date_gmt":"2012-03-26T00:27:19","guid":{"rendered":"http:\/\/www.bibula.com\/?p=54120"},"modified":"2012-03-25T19:27:19","modified_gmt":"2012-03-26T00:27:19","slug":"meksyk-in-hoc-signo-vinces-jacek-bartyzel","status":"publish","type":"post","link":"https:\/\/www.bibula.com\/?p=54120","title":{"rendered":"Meksyk: In hoc signo vinces! &#8211; <em>Jacek Bartyzel<\/em>"},"content":{"rendered":"<p><span style=\"font-size: small;\"><strong style=\"font-size: small;\">Media, jak zwykle, wytwarzaj\u0105 szum (dez)informacyjny wobec kolejnej pielgrzymki papieskiej do Meksyku i na Kub\u0119, to znaczy podaj\u0105 setki oboj\u0119tnych szczeg\u00f3\u0142\u00f3w, nie zwracaj\u0105c uwagi na to, co naprawd\u0119 istotne i maj\u0105ce wag\u0119 symbolu. Tymczasem, kulminacyjnym momentem wizyty Benedykta XVI w Meksyku ma by\u0107 Msza \u015bw. odprawiona w niedziel\u0119 25 marca na g\u0142\u00f3wnym placu miasta przed katedr\u0105 w Le\u00f3n &#8211; stolicy stanu Guanajuato.<\/strong><\/span><\/p>\r\n<p><span style=\"font-size: small;\"><strong>W trakcie Mszy \u015bw. Ojciec \u015awi\u0119ty ma dokona\u0107 po\u015bwi\u0119cenia nowego muralu, czyli wielkiego malowid\u0142a \u015bciennego, upami\u0119tniaj\u0105cego ofiary tzw. rzezi z Le\u00f3n (<em>matanza de Le\u00f3n<\/em>) 2 stycznia 1946 roku.<\/strong> <br \/><\/span><\/p>\r\n<p><span style=\"font-size: small;\">Bezpo\u015brednim powodem <em>matanza de Le\u00f3n<\/em> by\u0142 protest przeciwko sfa\u0142szowaniu (notorycznemu zreszt\u0105 w porewolucyjnym Meksyku) wybor\u00f3w lokalnych. Demonstracj\u0119 zorganizowali synarchi\u015bci zrzeszeni w Zwi\u0105zku Obywatelskim Leonu, lecz nie chodzi\u0142o w niej jedynie o ten akt fa\u0142szerstwa, gdy\u017c by\u0142a ona kolejnym przejawem walki o zniesienie antykatolickiego ustawodawstwa, na czele z konstytucj\u0105 zabraniaj\u0105c\u0105 m.in. nauczania religii oraz jakichkolwiek form politycznego zrzeszania si\u0119 katolik\u00f3w. Przeciwko nieuzbrojonym manifestantom gubernator wys\u0142a\u0142 wojsko, kt\u00f3re otworzy\u0142o ogie\u0144 (b\u0119d\u0105c wyposa\u017cone w najnowocze\u015bniejsze w tej epoce karabiny maszynowe Thompson). Od kul zgin\u0119\u0142o ponad 50 os\u00f3b (w wi\u0119kszo\u015bci kobiet i dzieci) a rannych zosta\u0142o ponad 500. Wi\u0119cej ni\u017c 80 procent ofiar zgin\u0119\u0142o od postrza\u0142\u00f3w w plecy, co jest oczywistym dowodem, i\u017c demonstranci nie atakowali wojska, tylko przed nim uciekali. <br \/><\/span><\/p>\r\n<p><span style=\"font-size: small;\">Ten najkrwawszy epizod wie\u0144czy\u0142 m\u0119cze\u0144skim laurem dziewi\u0119\u0107 ju\u017c lat walki synarchistycznej (<em>lucha sinarquica<\/em>) o Narodowe Pa\u0144stwo Katolickie, rozpocz\u0119tej w\u0142a\u015bnie w Le\u00f3n, gdzie 23 maja 1937 roku 137 m\u0142odych ludzi, nale\u017c\u0105cych (za wiedz\u0105 i aprobat\u0105 hierarchii) do podziemnej organizacji katolickiej Baza, za\u0142o\u017cy\u0142o Narodowy Zwi\u0105zek Synarchistyczny (<em>Uni\u00f3n Nacional Sinarquista<\/em>). Umundurowany i zdyscyplinowany, ale nie uzbrojony, prowadz\u0105cy walk\u0119 cywiln\u0105, przepojony mistycznym \u017carem gotowo\u015bci do z\u0142o\u017cenia ofiary \u017cycia w obronie wiary i ojczyzny (faktycznie zgin\u0119\u0142o ich do pocz\u0105tku lat 40. ponad 300), swoje apogeum UNS osi\u0105gn\u0105\u0142 w latach 1940-1941, kiedy liczb\u0119 jego cz\u0142onk\u00f3w szacowano na oko\u0142o p\u00f3\u0142 miliona. Przewodzi\u0142 mu w\u00f3wczas charyzmatyczny Salvador Abascal, kt\u00f3ry wcze\u015bniej, w 1938 roku, poprowadzi\u0142 synarchist\u00f3w do zwyci\u0119skiej walki o przywr\u00f3cenie kultu katolickiego w ostatnim stanie, w kt\u00f3rym jeszcze by\u0142 on urz\u0119dowo zabroniony, czyli w Tabasco. <br \/><\/span><\/p>\r\n<p><span style=\"font-size: small;\">Lecz nie koniec na tym, bo stan Guanajuato &#8211; zaliczany wraz ze stanami Michoac\u00e1n, Jalisco i Quer\u00c3\u00a9taro do tzw. regionu Baj\u00c3\u00ado, najdog\u0142\u0119bniej schrystianizowanej cz\u0119\u015bci Meksyku &#8211; jest tak\u017ce miejscem, w kt\u00f3rym 29 wrze\u015bnia 1926 roku rozpocz\u0119\u0142a si\u0119 <em>guerra cristiada<\/em> &#8211; powstanie pod has\u0142em <em>\u00a1Viva Cristo Rey!<\/em> a przeciwko liberalno-maso\u0144skiej tyranii Callesa; rozpocz\u0105\u0142 je burmistrz miasteczka P\u00c3\u00a9njamo w tym stanie &#8211; Luis Navarro Origel, opanowuj\u0105c je zbrojnie. I o tym nie zapomni Ojciec \u015awi\u0119ty, w kt\u00f3rego planie pielgrzymkowym jest pok\u0142onienie si\u0119 u st\u00f3p &#8211; upami\u0119tniaj\u0105cego walk\u0119 <em>cristeros<\/em> &#8211; gigantycznego pomnika na G\u00f3rze Chrystusa Kr\u00f3la (<em>Monta\u00c3\u00b1a de Cristo Rey<\/em>) w sanktuarium <em>Cerro del Cubilete<\/em> 2 579 metr\u00f3w ponad poziomem morza w pobli\u017cu miejscowo\u015bci Silao. Trudno przypuszcza\u0107, aby Benedykt XVI wspomnia\u0142 przy tym &#8211; ale by\u0107 mo\u017ce przyjdzie mu to chocia\u017c na my\u015bl &#8211; o strasznym b\u0142\u0119dzie swojego poprzednika, Piusa XI, kt\u00f3ry nakaza\u0142 <em>cristeros<\/em> z\u0142o\u017cy\u0107 bro\u0144 i przyj\u0105\u0107 oszuka\u0144cze <em>arreglos<\/em> (uk\u0142ady) jakobi\u0144skiego rz\u0105du z Episkopatem, zaaran\u017cowane przez ambasadora ameryka\u0144skiego, po kt\u00f3rych bezbronni ju\u017c powsta\u0144cy zostali w du\u017cej cz\u0119\u015bci wymordowani, a Ko\u015bci\u00f3\u0142 meksyka\u0144ski znalaz\u0142 si\u0119 w nast\u0119pnym dziesi\u0119cioleciu na kraw\u0119dzi zag\u0142ady. <br \/><\/span><\/p>\r\n<p><span style=\"font-size: small;\">W ka\u017cdym b\u0105d\u017a razie to, co stanie si\u0119 w najbli\u017csz\u0105 niedziel\u0119 b\u0119dzie widomym, symbolicznym znakiem ho\u0142du G\u0142owy Ko\u015bcio\u0142a dla wszystkich m\u0119czennik\u00f3w w obronie wiary: <em>cristeros<\/em> z lat 20. i 30., <em>sinarquistas<\/em> z lat 30. i 40., <em>yunquistas<\/em> (czyli dzia\u0142aczy kolejnej katolickiej organizacji podziemnej <em>El Yunque<\/em> &#8211; \u201eKowad\u0142o\u201d) od lat 50. do 80. ubieg\u0142ego wieku. Dzi\u015b, w\u0142adze stanowe, reprezentuj\u0105ce Parti\u0119 Akcji Narodowej, kt\u00f3re zam\u00f3wi\u0142y \u00f3w mural, oddaj\u0105 im tak\u017ce ho\u0142d. Ma to wag\u0119 jeszcze jednego symbolu: mural, czyli dekoracyjne malarstwo \u015bcienne, na og\u00f3\u0142 w stylu hiperrealistycznym, jest w Meksyku form\u0105 wynalezion\u0105 dla wsparcia Rewolucji Meksyka\u0144skiej i wi\u0119kszo\u015b\u0107 malowide\u0142 tego rodzaju, zdobi\u0105cych r\u00f3\u017cne gmachy publiczne, a\u017c nadto dok\u0142adnie wspiera\u0142o owo \u201edydaktyczne\u201d zadanie, ukazuj\u0105c zw\u0142aszcza \u201edobrodziejstwa\u201d sekularyzacji. Czo\u0142owymi muralistami byli przecie\u017c komuni\u015bci Diego Rivera i David Alfaro Siqueiros. Dzi\u015b ta sama forma, kt\u00f3ra mia\u0142a s\u0142u\u017cy\u0107 diabolicznemu dzie\u0142u rewolucji, upami\u0119tnia m\u0119czennik\u00f3w za \u015awi\u0119t\u0105 Wiar\u0119 Katolick\u0105. To tak jak Krzy\u017c po\u015brodku Koloseum, gdzie wcze\u015bniej zabijano chrze\u015bcijan. A zatem raz jeszcze okazuje si\u0119, \u017ce <em>in hoc signo vinces!<\/em><\/span><\/p>\r\n<p style=\"text-align: left;\"><em><strong><span style=\"font-size: small;\">Jacek Bartyzel<\/span><\/strong><br \/><\/em><\/p>","protected":false},"excerpt":{"rendered":"Media, jak zwykle, wytwarzaj\u0105 szum (dez)informacyjny wobec kolejnej pielgrzymki papieskiej do Meksyku i na Kub\u0119, to znaczy podaj\u0105 setki oboj\u0119tnych szczeg\u00f3\u0142\u00f3w, nie zwracaj\u0105c uwagi na to, co naprawd\u0119 istotne i maj\u0105ce wag\u0119 symbolu. Tymczasem, kulminacyjnym momentem wizyty Benedykta XVI w Meksyku ma by\u0107 Msza \u015bw. odprawiona w niedziel\u0119 25 marca na g\u0142\u00f3wnym placu miasta przed [&hellip;]","protected":false},"author":1,"featured_media":0,"comment_status":"closed","ping_status":"closed","sticky":false,"template":"","format":"standard","meta":{"_acf_changed":false,"_monsterinsights_skip_tracking":false,"_monsterinsights_sitenote_active":false,"_monsterinsights_sitenote_note":"","_monsterinsights_sitenote_category":0,"ngg_post_thumbnail":0,"footnotes":"","_wp_rev_ctl_limit":""},"categories":[9],"tags":[132,66,131,235,41],"acf":[],"_links":{"self":[{"href":"https:\/\/www.bibula.com\/index.php?rest_route=\/wp\/v2\/posts\/54120"}],"collection":[{"href":"https:\/\/www.bibula.com\/index.php?rest_route=\/wp\/v2\/posts"}],"about":[{"href":"https:\/\/www.bibula.com\/index.php?rest_route=\/wp\/v2\/types\/post"}],"author":[{"embeddable":true,"href":"https:\/\/www.bibula.com\/index.php?rest_route=\/wp\/v2\/users\/1"}],"replies":[{"embeddable":true,"href":"https:\/\/www.bibula.com\/index.php?rest_route=%2Fwp%2Fv2%2Fcomments&post=54120"}],"version-history":[{"count":0,"href":"https:\/\/www.bibula.com\/index.php?rest_route=\/wp\/v2\/posts\/54120\/revisions"}],"wp:attachment":[{"href":"https:\/\/www.bibula.com\/index.php?rest_route=%2Fwp%2Fv2%2Fmedia&parent=54120"}],"wp:term":[{"taxonomy":"category","embeddable":true,"href":"https:\/\/www.bibula.com\/index.php?rest_route=%2Fwp%2Fv2%2Fcategories&post=54120"},{"taxonomy":"post_tag","embeddable":true,"href":"https:\/\/www.bibula.com\/index.php?rest_route=%2Fwp%2Fv2%2Ftags&post=54120"}],"curies":[{"name":"wp","href":"https:\/\/api.w.org\/{rel}","templated":true}]}}