{"id":54076,"date":"2012-03-24T09:07:27","date_gmt":"2012-03-24T14:07:27","guid":{"rendered":"http:\/\/www.bibula.com\/?p=54076"},"modified":"2012-03-24T09:07:27","modified_gmt":"2012-03-24T14:07:27","slug":"ku-pokrzepieniu-serc-je-abp-henryk-hoser-zabanowal-zydofila","status":"publish","type":"post","link":"https:\/\/www.bibula.com\/?p=54076","title":{"rendered":"Ku pokrzepieniu serc : JE abp Henryk Hoser zabanowa\u0142 \u017cydofila"},"content":{"rendered":"<p><strong>Wielkie oburzenie rozchodzi si\u0119 po cywilizowanej, cz\u0119\u015bci Polski. Cz\u0142onkowi Polskiej Rady Chrze\u015bcijan i \u017byd\u00f3w x. Wojciechowi Lema\u0144skiemu cofni\u0119to misj\u0119 kanoniczn\u0105. Wprawdzie JE abp Henryk Hoser uzasadnia j\u0105 przyczynami porz\u0105dkowemi, ale dobrze, \u017ce <a href=\"http:\/\/www.alert24.pl\/alert24\/1,84880,10368614,List_otwarty_ks__Lemanskiego_do_biskupa_Meringa___To.html\">obro\u0144ca Nergala <\/a> i niereformowalny <a href=\"http:\/\/www.polityka.pl\/kraj\/wywiady\/1520002%2C1%2Crozmowa-co-mysla-o-zydach-polscy-ksieza.read\">\u017cydofil<\/a> zosta\u0142 w ostatnich dniach lutego br odsuni\u0119ty od pracy katechetycznej.<\/strong><br \/> <br \/> Sprawa nabiera wymiaru gombrowiczowskiego. Pierwsi wyst\u0105pili rodzice dzieci pozbawionych lekcyj religji. Na lokalnym portalu <a href=\"http:\/\/stacja-tluszcz.pl\/?p=6184\">napisali:<\/a><\/p>\r\n<blockquote><em>Biskup z dnia na dzie\u0144 odwo\u0142a\u0142 Proboszcza z lekcji religii &#8211; 29 lutego 2012 w \u015brodku roku szkolnego, nie podaj\u0105c nast\u0119pcy ani przyczyny. W konflikcie doros\u0142ych ludzi, jego Ekscelencja ksi\u0105dz Biskup ukara\u0142 nasze dzieci pozbawiaj\u0105c je bez uzasadnienia lekcji religii. Nikt ze strony ko\u015bcio\u0142a nie zapyta\u0142 naszych dzieci, nie zapyta\u0142 rodzic\u00f3w, czy to co zamierzaj\u0105 uczyni\u0107 jest dobre &#8211; bo na pewno nie edukacyjne w oczach naszych dzieci. Nikt ze strony szko\u0142y nie przedstawi\u0142 Radzie Rodzic\u00f3w nowego nauczyciela od lekcji religii, kt\u00f3ry mia\u0142by zast\u0105pi\u0107 odwo\u0142anego Proboszcza.<br \/> <br \/> Czy to jest normalne w demokratycznym pa\u0144stwie? Mo\u017ce to pa\u0144stwo demokratyczne w Unii Europejskiej si\u0119ga tylko do Wis\u0142y, a po tej stronie ju\u017c zaczyna si\u0119 Bia\u0142oru\u015b? Dzieci, kt\u00f3re mia\u0142y lekcje z ksi\u0119dzem, s\u0105 oburzone &#8211; \u017c\u0105daj\u0105 powrotu ksi\u0119dza. Pedagodzy wyja\u015bniaj\u0105c im, \u017ce nie wiedz\u0105, o co chodzi. Czy pr\u00f3buj\u0105 zamkn\u0105\u0107 im usta? Czy nasze dzieci nie mog\u0105 mie\u0107 swojego zdania? Czy one nie powinny wypowiedzie\u0107 si\u0119 w kwestii czy ich lekcja religii, prowadzona przez Proboszcza, by\u0142a na odpowiednim poziomie? To ju\u017c s\u0105 dzieci po 12 roku \u017cycia, na pewno maj\u0105 swoje zdanie i potrafi\u0105 dba\u0107 o swoje potrzeby. (..)<br \/> <br \/> Gdzie s\u0105 prawa ucznia? Czy nie s\u0105 one w tym konflikcie \u0142amane? Biskup pozbawiaj\u0105c dzieci ich nauczyciela wci\u0105ga w ten konflikt rodzic\u00f3w. Czy\u017c szko\u0142a i Ko\u015bci\u00f3\u0142 &#8211; jedna i druga instytucja nie jest utrzymywana z naszych pieni\u0119dzy i czy nie powinna liczy\u0107 si\u0119 z naszym zdaniem?<br \/> <br \/> Dlatego wo\u0142amy o pomoc. O pomoc wo\u0142aj\u0105 nasze dzieci &#8211; one tu cierpi\u0105 najbardziej!<\/em><\/blockquote>\r\n<p><br \/> <strong>Warto b\u0119dzie pokazywa\u0107 ten list wszystkim chc\u0105cym wyprowadzi\u0107 ponownie nauczanie religji ze szk\u00f3\u0142. Jak wida\u0107, jest to wiod\u0105cy przedmiot w szkole w Jasienicy k. T\u0142uszcza i cho\u0107by kilkutygodniowa przerwa w jego nauczaniu doprowadzi do utraty wiary 151 % tzw. wiernych.<\/strong> Niestety, list ten nie odni\u00f3s\u0142 skutku. G\u0142os zabra\u0142y zatem <a href=\"http:\/\/stacja-tluszcz.pl\/?p=6362\">dzieci <\/a><\/p>\r\n<div><a href=\"http:\/\/stacja-tluszcz.pl\/wp\/wp-content\/uploads\/2012\/03\/4_list_dzieci.jpg\"><img fetchpriority=\"high\" decoding=\"async\" src=\"http:\/\/stacja-tluszcz.pl\/wp\/wp-content\/uploads\/2012\/03\/4_list_dzieci.jpg\" alt=\"\" width=\"620\" height=\"819\" border=\"0\" \/><\/a><\/div>\r\n<p><br \/> Nie wiem, czy to x. Lema\u0144ski nauczy\u0142 te dzieci tak pi\u0119knie kaligrafowa\u0107. Jest to ca\u0142kiem mo\u017cliwe, gdy\u017c czego\u015b zapewne dzieci s\u0105 na lekcjach uczone. Szkoda tylko, \u017ce tak wybitny proboszcz i katecheta nie nauczy\u0142 swoich owieczek cho\u0107by tego, \u017ce:<br \/> <br \/> 1. Szef diecezji piastuje stanowisko Arcybiskupa i nazywa si\u0119 Henryk Hoser, co godzi\u0142oby si\u0119 napisa\u0107 w korespondencji do niego skierowanej.<br \/> <br \/> 2. Forma listu kierowanego przez wiernego do osoby duchownej powinna zawiera\u0107 formu\u0142y religijne, a wi\u0119c \u201eNiech b\u0119dzie pochwalony Jezus Chrystus\u201d czy cho\u0107by \u201eSzcz\u0119\u015b\u0107 Bo\u017ce\u201d w nag\u0142\u00f3wku oraz analogiczne zako\u0144czenie.<br \/> <br \/> Doprawdy, ju\u017c cho\u0107by te dwa listy obro\u0144c\u00f3w x. Lema\u0144skiego s\u0105 negatywnym symptomem odno\u015bnie do jego pracy duszpasterskiej i katechetycznej i wspieraj\u0105 merytorycznie decyzj\u0119 JE arcybiskupa Henryka Hosera.<\/p>\r\n<p><strong><em>Krusejder<\/em><\/strong><\/p>","protected":false},"excerpt":{"rendered":"Wielkie oburzenie rozchodzi si\u0119 po cywilizowanej, cz\u0119\u015bci Polski. Cz\u0142onkowi Polskiej Rady Chrze\u015bcijan i \u017byd\u00f3w x. Wojciechowi Lema\u0144skiemu cofni\u0119to misj\u0119 kanoniczn\u0105. Wprawdzie JE abp Henryk Hoser uzasadnia j\u0105 przyczynami porz\u0105dkowemi, ale dobrze, \u017ce obro\u0144ca Nergala i niereformowalny \u017cydofil zosta\u0142 w ostatnich dniach lutego br odsuni\u0119ty od pracy katechetycznej. Sprawa nabiera wymiaru gombrowiczowskiego. Pierwsi wyst\u0105pili rodzice dzieci [&hellip;]","protected":false},"author":1,"featured_media":0,"comment_status":"closed","ping_status":"closed","sticky":false,"template":"","format":"standard","meta":{"_acf_changed":false,"_monsterinsights_skip_tracking":false,"_monsterinsights_sitenote_active":false,"_monsterinsights_sitenote_note":"","_monsterinsights_sitenote_category":0,"ngg_post_thumbnail":0,"footnotes":"","_wp_rev_ctl_limit":""},"categories":[5],"tags":[101],"acf":[],"_links":{"self":[{"href":"https:\/\/www.bibula.com\/index.php?rest_route=\/wp\/v2\/posts\/54076"}],"collection":[{"href":"https:\/\/www.bibula.com\/index.php?rest_route=\/wp\/v2\/posts"}],"about":[{"href":"https:\/\/www.bibula.com\/index.php?rest_route=\/wp\/v2\/types\/post"}],"author":[{"embeddable":true,"href":"https:\/\/www.bibula.com\/index.php?rest_route=\/wp\/v2\/users\/1"}],"replies":[{"embeddable":true,"href":"https:\/\/www.bibula.com\/index.php?rest_route=%2Fwp%2Fv2%2Fcomments&post=54076"}],"version-history":[{"count":0,"href":"https:\/\/www.bibula.com\/index.php?rest_route=\/wp\/v2\/posts\/54076\/revisions"}],"wp:attachment":[{"href":"https:\/\/www.bibula.com\/index.php?rest_route=%2Fwp%2Fv2%2Fmedia&parent=54076"}],"wp:term":[{"taxonomy":"category","embeddable":true,"href":"https:\/\/www.bibula.com\/index.php?rest_route=%2Fwp%2Fv2%2Fcategories&post=54076"},{"taxonomy":"post_tag","embeddable":true,"href":"https:\/\/www.bibula.com\/index.php?rest_route=%2Fwp%2Fv2%2Ftags&post=54076"}],"curies":[{"name":"wp","href":"https:\/\/api.w.org\/{rel}","templated":true}]}}