{"id":53763,"date":"2012-03-20T07:57:27","date_gmt":"2012-03-20T12:57:27","guid":{"rendered":"http:\/\/www.bibula.com\/?p=53763"},"modified":"2012-03-20T07:57:27","modified_gmt":"2012-03-20T12:57:27","slug":"nowy-kulturkampf-w-polsce-prof-mieczyslaw-ryba","status":"publish","type":"post","link":"https:\/\/www.bibula.com\/?p=53763","title":{"rendered":"Nowy kulturkampf w Polsce &#8211; <em>Prof. Mieczys\u0142aw Ryba<\/em>"},"content":{"rendered":"<p>Atak na Ko\u015bci\u00f3\u0142, z jakim mamy dzi\u015b do czynienia, przypomina sytuacj\u0119 z czas\u00f3w PRL. To w\u00f3wczas w\u0142adza komunistyczna stara\u0142a si\u0119 wypchn\u0105\u0107 Ko\u015bci\u00f3\u0142 ze sfery \u017cycia publicznego i na spos\u00f3b totalitarny zapanowa\u0107 nad nim. Brutalne dzia\u0142ania motywowane by\u0142y ideologi\u0105 ateistyczn\u0105. Mimo wieloletniej akcji laicyzacyjnej prowadzonej przez pa\u0144stwo Ko\u015bci\u00f3\u0142 przetrwa\u0142 dzi\u0119ki wi\u0119zi \u0142\u0105cz\u0105cej go z Narodem.<br \/> Proste por\u00f3wnania do tamtych czas\u00f3w nie s\u0105 jednak w pe\u0142ni uprawnione. Wprawdzie dochodzi do nas coraz wi\u0119cej sygna\u0142\u00f3w o pr\u00f3bach \u0142amania konkordatu przez rz\u0105d i rugowania Ko\u015bcio\u0142a z przestrzeni \u017cycia publicznego, ale nie mamy jeszcze do czynienia z przemoc\u0105 por\u00f3wnywaln\u0105 do PRL-owskich czas\u00f3w. Dzi\u015b w\u0142adza zacietrzewiona w swym antyko\u015bcielnym nastawieniu stosuje inne metody, u\u017cywaj\u0105c przede wszystkim instrumentarium prawnego. Aby zrozumie\u0107 mechanizmy, kt\u00f3re towarzysz\u0105 wsp\u00f3\u0142czesnym zmaganiom, konieczny jest polityczny opis tych zjawisk. Twarz\u0105 kampanii antyklerykalnej w Polsce jest niew\u0105tpliwie Janusz Palikot. To z t\u0105 postaci\u0105 \u015brodowiska antychrze\u015bcija\u0144skie wi\u0105\u017c\u0105 nadzieje na przeprowadzenie antychrze\u015bcija\u0144skiej rewolucji kulturowej w naszym kraju. Mamy wi\u0119c pr\u00f3by zniesienia lub w najlepszym wypadku zdegradowania lekcji religii w szko\u0142ach, pojawiaj\u0105 si\u0119 ataki na finanse Ko\u015bcio\u0142a, zamach na Ordynariat Polowy itp. Wszystko to jednak ma kontekst o wiele g\u0142\u0119bszy, gdy\u017c ju\u017c zapowiada si\u0119 nowe ustawodawstwo w sprawie tzw. zwi\u0105zk\u00f3w partnerskich, niszczy si\u0119 media katolickie na p\u0142aszczy\u017anie instytucjonalnej (przyk\u0142ad: sprawa koncesji cyfrowej dla Telewizji Trwam).<\/p>\r\n<p><strong>Quo vadis, Hiszpanio?<\/strong><\/p>\r\n<p>Wielu katolik\u00f3w s\u0105dzi, \u017ce nie ma realnego zagro\u017cenia dla chrze\u015bcija\u0144stwa w Polsce, gdy\u017c kultura naszego Narodu jest do g\u0142\u0119bi religijna. Pog\u0142\u0119biona diagnoza problemu domaga si\u0119 por\u00f3wna\u0144 na niwie europejskiej. Wydaje si\u0119, \u017ce przyk\u0142ad Hiszpanii, kraju, kt\u00f3ry ostatnio mia\u0142em okazj\u0119 odwiedzi\u0107, jest a\u017c nadto wymowny. Jest tak cho\u0107by dlatego, \u017ce to w\u0142a\u015bnie na by\u0142ym premierze Hiszpanii Jos\u00c3\u00a9 Luisie Zapatero wzoruj\u0105 si\u0119 w swych antyklerykalnych dzia\u0142aniach tacy polscy politycy, jak Grzegorz Napieralski czy Janusz Palikot.<\/p>\r\n<p>Trudno wskaza\u0107 w Europie kraj o g\u0142\u0119bszych korzeniach katolickich ni\u017c Hiszpania. Oko\u0142o o\u015bmiuset lat walk z najazdem islamskim, organizowanie olbrzymich misji w Ameryce \u0141aci\u0144skiej, wreszcie pot\u0119\u017cne plany budowania globalnej monarchii katolickiej w XVI i XVII wieku &#8211; oto wielkie dziedzictwo hiszpa\u0144skie. Zabytki kultury katolickiej tak w mowie, pi\u015bmie, jak i w budownictwie s\u0105 imponuj\u0105ce. Na ka\u017cdym kroku wida\u0107 niezwykle okaza\u0142e \u015bwi\u0105tynie, nazewnictwo ulic i miejscowo\u015bci ma r\u00f3wnie\u017c g\u0142\u0119boko religijny charakter.<\/p>\r\n<p>Silne \u015brodowiska wolnomularskie, poczynaj\u0105c od osiemnastego wieku poprzez nast\u0119pne stulecia, wprowadzi\u0142y ten kraj w przestrze\u0144 swoistej wojny kulturowej, kt\u00f3rej najbardziej wymownym przyk\u0142adem by\u0142a wojna domowa z lat 1936-1939. Czasy wsp\u00f3\u0142czesne owocuj\u0105 nie tyle krwaw\u0105 rewolucj\u0105 militarn\u0105, co r\u00f3wnie tragiczn\u0105 rewolucj\u0105 kulturow\u0105. Rz\u0105dy socjalist\u00f3w wyja\u0142owi\u0142y \u017cycie publiczne z tradycji katolickich, a Ko\u015bci\u00f3\u0142 zosta\u0142 zepchni\u0119ty do kruchty. Owszem, \u015bwi\u0105tynie s\u0105 otwarte dla turyst\u00f3w, ale na nabo\u017ce\u0144stwach wida\u0107 garstk\u0119 ludzi. Uderzaj\u0105ce jest, \u017ce przed \u015bwi\u0105tyniami Madrytu nie widniej\u0105 nawet og\u0142oszenia o godzinach odprawiania Mszy \u015awi\u0119tych; informacje o \u017cyciu religijnym zesz\u0142y &#8222;do podziemia&#8221;.<\/p>\r\n<p><strong>Prywatyzacja religii<\/strong><\/p>\r\n<p>Mia\u0142em okazj\u0119 w tym miesi\u0105cu obserwowa\u0107 obchody rocznicy zamachu na madryckie metro, kt\u00f3re na poziomie pa\u0144stwowym by\u0142y ca\u0142kowicie wyzute z elementu sakralnego. Nie towarzyszy\u0142y im uroczysto\u015bci religijne z udzia\u0142em w\u0142adz, tak jak w Polsce, organizowano za to minikoncerty muzyki powa\u017cnej, bardziej przypominaj\u0105ce pogrzeby przyw\u00f3dc\u00f3w sowieckich z dawnej epoki ni\u017c w jakikolwiek spos\u00f3b odnosz\u0105ce si\u0119 do dziedzictwa chrze\u015bcija\u0144skiego. Wsp\u00f3\u0142czesne prze\u015bladowanie Ko\u015bcio\u0142a nie polega zatem na zakazie chodzenia na Msze \u015awi\u0119te, ale na zepchni\u0119ciu go zupe\u0142nie w sfer\u0119 \u017cycia prywatnego. Has\u0142o &#8222;Religia spraw\u0105 prywatn\u0105&#8221; skutkuje pot\u0119\u017cnymi zmianami w kulturze i w prawodawstwie. Z jednej strony w Hiszpanii mamy demoralizuj\u0105ce lekcje wychowania seksualnego w szko\u0142ach, ustawodawstwo aborcyjne, homoseksualne itp., z drugiej &#8211; posuni\u0119t\u0105 do granic absurdu ideologi\u0119 socjalistycznej r\u00f3wno\u015bci. Objawia si\u0119 ona w u\u017cywaniu proletariackich stroj\u00f3w przez polityk\u00f3w czy naukowc\u00f3w i w specyficznych relacjach wzajemnych, np. student\u00f3w i profesor\u00f3w. O ile zwracanie si\u0119 do ludzi starszych i prze\u0142o\u017conych per ty w Polsce jest jeszcze obyczajowo niedopuszczalne, o tyle w Hiszpanii praktycznie wszyscy studenci zwracaj\u0105 si\u0119 do profesor\u00f3w po imieniu. Ma to destrukcyjne skutki wychowawcze. Zachwiana hierarchia powoduje zanik wymaga\u0144 wychowawczych. M\u0142odzi ludzie potrzebuj\u0105 w starszym pokoleniu widzie\u0107 autorytety, a nie &#8222;koleg\u00f3w&#8221;. Powszechna w ca\u0142ej przestrzeni \u017cycia publicznego formu\u0142a r\u00f3wno\u015bci i fraternizowania si\u0119 likwiduje hierarchi\u0119 i autorytety, r\u00f3wnie\u017c autorytety ko\u015bcielne.<\/p>\r\n<p>Zatem kultura sta\u0142a si\u0119 w tym katolickim niegdy\u015b kraju po prostu laicka. W jednym z madryckich ko\u015bcio\u0142\u00f3w w centrum miasta na niedzielnej Mszy \u015awi\u0119tej o godz. 10.00 naliczy\u0142em 30 os\u00f3b (wraz z turystami). Msza cicha, bez organ\u00f3w, bez ministrant\u00f3w. Dwie godziny p\u00f3\u017aniej mecz Atletico Madryt zgromadzi\u0142 kilkadziesi\u0105t tysi\u0119cy os\u00f3b &#8222;pielgrzymuj\u0105cych&#8221; na stadion ca\u0142ymi rodzinami, a wszystko to w atmosferze jakby czego\u015b w rodzaju \u015bwieckiego &#8222;odpustu&#8221; (kramy, rytualne obrz\u0119dy stadionowe itp.). W sklepie klubowym mo\u017cna naby\u0107 ksi\u0105\u017ck\u0119 o wielce charakterystycznym tytule: &#8222;Biblia Atletico Madryt&#8221;. Poniewa\u017c w zaniku jest chrze\u015bcija\u0144ska obyczajowo\u015b\u0107 w sferze publicznej, a natura nie znosi pr\u00f3\u017cni, mamy dzi\u015b do czynienia z &#8222;religi\u0105 futbolu&#8221;. Znamiennie brzmi\u0105 s\u0142owa jednego z ksi\u0119\u017cy pracuj\u0105cych w Logro-o, kt\u00f3ry m\u00f3wi\u0142, \u017ce zmaterializowanych, sk\u0142\u00f3conych wewn\u0119trznie Hiszpan\u00f3w najbardziej w ostatnich latach zjednoczy\u0142 mundial (Hiszpania zosta\u0142a mistrzem \u015bwiata w pi\u0142ce no\u017cnej). <br \/> Oczywi\u015bcie nie ma nic z\u0142ego w umi\u0142owaniu futbolu, ale nie mo\u017ce on zast\u0105pi\u0107 religii. Czy\u017c to nie znamienne, \u017ce polski rz\u0105d wraz z pojawiaj\u0105cymi si\u0119 od pewnego czasu atakami na Ko\u015bci\u00f3\u0142 r\u00f3wnolegle pobudowa\u0142 kilka olbrzymich stadion\u00f3w? Musimy uwa\u017ca\u0107, a\u017ceby nie zamieni\u0142y si\u0119 one w nowe, ateistyczne \u015bwi\u0105tynie. Oczywi\u015bcie, nawet w Hiszpanii obserwujemy jask\u00f3\u0142ki odrodzenia w postaci wielotysi\u0119cznych rzesz m\u0142odzie\u017cy na spotkaniu z Ojcem \u015awi\u0119tym Benedyktem XVI w Madrycie czy pot\u0119\u017cnych manifestacji w obronie \u017cycia i rodziny. Nie zmienia to faktu, \u017ce duchowe spustoszenia w katolickiej niegdy\u015b Hiszpanii s\u0105 ogromne.<\/p>\r\n<p><strong>Katolicy na stos<\/strong><\/p>\r\n<p>Laicyzatorzy polskiego \u017cycia publicznego nie maj\u0105 a\u017c tak \u0142atwego zadania, przede wszystkim dlatego, \u017ce za spraw\u0105 g\u0142\u00f3wnie Radia Maryja mamy w Polsce katolickie media. Nawet nasi kibice to w wielu przypadkach ludzie religijni w klasycznym tego s\u0142owa rozumieniu. Nie opustosza\u0142y jeszcze polskie ko\u015bcio\u0142y, a na ulice wychodz\u0105 rzesze ludzi w obronie katolickich medi\u00f3w. Chcia\u0142oby si\u0119 powiedzie\u0107, \u017ce jest to walka fundamentalna. Je\u015bli katolicy w Polsce dadz\u0105 si\u0119 sk\u0142\u00f3ci\u0107 i podzieli\u0107 oraz pozwol\u0105 na wypchni\u0119cie religii z przestrzeni \u017cycia publicznego, walka o Polsk\u0119 mo\u017ce by\u0107 przegrana.<br \/> Jak ju\u017c wspomnia\u0142em, postaci\u0105 kluczow\u0105 dla kr\u0119g\u00f3w wrogich chrze\u015bcija\u0144stwu sta\u0142 si\u0119 Janusz Palikot, kt\u00f3ry zyska\u0142 silne poparcie Aleksandra Kwa\u015bniewskiego. Atencja, z jak\u0105 traktowany jest skandalista z Bi\u0142goraja, jasno nam m\u00f3wi, \u017ce mi\u0119dzynarodowe kr\u0119gi lewackie nie widz\u0105 ju\u017c w postkomunistach w rodzaju Leszka Millera przyw\u00f3dc\u00f3w, kt\u00f3rzy dokonaj\u0105 antyklerykalnej rewolucji. Palikot jest o wiele bardziej dynamiczny i zdeterminowany, by rozpali\u0107 w Polsce antykatolickie stosy. W kr\u0119gach politycznych twierdzi si\u0119 nawet, \u017ce kreowany jest on na przysz\u0142ego szefa rz\u0105du. Po wch\u0142oni\u0119ciu elektoratu SLD, po rozbiciu Platformy (przej\u0119cie kilkunastu pos\u0142\u00f3w PO) mo\u017ce w przysz\u0142o\u015bci doprowadzi\u0107 do przyspieszonych wybor\u00f3w i sta\u0107 si\u0119 liderem nowej lewicy w Polsce, a nawet premierem. Koalicjantem mog\u0142aby by\u0107 &#8222;odrodzona Platforma&#8221; pod wodz\u0105 Grzegorza Schetyny, a wszystko to pod patronatem by\u0142ego prezydenta Kwa\u015bniewskiego. Gdzie\u015b w tle mamy jeszcze silniejszy patronat mi\u0119dzynarodowych kr\u0119g\u00f3w lewackich, wspieraj\u0105cych rewolucj\u0119 kulturow\u0105 w Europie, a wi\u0119c i w Polsce. Zak\u0142adaj\u0105c taki przebieg wydarze\u0144, mo\u017cna si\u0119 spodziewa\u0107, \u017ce skrajnie lewacka w\u0142adza si\u0119gnie po rozwi\u0105zania prawne por\u00f3wnywalne do najbardziej rewolucyjnych pomys\u0142\u00f3w zaczerpni\u0119tych wprost z zachodniej Europy.<\/p>\r\n<p>Scenariusz taki jest prawdopodobny, a zi\u015bci si\u0119, gdy katolicy w Polsce pozostan\u0105 bierni. Rzeczywisto\u015b\u0107 jasno nam m\u00f3wi, \u017ce czas wiecznego dialogowania jakby si\u0119 wyczerpa\u0142, \u017ce czeka nas trudny okres zmaga\u0144 z naporem antychrze\u015bcija\u0144skiej kultury. I oczywi\u015bcie przyszed\u0142 czas, gdy trzeba w obronie zasad protestowa\u0107 na ulicach. Pami\u0119taj\u0105c, co sta\u0142o si\u0119 w wielu chrze\u015bcija\u0144skich krajach Zachodu, nie mo\u017cemy dopu\u015bci\u0107 do tego, by rol\u0119 pielgrzymek do miejsc \u015bwi\u0119tych przej\u0119\u0142y wycieczki na stadiony, a uroczysto\u015bci zwi\u0105zane z \u017ca\u0142obn\u0105 zadum\u0105 wyra\u017cane by\u0142y jedynie przez koncerty muzyki klasycznej. Dzie\u0144, kiedy katolicyzm zosta\u0142by wypchni\u0119ty w Polsce ca\u0142kowicie ze sfery \u017cycia publicznego, by\u0142by dla nas dniem kulturowej \u015bmierci.<\/p>\r\n<p><em><strong><strong>Prof. Mieczys\u0142aw Ryba<\/strong><\/strong><\/em><br \/> historyk Katolicki Uniwersytet Lubelski Jana Paw\u0142a II Wy\u017csza Szko\u0142a Kultury Spo\u0142ecznej i Medialnej w Toruniu<\/p>","protected":false},"excerpt":{"rendered":"Atak na Ko\u015bci\u00f3\u0142, z jakim mamy dzi\u015b do czynienia, przypomina sytuacj\u0119 z czas\u00f3w PRL. To w\u00f3wczas w\u0142adza komunistyczna stara\u0142a si\u0119 wypchn\u0105\u0107 Ko\u015bci\u00f3\u0142 ze sfery \u017cycia publicznego i na spos\u00f3b totalitarny zapanowa\u0107 nad nim. Brutalne dzia\u0142ania motywowane by\u0142y ideologi\u0105 ateistyczn\u0105. Mimo wieloletniej akcji laicyzacyjnej prowadzonej przez pa\u0144stwo Ko\u015bci\u00f3\u0142 przetrwa\u0142 dzi\u0119ki wi\u0119zi \u0142\u0105cz\u0105cej go z Narodem. Proste [&hellip;]","protected":false},"author":1,"featured_media":0,"comment_status":"closed","ping_status":"closed","sticky":false,"template":"","format":"standard","meta":{"_acf_changed":false,"_monsterinsights_skip_tracking":false,"_monsterinsights_sitenote_active":false,"_monsterinsights_sitenote_note":"","_monsterinsights_sitenote_category":0,"ngg_post_thumbnail":0,"footnotes":"","_wp_rev_ctl_limit":""},"categories":[9],"tags":[132,92],"acf":[],"_links":{"self":[{"href":"https:\/\/www.bibula.com\/index.php?rest_route=\/wp\/v2\/posts\/53763"}],"collection":[{"href":"https:\/\/www.bibula.com\/index.php?rest_route=\/wp\/v2\/posts"}],"about":[{"href":"https:\/\/www.bibula.com\/index.php?rest_route=\/wp\/v2\/types\/post"}],"author":[{"embeddable":true,"href":"https:\/\/www.bibula.com\/index.php?rest_route=\/wp\/v2\/users\/1"}],"replies":[{"embeddable":true,"href":"https:\/\/www.bibula.com\/index.php?rest_route=%2Fwp%2Fv2%2Fcomments&post=53763"}],"version-history":[{"count":0,"href":"https:\/\/www.bibula.com\/index.php?rest_route=\/wp\/v2\/posts\/53763\/revisions"}],"wp:attachment":[{"href":"https:\/\/www.bibula.com\/index.php?rest_route=%2Fwp%2Fv2%2Fmedia&parent=53763"}],"wp:term":[{"taxonomy":"category","embeddable":true,"href":"https:\/\/www.bibula.com\/index.php?rest_route=%2Fwp%2Fv2%2Fcategories&post=53763"},{"taxonomy":"post_tag","embeddable":true,"href":"https:\/\/www.bibula.com\/index.php?rest_route=%2Fwp%2Fv2%2Ftags&post=53763"}],"curies":[{"name":"wp","href":"https:\/\/api.w.org\/{rel}","templated":true}]}}