{"id":53692,"date":"2012-03-17T18:01:10","date_gmt":"2012-03-17T23:01:10","guid":{"rendered":"http:\/\/www.bibula.com\/?p=53692"},"modified":"2012-03-18T19:42:19","modified_gmt":"2012-03-19T00:42:19","slug":"protest-polakow-na-litwie","status":"publish","type":"post","link":"https:\/\/www.bibula.com\/?p=53692","title":{"rendered":"Protest Polak\u00f3w na Litwie"},"content":{"rendered":"<p>W Wilnie kilka tysi\u0119cy os\u00f3b protestuje przeciwko nowej ustawy o\u015bwiatowej. Ustawa przyj\u0119ta rok temu przez litewski parlament zak\u0142ada m.in. zwi\u0119kszenie przedmiot\u00f3w nauczanych po litewsku w szko\u0142ach polskich.<\/p>\r\n<p><img decoding=\"async\" class=\"alignleft\" style=\"margin: 10px;\" src=\"http:\/\/static.kresy.pl\/image\/ma\/c600e961d8fab7acb9e1e3eb2c7ae94f.jpg\" alt=\"\" width=\"258\" height=\"166\" align=\"left\" \/>&#8222;Stop likwidacji o\u015bwiaty mniejszo\u015bci narodowych\u201d, 'J\u0119zyk ojczysty gwarancj\u0105 jako\u015bci wiedzy\u201d &#8211; z takimi has\u0142ami protestuj\u0105cy wyruszyli w po\u0142udnie czasu lokalnego spod gmachu Sejmu alej\u0105 Gedymina do siedziby rz\u0105du. W prote\u015bcie uczestnicz\u0105 mi\u0119dzy innymi przedstawiciele Litewskiego Zwi\u0105zk\u00f3w Zawodowych pracownik\u00f3w o\u015bwiaty, nauczyciele szk\u00f3\u0142 mniejszo\u015bci narodowych, m\u0142odzie\u017c szkolna i rodzice. Manifestacja odbywa si\u0119 w pierwsz\u0105 rocznic\u0119 przyj\u0119cia ustawy o o\u015bwiacie krytykowanej g\u0142\u00f3wnie przez litewskich Polak\u00f3w. W ich ocenie jest ona pocz\u0105tkiem ko\u0144ca szko\u0142y polskiej na Litwie. Zgodnie z ustaw\u0105 o o\u015bwiacie od roku 2013 w szko\u0142ach litewskich i szko\u0142ach mniejszo\u015bci narodowych egzamin maturalny z j\u0119zyka litewskiego zostanie ujednolicony, pomimo r\u00f3\u017cnicy w programie nauczania tego przedmiotu w r\u00f3\u017cnych szko\u0142ach. Nowa ustawa wprowadzi\u0142a te\u017c w szko\u0142ach mniejszo\u015bci narodowych nauczanie lekcji historii i geografii Litwy oraz wiedzy o \u015bwiecie w cz\u0119\u015bci dotycz\u0105cej Litwy po litewsku. Tymczasem litewski minister o\u015bwiaty i nauki Gintaras Steponaviczius zarzuci\u0142 polskim politykom, \u017ce &#8222;kosztem nauczycieli i dzieci buduj\u0105 sw\u00f3j w\u0142asny kapita\u0142 polityczny\u201d. Minister powiedzia\u0142, \u017ce nie b\u0119dzie ust\u0119pstw od nowych za\u0142o\u017ce\u0144 ustawowych.<\/p>\r\n<div>IAR\/KRESY.PL<\/div>","protected":false},"excerpt":{"rendered":"W Wilnie kilka tysi\u0119cy os\u00f3b protestuje przeciwko nowej ustawy o\u015bwiatowej. Ustawa przyj\u0119ta rok temu przez litewski parlament zak\u0142ada m.in. zwi\u0119kszenie przedmiot\u00f3w nauczanych po litewsku w szko\u0142ach polskich. &#8222;Stop likwidacji o\u015bwiaty mniejszo\u015bci narodowych\u201d, 'J\u0119zyk ojczysty gwarancj\u0105 jako\u015bci wiedzy\u201d &#8211; z takimi has\u0142ami protestuj\u0105cy wyruszyli w po\u0142udnie czasu lokalnego spod gmachu Sejmu alej\u0105 Gedymina do siedziby rz\u0105du. [&hellip;]","protected":false},"author":1,"featured_media":0,"comment_status":"closed","ping_status":"closed","sticky":false,"template":"","format":"standard","meta":{"_acf_changed":false,"_monsterinsights_skip_tracking":false,"_monsterinsights_sitenote_active":false,"_monsterinsights_sitenote_note":"","_monsterinsights_sitenote_category":0,"ngg_post_thumbnail":0,"footnotes":"","_wp_rev_ctl_limit":""},"categories":[215],"tags":[65,204],"acf":[],"_links":{"self":[{"href":"https:\/\/www.bibula.com\/index.php?rest_route=\/wp\/v2\/posts\/53692"}],"collection":[{"href":"https:\/\/www.bibula.com\/index.php?rest_route=\/wp\/v2\/posts"}],"about":[{"href":"https:\/\/www.bibula.com\/index.php?rest_route=\/wp\/v2\/types\/post"}],"author":[{"embeddable":true,"href":"https:\/\/www.bibula.com\/index.php?rest_route=\/wp\/v2\/users\/1"}],"replies":[{"embeddable":true,"href":"https:\/\/www.bibula.com\/index.php?rest_route=%2Fwp%2Fv2%2Fcomments&post=53692"}],"version-history":[{"count":0,"href":"https:\/\/www.bibula.com\/index.php?rest_route=\/wp\/v2\/posts\/53692\/revisions"}],"wp:attachment":[{"href":"https:\/\/www.bibula.com\/index.php?rest_route=%2Fwp%2Fv2%2Fmedia&parent=53692"}],"wp:term":[{"taxonomy":"category","embeddable":true,"href":"https:\/\/www.bibula.com\/index.php?rest_route=%2Fwp%2Fv2%2Fcategories&post=53692"},{"taxonomy":"post_tag","embeddable":true,"href":"https:\/\/www.bibula.com\/index.php?rest_route=%2Fwp%2Fv2%2Ftags&post=53692"}],"curies":[{"name":"wp","href":"https:\/\/api.w.org\/{rel}","templated":true}]}}