{"id":53687,"date":"2012-03-17T17:53:25","date_gmt":"2012-03-17T21:53:25","guid":{"rendered":"http:\/\/www.bibula.com\/?p=53687"},"modified":"2012-03-17T17:53:25","modified_gmt":"2012-03-17T22:53:25","slug":"","status":"publish","type":"post","link":"https:\/\/www.bibula.com\/?p=53687","title":{"rendered":"Watykan: Papie\u017c zasmucony wyciekami dokument\u00f3w, b\u0119dzie \u015bledztwo"},"content":{"rendered":"<p>Benedykt XVI powo\u0142a\u0142 komisj\u0119, kt\u00f3ra zajmie si\u0119 wyciekami poufnych dokument\u00f3w z Watykanu. \u015aledztwo w tej sprawie zostanie przeprowadzone we wszystkich instytucjach Stolicy Apostolskiej &#8211; ujawni\u0142 abp Angelo Becciu, substytut w sekretariacie stanu, kt\u00f3rego dokumenty przedostawa\u0142y si\u0119 w ostatnich miesi\u0105cach do medi\u00f3w. Zast\u0119pca kard. Bertone wypowiedzia\u0142 si\u0119 w tej sprawie dla L\u2019Osservatore Romano. Wyj\u0105tkowo wywiad przeprowadzi\u0142 sam redaktor naczelny dziennika prof. Giovanni Maria Vian. \u201eBenedykt XVI jest zasmucony wyciekiem poufnej dokumentacji. Jego codzienny optymizm i determinacja jest jednak zach\u0119t\u0105 dla nas wszystkich\u201d &#8211; powiedzia\u0142 abp Becciu. Watyka\u0144ski hierarcha bardzo surowo wypowiada si\u0119 o winnych wycieku. Oskar\u017ca ich o pod\u0142o\u015b\u0107 i brak lojalno\u015bci. Tym bowiem jest upublicznianie dokument\u00f3w, kt\u00f3rych poufno\u015b\u0107 zobowi\u0105zali si\u0119 zachowa\u0107 &#8211; stwierdzi\u0142 zast\u0119pca kard. Bertone.<br \/><br \/> Zauwa\u017cy\u0142 on, \u017ce powa\u017cna nieuczciwo\u015b\u0107 nielicznych pracownik\u00f3w po\u0142o\u017cy\u0142a si\u0119 cieniem na ca\u0142ej Kurii Rzymskiej. W konsekwencji jest dzi\u015b ona postrzegana jako miejsce, w kt\u00f3rym kwitnie karierowiczostwo i intrygi. Dosz\u0142o do tego, \u017ce ksi\u0119\u017ca wstydz\u0105 si\u0119 przyzna\u0107, \u017ce pracuj\u0105 w Watykanie &#8211; opowiada abp Becciu. Cho\u0107, jak zastrzega, w Kurii Rzymskiej pracuje zaledwie od dziewi\u0119ciu miesi\u0119cy, bo wcze\u015bniej zajmowa\u0142 si\u0119 dyplomacj\u0105, to w sekretariacie stanu spotka\u0142 ludzi kompetentnych i ofiarnych, kt\u00f3rzy nie odzwierciedlaj\u0105 stereotyp\u00f3w o watyka\u0144skiej biurokracji.<br \/><br \/> kb\/ rv, l\u2019osservatore romano<\/p>","protected":false},"excerpt":{"rendered":"Benedykt XVI powo\u0142a\u0142 komisj\u0119, kt\u00f3ra zajmie si\u0119 wyciekami poufnych dokument\u00f3w z Watykanu. \u015aledztwo w tej sprawie zostanie przeprowadzone we wszystkich instytucjach Stolicy Apostolskiej &#8211; ujawni\u0142 abp Angelo Becciu, substytut w sekretariacie stanu, kt\u00f3rego dokumenty przedostawa\u0142y si\u0119 w ostatnich miesi\u0105cach do medi\u00f3w. Zast\u0119pca kard. Bertone wypowiedzia\u0142 si\u0119 w tej sprawie dla L\u2019Osservatore Romano. Wyj\u0105tkowo wywiad przeprowadzi\u0142 [&hellip;]","protected":false},"author":1,"featured_media":0,"comment_status":"closed","ping_status":"closed","sticky":false,"template":"","format":"standard","meta":{"_acf_changed":false,"_monsterinsights_skip_tracking":false,"_monsterinsights_sitenote_active":false,"_monsterinsights_sitenote_note":"","_monsterinsights_sitenote_category":0,"ngg_post_thumbnail":0,"footnotes":"","_wp_rev_ctl_limit":""},"categories":[3],"tags":[41],"acf":[],"_links":{"self":[{"href":"https:\/\/www.bibula.com\/index.php?rest_route=\/wp\/v2\/posts\/53687"}],"collection":[{"href":"https:\/\/www.bibula.com\/index.php?rest_route=\/wp\/v2\/posts"}],"about":[{"href":"https:\/\/www.bibula.com\/index.php?rest_route=\/wp\/v2\/types\/post"}],"author":[{"embeddable":true,"href":"https:\/\/www.bibula.com\/index.php?rest_route=\/wp\/v2\/users\/1"}],"replies":[{"embeddable":true,"href":"https:\/\/www.bibula.com\/index.php?rest_route=%2Fwp%2Fv2%2Fcomments&post=53687"}],"version-history":[{"count":0,"href":"https:\/\/www.bibula.com\/index.php?rest_route=\/wp\/v2\/posts\/53687\/revisions"}],"wp:attachment":[{"href":"https:\/\/www.bibula.com\/index.php?rest_route=%2Fwp%2Fv2%2Fmedia&parent=53687"}],"wp:term":[{"taxonomy":"category","embeddable":true,"href":"https:\/\/www.bibula.com\/index.php?rest_route=%2Fwp%2Fv2%2Fcategories&post=53687"},{"taxonomy":"post_tag","embeddable":true,"href":"https:\/\/www.bibula.com\/index.php?rest_route=%2Fwp%2Fv2%2Ftags&post=53687"}],"curies":[{"name":"wp","href":"https:\/\/api.w.org\/{rel}","templated":true}]}}