{"id":53685,"date":"2012-03-17T09:44:18","date_gmt":"2012-03-17T14:44:18","guid":{"rendered":"http:\/\/www.bibula.com\/?p=53685"},"modified":"2012-03-17T09:44:18","modified_gmt":"2012-03-17T14:44:18","slug":"eintopfy-i-igrzyska-stanislaw-michalkiewicz","status":"publish","type":"post","link":"https:\/\/www.bibula.com\/?p=53685","title":{"rendered":"Eintopfy i igrzyska  &#8211; <em>Stanis\u0142aw Michalkiewicz<\/em>"},"content":{"rendered":"<p>Wiadomo, \u017ce wbrew temu, co s\u0105dz\u0105 podejrzliwi wyznawcy teorii spiskowych, \u017cadnych spisk\u00f3w nie ma, zw\u0142aszcza w demokracji, kt\u00f3ra jest najdoskonalszym wytworem umys\u0142u ludzkiego i w og\u00f3le &#8211; chyba \u017ce Rywin przyjdzie do Michnika z korupcyjn\u0105 propozycj\u0105. Wtedy ludziom rozumnym nie tylko wolno, ale nawet trzeba \u017carliwie wierzy\u0107 w straszliwy spisek przeciwko sp\u00f3\u0142ce &#8222;Agora&#8221;, szcz\u0119\u015bliwie zdemaskowany przez red. Michnika w nast\u0119pstwie energicznego &#8222;dziennikarskiego \u015bledztwa&#8221; &#8211; ale to jest wyj\u0105tek potwierdzaj\u0105cy jedynie s\u0142uszn\u0105 regu\u0142\u0119. Bo zasad\u0105 jest pe\u0142ny spontan i odlot &#8211; niczym w Wielkiej Orkiestrze \u015awi\u0105tecznej Pomocy Jurka Owsiaka, zorganizowanej wed\u0142ug najlepszych wzor\u00f3w Winterhilfswerk, kt\u00f3rej finansowe fundamenty wybitny przyw\u00f3dca socjalistyczny Adolf Hitler opar\u0142 na oszcz\u0119dno\u015bciach uzyskanych dzi\u0119ki Eintopfom. Je\u015bli sytuacja w naszym nieszcz\u0119\u015bliwym kraju nadal b\u0119dzie zmierza\u0142a w kierunku wyznaczonym przez naszych bezpieczniackich okupant\u00f3w, a pos\u0142usznie realizowanym przez rz\u0105d premiera Tuska, to nie tylko doczekamy si\u0119 Eintopf\u00f3w, ale stan\u0105 si\u0119 one podstaw\u0105 wy\u017cywienia naszego mniej warto\u015bciowego narodu tubylczego. To znaczy &#8211; tak by by\u0142o, gdyby nasz nieszcz\u0119\u015bliwy kraj znajdowa\u0142 si\u0119 pod jak\u0105\u015b okupacj\u0105 bezpieczniackich watah. Tymczasem nic takiego nie ma miejsca, przeciwnie &#8211; co cztery lata suwerenowie wybieraj\u0105 sobie Umi\u0142owanych Przyw\u00f3dc\u00f3w jakich tylko dusza zapragnie &#8211; cho\u0107by nawet pos\u0142a Palikota czy osob\u0119 legitymuj\u0105c\u0105 si\u0119 dokumentami wystawionymi na Ann\u0119 Grodzk\u0105.\u00a0<\/p>\r\n<p>No i bardzo dobrze &#8211; ale jak w takim razie wyt\u0142umaczy\u0107 fakt, \u017ce kiedy na polecenie Si\u0142 Wy\u017cszych rz\u0105d premiera Tuska przyst\u0105pi\u0142 do prac nad likwidacj\u0105 Funduszu Ko\u015bcielnego, natychmiast w niezale\u017cnych mediach podnios\u0142a si\u0119 fala krytyki przeciwko finansowemu rozpasaniu Ko\u015bcio\u0142a katolickiego, kt\u00f3ry, niczym czarna dziura, wysysa z naszego nieszcz\u0119\u015bliwego kraju ca\u0142e bogactwo? \u0179e tak\u0105 kampani\u0119 prowadzi &#8222;Gazeta Wyborcza&#8221; &#8211; nietrudno zrozumie\u0107. \u017bydowskie \u015brodowiska w kraju i za granic\u0105 mog\u0105 si\u0119 obawia\u0107, \u017ce w takim razie dla nich mo\u017ce ju\u017c nie wystarczy\u0107 i ca\u0142y, nakre\u015blony w ubieg\u0142ym roku przez Izrael i Agencj\u0119 \u017bydowsk\u0105 program II etapu rabunku Polski spali na panewce. Bo etap pierwszy jest ju\u017c realizowany, i to z du\u017cym rozmachem; je\u015bli chodzi o liczb\u0119 wniosk\u00f3w o przekazanie mienia w ramach ustawy z 1997 roku o stosunku pa\u0144stwa do gmin wyznaniowych \u017cydowskich, \u017bydzi zdecydowanie przoduj\u0105. Z\u0142o\u017cyli ponad 5500 wniosk\u00f3w, podczas gdy Ko\u015bci\u00f3\u0142 w ramach restytucji &#8211; zaledwie 3000. W tej sytuacji &#8222;Gazeta Wyborcza&#8221;, kt\u00f3ra pilnuje interesu na odcinku krajowym, musi podszczuwa\u0107 swoich p\u00f3\u0142inteligent\u00f3w i szabesgoj\u00f3w na Ko\u015bci\u00f3\u0142 katolicki, piek\u0105c na jednym ogniu dwie pieczenie: pilnuje interesu i jednocze\u015bnie maskuje wrog\u0105 antykatolick\u0105 propagand\u0119 zatroskaniem o mniej warto\u015bciowy nar\u00f3d tubylczy, kt\u00f3ry najwyra\u017aniej uwa\u017ca ju\u017c za sw\u00f3j.\u00a0<\/p>\r\n<p>Dlaczego jednak identyczna propaganda prowadzona jest w mediach kojarzonych nie tyle z \u017bydami, co z Wojskowymi S\u0142u\u017cbami Informacyjnymi lub S\u0142u\u017cb\u0105 Bezpiecze\u0144stwa, czy nawet przest\u0119pczo\u015bci\u0105 zorganizowan\u0105? Inaczej, jak siucht\u0105 \u017byd\u00f3w z bezpiek\u0105 trudno by\u0142oby tak\u0105 koordynacj\u0119 wyt\u0142umaczy\u0107, dorzucaj\u0105c do tego jeszcze oczekiwania szajki nadaj\u0105cej ton w Unii Europejskiej, forsuj\u0105cej marksizm kulturowy, wrogi wszelkiej religii &#8211; z wyj\u0105tkiem oczywi\u015bcie materialistycznej religii holokaustu. To jednak by\u0142aby ju\u017c teoria spiskowa, zaprzeczaj\u0105ca autentyczno\u015bci naszej m\u0142odej demokracji, w kt\u00f3r\u0105 ostentacyjnie wierz\u0105 nasi Umi\u0142owani Przyw\u00f3dcy, bez wzgl\u0119du na przynale\u017cno\u015b\u0107 partyjn\u0105. Inna rzecz, \u017ce w odr\u00f3\u017cnieniu od teorii g\u0142osz\u0105cej autentyczno\u015b\u0107 naszej m\u0142odej demokracji, teoria spiskowa dobrze, a niekiedy nawet bardzo dobrze wyja\u015bnia r\u00f3\u017cne niepoj\u0119te inaczej zjawiska &#8211; co raczej dobrze by o niej \u015bwiadczy\u0142o.\u00a0<\/p>\r\n<p>Wracaj\u0105c tedy do Funduszu Ko\u015bcielnego, to utworzony on zosta\u0142 w 1950 roku, po skonfiskowaniu przez komun\u0119 w\u0142asno\u015bci ko\u015bcielnej. Komuch zobowi\u0105za\u0142 si\u0119 tytu\u0142em rekompensaty finansowa\u0107 ubezpieczenia emerytalne duchowie\u0144stwa i niekt\u00f3re inne wydatki. Teraz komuch postanowi\u0142 Fundusz Ko\u015bcielny zlikwidowa\u0107, sugeruj\u0105c oparcie finansowych fundament\u00f3w Ko\u015bcio\u0142a na odpisie podatkowym w wysoko\u015bci 0,3 procent.\u00a0<\/p>\r\n<p>Ta propozycja zosta\u0142a uznana ustami JE abpa S\u0142awoja Leszka G\u0142\u00f3dzia za &#8222;wojn\u0119 religijn\u0105&#8221;. W rzeczy samej; przy pozorach obiektywizmu, propozycja ta jest elementem socjotechniki, obliczonej je\u015bli nie wprost na pozbawienie Ko\u015bcio\u0142a p\u0142ynno\u015bci finansowej, to z ca\u0142\u0105 pewno\u015bci\u0105 &#8211; na finansowe uzale\u017cnienie Ko\u015bcio\u0142a od pa\u0144stwa.\u00a0<\/p>\r\n<p>Warto przypomnie\u0107, \u017ce w taki w\u0142a\u015bnie spos\u00f3b spacyfikowana zosta\u0142a ogromna cz\u0119\u015b\u0107 Ko\u015bcio\u0142a francuskiego podczas rewolucji 1789 roku &#8211; i \u017ce wprowadzenie podatku ko\u015bcielnego lansowa\u0142 ju\u017c w latach 90. JE bp Tadeusz Pieronek, kt\u00f3ry wreszcie doczeka\u0142 si\u0119 spe\u0142nienia swojej politycznej tezy. Trzeba te\u017c przypomnie\u0107, \u017ce i sam Ko\u015bci\u00f3\u0142 wszed\u0142 na t\u0119 drog\u0119 po pami\u0119tnej pielgrzymce delegacji Episkopatu do Unii Europejskiej, sk\u0105d wr\u00f3ci\u0142a ona ca\u0142kowicie nawr\u00f3cona na &#8222;integracj\u0119&#8221;. Wszystko jednak ma swoj\u0105 cen\u0119; je\u015bli Ko\u015bci\u00f3\u0142 uzale\u017cnia si\u0119 finansowo od pa\u0144stwa, to wystawia si\u0119 na cel nie tylko pos\u0142a Palikota, ale nawet rozwydrzonych kobiet, kt\u00f3re w ubieg\u0142\u0105 niedziel\u0119, odrabiaj\u0105c pensa nakazane z uwagi na 8 marca, urz\u0105dzi\u0142y w Warszawie i innych miastach &#8222;manif\u0119&#8221; pod has\u0142em &#8222;przeci\u0119cia p\u0119powiny&#8221; \u0142\u0105cz\u0105cej Ko\u015bci\u00f3\u0142 z pa\u0144stwem.<\/p>\r\n<p>Dopiero na tym tle wida\u0107 konsekwencje chwiejnej, a w przypadku wielu przedstawicieli duchowie\u0144stwa &#8211; nawet tch\u00f3rzliwej, je\u015bli nie zdradzieckiej postawy podczas wojny prowadzonej przez lobby \u017cydowskie i bezpieczniak\u00f3w przeciwko Radiu &#8222;Maryja&#8221;. Dop\u00f3ki to Radio pozostaje na pierwszej linii frontu, to wszyscy inni automatycznie s\u0105 na jego zapleczu. Gdyby jednak ono znikn\u0119\u0142o albo zrejterowa\u0142o na ty\u0142y, to wszyscy, kt\u00f3rzy dotychczas dekowali si\u0119 na zapleczu, znale\u017aliby si\u0119 na pierwszej linii z dnia na dzie\u0144, bez \u017cadnego przygotowania do otwartej konfrontacji z wrogiem, kt\u00f3ry w tej sytuacji na pewno nie b\u0119dzie przejawia\u0142 \u017cadnej staro\u015bwieckiej rewerencji. Wystarczy przypomnie\u0107 Adama Michnika, kt\u00f3ry na jednym etapie podlizywa\u0142 si\u0119 ks. Henrykowi Jankowskiemu, by ochrzci\u0142 mu syna Antosia, a p\u00f3\u017aniej, tzn. na innym etapie, jako redaktor naczelny &#8222;GW&#8221; firmowa\u0142 oskar\u017cenia ksi\u0119dza o pedofili\u0119. To jest elementarz polityki, ale widocznie nie wszyscy t\u0119 lekcj\u0119 przerobili.<\/p>\r\n<p>Tymczasem Umi\u0142owani Przyw\u00f3dcy rozpocz\u0119li przygotowania do igrzysk. Tradycyjnie rozpocz\u0119\u0142a Solidarno\u015b\u0107, kieruj\u0105c do Sejmu poparty p\u00f3\u0142tora milionem podpis\u00f3w wniosek o przeprowadzenie referendum w sprawie reformy emerytalnej. Chodzi o propozycje premiera Tuska, by zr\u00f3wna\u0107 wiek emerytalny kobiet i m\u0119\u017cczyzn i wyd\u0142u\u017cy\u0107 go do 67 lat. Poniewa\u017c propozycj\u0119 premiera Tuska skrytykowa\u0142y nie tylko ugrupowania opozycyjne, ale nawet koalicyjnej PSL, to nie jest wykluczone, \u017ce i PO w ko\u0144cu przejdzie na jasn\u0105 stron\u0119 Mocy i poprze wniosek o referendum, w kt\u00f3rym propozycja premiera Tuska oczywi\u015bcie przepadnie, bo kt\u00f3\u017c by chcia\u0142 d\u0142u\u017cej p\u0142aci\u0107 sk\u0142adki emerytalne na &#8222;chimeryczn\u0105&#8221; &#8211; jak okre\u015bli\u0142 j\u0105 wicepremier Pawlak &#8211; emerytur\u0119 pa\u0144stwow\u0105? S\u0119k w tym, \u017ce nikt nie odwa\u017ca si\u0119 przedstawi\u0107 alternatywy &#8211; bo podsuni\u0119ta Jaros\u0142awowi Kaczy\u0144skiemu przez Centrum im. Adama Smitha propozycja PiS, by wprowadzi\u0107 w Polsce system kanadyjski, jest w warunkach polskich tylko inn\u0105 wersj\u0105 redukcji zobowi\u0105za\u0144 pa\u0144stwa wobec emeryt\u00f3w, przy utrzymaniu obowi\u0105zku ubezpiecze\u0144 spo\u0142ecznych, z kt\u00f3rego \u017cyje, i to ca\u0142kiem nie\u017ale, spora cz\u0119\u015b\u0107 klasy pr\u00f3\u017cniaczej. Bo Polska to nie Kanada; w Polsce wprawdzie w I p\u00f3\u0142roczu warto\u015b\u0107 oszcz\u0119dno\u015bci osi\u0105gn\u0119\u0142a 950 mld z\u0142 (depozyty bankowe &#8211; 440 mld, OFE &#8211; 236 mld, got\u00f3wka poza bankami &#8211; oko\u0142o 100 mld, pozosta\u0142e &#8211; w akcjach i obligacjach) &#8211; ale jednocze\u015bnie 62 procent gospodarstw domowych nie ma \u017cadnych oszcz\u0119dno\u015bci, za\u015b 39 procent gospodarstw domowych nie tylko nie ma \u017cadnych oszcz\u0119dno\u015bci, ale jest zad\u0142u\u017cone.\u00a0<\/p>\r\n<p>Ale to bez znaczenia, bo nie o to chodzi, by z\u0142owi\u0107 kr\u00f3liczka, ale by goni\u0107 go. Nikt nie b\u0119dzie tu urz\u0105dza\u0142 \u017cadnej rewolucji w systemie emerytalnym, bo tak naprawd\u0119 chodzi tylko o zamarkowanie jakiej\u015b r\u00f3\u017cnicy w coraz bardziej upodabniaj\u0105cych si\u0119 do siebie formacjach parlamentarnych. Dlatego te\u017c manifestacja zorganizowana 14 marca przez PiS pod has\u0142em &#8222;Bro\u0144my swoich praw&#8221;, \u017ce to niby &#8222;Polak\u00f3w oszukano&#8221; i \u017ce &#8222;do\u015b\u0107 tego!&#8221;, nie mia\u0142a na celu jakich\u015b konkretnych przedsi\u0119wzi\u0119\u0107, tylko raczej dlatego, \u017ce skoro ju\u017c Solidarno\u015b\u0107 wyst\u0105pi\u0142a z wnioskiem o referendum, to inne formacje opozycyjne te\u017c musz\u0105 si\u0119 ruszy\u0107. Poniewa\u017c pobo\u017cny minister Gowin te\u017c si\u0119 ruszy\u0142 z pomys\u0142em deregulacji 49 spo\u015br\u00f3d 380 reglamentowanych zawod\u00f3w, PiS przyj\u0105\u0142 propozycj\u0119 rozm\u00f3w na ten temat &#8211; akurat z pobo\u017cnym ministrem Gowinem, kt\u00f3ry opowiedzia\u0142 si\u0119 przeciwko postawieniu Zbigniewa Ziobry i Jaros\u0142awa Kaczy\u0144skiego przed Trybuna\u0142em Stanu za zbrodnie IV Rzeczypospolitej. Jaros\u0142aw Kaczy\u0144ski o\u015bwiadczy\u0142, \u017ce domaga si\u0119 postawienia go przed Trybuna\u0142em, bo jako pods\u0105dny b\u0119dzie m\u00f3g\u0142 powiedzie\u0107 &#8222;wszystko&#8221;, o czym &#8211; jak mo\u017cna domy\u015bla\u0107 si\u0119 a contrario &#8211; dzisiaj nie m\u00f3wi. Taka deklaracja mo\u017ce podzia\u0142a\u0107 na wielu mityguj\u0105co, ale s\u0105 i wyj\u0105tki &#8211; m.in. w osobie pana Waldemara Kuczy\u0144skiego, kt\u00f3rego nienawi\u015b\u0107 do Jaros\u0142awa Kaczy\u0144skiego i IV RP &#8211; jak z niebywa\u0142\u0105 przesad\u0105 okre\u015blany jest niekiedy okres rz\u0105d\u00f3w PiS &#8211; wydaje si\u0119 wi\u0119ksza ni\u017c instynkt samozachowawczy. Nie potrafi\u0119 wyja\u015bni\u0107 tego inaczej, jak ogromnym stresem, jaki Waldemarowi Kuczy\u0144skiemu musia\u0142 towarzyszy\u0107 przez ca\u0142y czas IV RP i w tej sytuacji wola\u0142by ju\u017c cokolwiek, byle nie tamt\u0105 traum\u0119.\u00a0<\/p>\r\n<p>W tej sytuacji nie tylko jemu przyda si\u0119 chwila odpr\u0119\u017cenia, jakie\u00a0 zapewne stanie si\u0119 udzia\u0142em naszego nieszcz\u0119\u015bliwego kraju podczas Euro 2012, wobec kt\u00f3rego ju\u017c bledn\u0105 wszystkie inne problemy.\u00a0 <br \/><strong><em><\/em><\/strong><\/p>\r\n<p><strong><em>Stanis\u0142aw Michalkiewicz<\/em><\/strong> <br \/>www.michalkiewicz.pl<\/p>","protected":false},"excerpt":{"rendered":"Wiadomo, \u017ce wbrew temu, co s\u0105dz\u0105 podejrzliwi wyznawcy teorii spiskowych, \u017cadnych spisk\u00f3w nie ma, zw\u0142aszcza w demokracji, kt\u00f3ra jest najdoskonalszym wytworem umys\u0142u ludzkiego i w og\u00f3le &#8211; chyba \u017ce Rywin przyjdzie do Michnika z korupcyjn\u0105 propozycj\u0105. Wtedy ludziom rozumnym nie tylko wolno, ale nawet trzeba \u017carliwie wierzy\u0107 w straszliwy spisek przeciwko sp\u00f3\u0142ce &#8222;Agora&#8221;, szcz\u0119\u015bliwie zdemaskowany [&hellip;]","protected":false},"author":1,"featured_media":0,"comment_status":"closed","ping_status":"closed","sticky":false,"template":"","format":"standard","meta":{"_acf_changed":false,"_monsterinsights_skip_tracking":false,"_monsterinsights_sitenote_active":false,"_monsterinsights_sitenote_note":"","_monsterinsights_sitenote_category":0,"ngg_post_thumbnail":0,"footnotes":"","_wp_rev_ctl_limit":""},"categories":[9],"tags":[22,92,53,34],"acf":[],"_links":{"self":[{"href":"https:\/\/www.bibula.com\/index.php?rest_route=\/wp\/v2\/posts\/53685"}],"collection":[{"href":"https:\/\/www.bibula.com\/index.php?rest_route=\/wp\/v2\/posts"}],"about":[{"href":"https:\/\/www.bibula.com\/index.php?rest_route=\/wp\/v2\/types\/post"}],"author":[{"embeddable":true,"href":"https:\/\/www.bibula.com\/index.php?rest_route=\/wp\/v2\/users\/1"}],"replies":[{"embeddable":true,"href":"https:\/\/www.bibula.com\/index.php?rest_route=%2Fwp%2Fv2%2Fcomments&post=53685"}],"version-history":[{"count":0,"href":"https:\/\/www.bibula.com\/index.php?rest_route=\/wp\/v2\/posts\/53685\/revisions"}],"wp:attachment":[{"href":"https:\/\/www.bibula.com\/index.php?rest_route=%2Fwp%2Fv2%2Fmedia&parent=53685"}],"wp:term":[{"taxonomy":"category","embeddable":true,"href":"https:\/\/www.bibula.com\/index.php?rest_route=%2Fwp%2Fv2%2Fcategories&post=53685"},{"taxonomy":"post_tag","embeddable":true,"href":"https:\/\/www.bibula.com\/index.php?rest_route=%2Fwp%2Fv2%2Ftags&post=53685"}],"curies":[{"name":"wp","href":"https:\/\/api.w.org\/{rel}","templated":true}]}}