{"id":53645,"date":"2012-03-16T10:37:06","date_gmt":"2012-03-16T15:37:06","guid":{"rendered":"http:\/\/www.bibula.com\/?p=53645"},"modified":"2012-03-16T10:37:06","modified_gmt":"2012-03-16T15:37:06","slug":"ministerstwo-ateizacji-rzad-wycenil-kosciol-katolicki-na-mniej-niz-13-orkiestry-owsiaka","status":"publish","type":"post","link":"https:\/\/www.bibula.com\/?p=53645","title":{"rendered":"Ministerstwo Ateizacji. &#8222;Rz\u0105d wyceni\u0142 Ko\u015bci\u00f3\u0142 katolicki na mniej ni\u017c 1\/3 Orkiestry Owsiaka&#8221;"},"content":{"rendered":"<p><strong>Rz\u0105d wyceni\u0142 Ko\u015bci\u00f3\u0142 katolicki na mniej ni\u017c 1\/3 Orkiestry Owsiaka. Zaproponowa\u0142 bowiem dzi\u015b biskupom, \u017ce wierni b\u0119d\u0105 mogli zadeklarowa\u0107 0,3% swego podatku PIT na Ko\u015bci\u00f3\u0142. Tymczasem organizacje po\u017cytku publicznego, takie jak WO\u015aP, maj\u0105 dzi\u015b prawo do 1% podatku.<\/strong><\/p>\r\n<p>Kiedy jaki\u015b czas temu przeczyta\u0142am, \u017ce po z\u0142owieszczej zapowiedzi premiera Tuska z expose o likwidacji Funduszu Ko\u015bcielnego, ksi\u0119\u017ca biskupi rozwa\u017caj\u0105, czy nie zaproponowa\u0107 w zamian za to jednoprocentowego udzia\u0142u w podatku PiT wzorem organizacji pozarz\u0105dowych, sk\u00f3ra mi \u015bcierp\u0142a. Wiedzia\u0142am, \u017ce to woda na m\u0142yn antykleryka\u0142om. Okaza\u0142o si\u0119, \u017ce ta s\u0142aba reakcja na plany antyko\u015bcielne rz\u0105du o\u015bmieli\u0142a go do zaproponowania niebezpiecznego mechanizmu, kt\u00f3ry b\u0119dzie mia\u0142 w dodatku kolejne gro\u017ane konsekwencje. Ju\u017c nie jeden procent, ale 0,3% &#8211; m\u00f3wi min. Boni. A brzmi to jak ultimatum. \u00a0Dlaczego dzisiejsza oferta \u201enie do odrzucenia\u201d jest tak paskudna?<\/p>\r\n<p>1.\u00a0\u00a0\u00a0\u00a0\u00a0Fundusz Ko\u015bcielny mia\u0142 zrekompensowa\u0107, cho\u0107by cz\u0119\u015bciowo utrat\u0119 korzy\u015bci z maj\u0105tku zagrabionego przez komunist\u00f3w, a do dzi\u015b zwr\u00f3conego tylko w cz\u0119\u015bci. Je\u015bli tak, to dlaczego jego obecny wymiar 90 mln ma by\u0107 zast\u0105piony udzia\u0142em w podatku, dobrowolnie deklarowanym przez wiernych, kt\u00f3ry to udzia\u0142 minister Administracji (czy\u017cby tak\u017ce Ateizacji) M.Boni szacuje na \u201eoko\u0142o 100 mln\u201d. De facto b\u0119dzie to przecie\u017c uznanie, \u017ce to wierni rekompensuj\u0105 sw\u0105 deklaracj\u0105 podatkow\u0105 skutki decyzji komunist\u00f3w. To niebezpieczny precedens.<\/p>\r\n<p>2.\u00a0\u00a0\u00a0\u00a0\u00a0Wprowadzenie swoistego podatku ko\u015bcielnego do PIT spowoduje naturaln\u0105 reakcj\u0119 kolejnych populistycznych partii antyklerykalnych, by z tego wdowiego grosza w wymiarze 100 mln rocznie finansowa\u0107 nie tylko obecne wydatki Funduszu Ko\u015bcielnego, ale i wszystkie inne dotychczasowe wydatki pa\u0144stwa zwi\u0105zane z Ko\u015bcio\u0142em, w tym np. lekcje religii, uczelnie katolickie.<\/p>\r\n<p>3.\u00a0\u00a0\u00a0\u00a0\u00a0Wierni, mniej \u015bwiadomi ekonomicznie, uznaj\u0105, \u017ce skoro p\u0142ac\u0105 \u201epodatek ko\u015bcielny\u201d z PIT, nie musz\u0105 ju\u017c sk\u0142ada\u0107 ofiar na tac\u0119 i innych dobrowolnych datk\u00f3w. Istnieje zatem niebezpiecze\u0144stwo, \u017ce spadnie og\u00f3lna suma pieni\u0119dzy dawanych przez Polak\u00f3w na utrzymanie Ko\u015bcio\u0142a.<\/p>\r\n<p>4.\u00a0\u00a0\u00a0\u00a0\u00a0Wi\u0105zanie finansowania Ko\u015bcio\u0142a z wp\u0142ywami z PIT oznacza de facto, \u017ce im ni\u017csze b\u0119d\u0105 podatki dochodowe PIT, tym ni\u017csze przychody Ko\u015bcio\u0142a. Obni\u017cenie podatku Polakom oznacza\u0107 b\u0119dzie obni\u017cenie finansowania Ko\u015bcio\u0142a. Ten mechanizm dzia\u0142a obecnie w spos\u00f3b bardzo dotkliwy przeciwko samorz\u0105dom.<\/p>\r\n<p>5.\u00a0\u00a0\u00a0\u00a0\u00a0Og\u00f3lna tendencja systemu fiskalnego w Polsce jak w wielu innych krajach jest taka, \u017ce udzia\u0142 podatk\u00f3w dochodowych spada na korzy\u015b\u0107 podatk\u00f3w po\u015brednich typu VAT. St\u0105d wi\u0105zanie przychod\u00f3w Ko\u015bcio\u0142a z PIT z g\u00f3ry skazuje go na coraz mniejszy realny przych\u00f3d.<\/p>\r\n<p>6.\u00a0\u00a0\u00a0\u00a0\u00a0Ustalenie, \u017ce Ko\u015bcio\u0142owi katolickiemu nale\u017cy si\u0119 tyle co 1\/3 tego, co stowarzyszeniom i fundacjom symbolicznie stanowi dotkliwy i haniebny wyraz lekcewa\u017cenia wobec instytucji, kt\u00f3rej Polska i Polacy zawdzi\u0119czaj\u0105 sw\u0105 to\u017csamo\u015b\u0107, kultur\u0119 i sil\u0119 duchow\u0105 od ponad tysi\u0105ca lat.<\/p>\r\n<p>Trzeba przyzna\u0107, \u017ce rz\u0105d Donalda Tuska wyj\u0105tkowo przebiegle wykorzystuje brak jednoznacznego, stanowczego zdania strony ko\u015bcielnej i s\u0142abe zorganizowanie katolik\u00f3w \u015bwieckich. Po dzisiejszym potraktowaniu biskup\u00f3w przez rz\u0105d &#8211; jedyn\u0105 odpowiedzi\u0105 powinno by\u0107 \u017c\u0105danie przez katolik\u00f3w dymisji takiej w\u0142adzy.<\/p>\r\n<p><strong><em>Barbara Bubula<\/em><\/strong><\/p>\r\n<p style=\"padding-left: 30px;\">Barbara Bubula &#8211; Filolog, absolwentka UJ, mieszkanka Krakowa, 2005-2007 pose\u0142 na Sejm, 2007-2010 cz\u0142onkini Krajowej Rady Radiofonii i Telewizji<\/p>","protected":false},"excerpt":{"rendered":"Rz\u0105d wyceni\u0142 Ko\u015bci\u00f3\u0142 katolicki na mniej ni\u017c 1\/3 Orkiestry Owsiaka. Zaproponowa\u0142 bowiem dzi\u015b biskupom, \u017ce wierni b\u0119d\u0105 mogli zadeklarowa\u0107 0,3% swego podatku PIT na Ko\u015bci\u00f3\u0142. Tymczasem organizacje po\u017cytku publicznego, takie jak WO\u015aP, maj\u0105 dzi\u015b prawo do 1% podatku. Kiedy jaki\u015b czas temu przeczyta\u0142am, \u017ce po z\u0142owieszczej zapowiedzi premiera Tuska z expose o likwidacji Funduszu Ko\u015bcielnego, [&hellip;]","protected":false},"author":1,"featured_media":0,"comment_status":"closed","ping_status":"closed","sticky":false,"template":"","format":"standard","meta":{"_acf_changed":false,"_monsterinsights_skip_tracking":false,"_monsterinsights_sitenote_active":false,"_monsterinsights_sitenote_note":"","_monsterinsights_sitenote_category":0,"ngg_post_thumbnail":0,"footnotes":"","_wp_rev_ctl_limit":""},"categories":[8],"tags":[132,92],"acf":[],"_links":{"self":[{"href":"https:\/\/www.bibula.com\/index.php?rest_route=\/wp\/v2\/posts\/53645"}],"collection":[{"href":"https:\/\/www.bibula.com\/index.php?rest_route=\/wp\/v2\/posts"}],"about":[{"href":"https:\/\/www.bibula.com\/index.php?rest_route=\/wp\/v2\/types\/post"}],"author":[{"embeddable":true,"href":"https:\/\/www.bibula.com\/index.php?rest_route=\/wp\/v2\/users\/1"}],"replies":[{"embeddable":true,"href":"https:\/\/www.bibula.com\/index.php?rest_route=%2Fwp%2Fv2%2Fcomments&post=53645"}],"version-history":[{"count":0,"href":"https:\/\/www.bibula.com\/index.php?rest_route=\/wp\/v2\/posts\/53645\/revisions"}],"wp:attachment":[{"href":"https:\/\/www.bibula.com\/index.php?rest_route=%2Fwp%2Fv2%2Fmedia&parent=53645"}],"wp:term":[{"taxonomy":"category","embeddable":true,"href":"https:\/\/www.bibula.com\/index.php?rest_route=%2Fwp%2Fv2%2Fcategories&post=53645"},{"taxonomy":"post_tag","embeddable":true,"href":"https:\/\/www.bibula.com\/index.php?rest_route=%2Fwp%2Fv2%2Ftags&post=53645"}],"curies":[{"name":"wp","href":"https:\/\/api.w.org\/{rel}","templated":true}]}}