{"id":534,"date":"2006-08-22T00:00:00","date_gmt":"2006-08-22T00:00:00","guid":{"rendered":""},"modified":"2016-08-22T12:44:48","modified_gmt":"2016-08-22T16:44:48","slug":"nienormalne-dziecko-soboru-watykanskiego-ii","status":"publish","type":"post","link":"https:\/\/www.bibula.com\/?p=534","title":{"rendered":"Nienormalne dziecko Soboru Watyka\u0144skiego II"},"content":{"rendered":"<p>&#8222;Klasztor <em>Monastero di Bose<\/em> powsta\u0142 8 grudnia 1965 roku. W tym samym dniu gdy Sob\u00f3r Watyka\u0144ski II zako\u0144czy\u0142 swe obrady, Enzo Bianchi zdecydowa\u0142 si\u0119 \u017cy\u0107 samotnie w wynaj\u0119tym domu niedaleko farmy mlecznej w Bose. Trzy lata p\u00f3\u017aniej przybyli pierwsi bracia, siostra oraz &#8222;reformowany pastor&#8221;. Od tego czasu, ka\u017cdego ranka, w po\u0142udnie oraz w wieczory, rozbrzmiewa Liturgia Godzin&#8230; &#8221; &#8211; tak wprowadza nas w histori\u0119 klasztoru <em>Monastero di Boso<\/em> ich strona internetowa.<\/p><p>Ciekawy ten klasztor, dzi\u015b sk\u0142adaj\u0105cy si\u0119 z &#8222;oko\u0142o osiemdziesi\u0119ciu cz\u0142onk\u00f3w&#8221;. W\u015br\u00f3d nich jest &#8222;wielu braci i si\u00f3str nale\u017c\u0105cych do ko\u015bcio\u0142\u00f3w reformowanych, pi\u0119ciu braci b\u0119d\u0105cych ksi\u0119\u017cmi, oraz jeden &#8222;reformowany pastor&#8221; [?] &#8222;.<br \/> Czyli mamy takie w\u0142oskie wydanie heretyk\u00f3w z Taiz\u00c3\u00a9. Ale najciekawsze pytanie brzmi: co w tej grupce robi\u0105 ksi\u0119\u017ca i jaki jest ich status. Je\u015bli &#8222;odprawiaj\u0105 liturgi\u0119&#8221; razem z protestanckimi heretykami &#8211; sami podlegaj\u0105 ekskomunice. Czy kt\u00f3ry\u015b z ostatnich biskup\u00f3w w\u0142oskich, a mo\u017ce sam biskup Rzymu zainteresowa\u0142 si\u0119 ich rol\u0105? Dzia\u0142aj\u0105 wszak na ich w\u0142oskim podw\u00f3rku od czterdziestu lat.<br \/> Na pr\u00f3\u017cno te pytania, wszak dzisiaj takie &#8222;ekumeniczne modlitwy&#8221; s\u0105 modne, a heretycy nie tylko s\u0105 przyjmowani i chwaleni przez hiererch\u00f3w, ale otrzymuj\u0105 Komuni\u0119 \u015bw. z r\u0105k papie\u017cy&#8230;<\/p><p>Sk\u0105d jednak te w\u0105tpliwo\u015bci wobec klasztoru <em>Monastero di Bose<\/em>? Ano, zaprezentujmy jedno zdj\u0119cie z ich kolekcji, kt\u00f3re powinno wszystko wyja\u015bni\u0107..<\/p><p><img decoding=\"async\" src=\"http:\/\/www.bibula.com\/new\/images\/00534_Bose.jpg\" \/><\/p><p>Na zdj\u0119ciu, braciszkowie z <em>Monastro di Bose <\/em>modl\u0105 si\u0119 &#8211; wygl\u0105da jednak na to, \u017ce <strong>nie wiedz\u0105 do kogo<\/strong>. Czy\u017cby dzie\u0144 powstania ich klasztoru &#8211; na kt\u00f3ry si\u0119 tak mocno powo\u0142uj\u0105 &#8211; <strong>pomiesza\u0142 ich zmys\u0142y<\/strong>? Czy\u017cby cierpieli na rozdwojenie ja\u017ani? Najwyra\u017aniej nie s\u0105 jedyn\u0105 ofiar\u0105 wydarzenia tego dnia&#8230;<\/p><p>&nbsp;<\/p>","protected":false},"excerpt":{"rendered":"&#8222;Klasztor Monastero di Bose powsta\u0142 8 grudnia 1965 roku. W tym samym dniu gdy Sob\u00f3r Watyka\u0144ski II zako\u0144czy\u0142 swe obrady, Enzo Bianchi zdecydowa\u0142 si\u0119 \u017cy\u0107 samotnie w wynaj\u0119tym domu niedaleko farmy mlecznej w Bose. Trzy lata p\u00f3\u017aniej przybyli pierwsi bracia, siostra oraz &#8222;reformowany pastor&#8221;. Od tego czasu, ka\u017cdego ranka, w po\u0142udnie oraz w wieczory, rozbrzmiewa [&hellip;]","protected":false},"author":1,"featured_media":0,"comment_status":"closed","ping_status":"open","sticky":false,"template":"","format":"standard","meta":{"_acf_changed":false,"_monsterinsights_skip_tracking":false,"_monsterinsights_sitenote_active":false,"_monsterinsights_sitenote_note":"","_monsterinsights_sitenote_category":0,"ngg_post_thumbnail":0,"footnotes":"","_wp_rev_ctl_limit":""},"categories":[3],"tags":[207,33],"acf":[],"_links":{"self":[{"href":"https:\/\/www.bibula.com\/index.php?rest_route=\/wp\/v2\/posts\/534"}],"collection":[{"href":"https:\/\/www.bibula.com\/index.php?rest_route=\/wp\/v2\/posts"}],"about":[{"href":"https:\/\/www.bibula.com\/index.php?rest_route=\/wp\/v2\/types\/post"}],"author":[{"embeddable":true,"href":"https:\/\/www.bibula.com\/index.php?rest_route=\/wp\/v2\/users\/1"}],"replies":[{"embeddable":true,"href":"https:\/\/www.bibula.com\/index.php?rest_route=%2Fwp%2Fv2%2Fcomments&post=534"}],"version-history":[{"count":0,"href":"https:\/\/www.bibula.com\/index.php?rest_route=\/wp\/v2\/posts\/534\/revisions"}],"wp:attachment":[{"href":"https:\/\/www.bibula.com\/index.php?rest_route=%2Fwp%2Fv2%2Fmedia&parent=534"}],"wp:term":[{"taxonomy":"category","embeddable":true,"href":"https:\/\/www.bibula.com\/index.php?rest_route=%2Fwp%2Fv2%2Fcategories&post=534"},{"taxonomy":"post_tag","embeddable":true,"href":"https:\/\/www.bibula.com\/index.php?rest_route=%2Fwp%2Fv2%2Ftags&post=534"}],"curies":[{"name":"wp","href":"https:\/\/api.w.org\/{rel}","templated":true}]}}