{"id":53242,"date":"2012-03-09T15:01:32","date_gmt":"2012-03-09T20:01:32","guid":{"rendered":"http:\/\/www.bibula.com\/?p=53242"},"modified":"2012-03-09T12:35:09","modified_gmt":"2012-03-09T17:35:09","slug":"do-polski-wrocila-polowa-emigrantow","status":"publish","type":"post","link":"https:\/\/www.bibula.com\/?p=53242","title":{"rendered":"Do Polski wr\u00f3ci\u0142a po\u0142owa emigrant\u00f3w"},"content":{"rendered":"<p><strong>Co drugi Polak, kt\u00f3ry wyjecha\u0142 za granic\u0119 po przyst\u0105pieniu Polski do UE, wr\u00f3ci\u0142 do kraju. Tylko dla co dziesi\u0105tego by\u0142o to zwi\u0105zane z utrat\u0105 pracy w miejscu pobytu &#8211; wynika z danych prezentowanych na seminarium Wojew\u00f3dzkiego Urz\u0119du Pracy w Warszawie.<\/strong><\/p>\r\n<p>Jak powiedzia\u0142a Izabela Grabowska-Lusi\u0144ska z O\u015brodka Bada\u0144 nad Migracjami UW, trwaj\u0105cy od kilku lat kryzys gospodarczy spowodowa\u0142, \u017ce mniej Polak\u00f3w decydowa\u0142o si\u0119 na migracj\u0119 z Polski. Do kraju wr\u00f3ci\u0142a po\u0142owa z 2,2 mln os\u00f3b, kt\u00f3re wyjecha\u0142y za granic\u0119 po 2004 r., jednak g\u0142\u00f3wnie z tego powodu, \u017ce planowali to ju\u017c wyje\u017cd\u017caj\u0105c.<\/p>\r\n<p>Z przedstawionych przez ni\u0105 danych wynika, \u017ce kryzys gospodarczy w krajach UE dotkn\u0105\u0142 bardziej imigrant\u00f3w ni\u017c obywateli danego kraju, jednak nie wsz\u0119dzie, np. w Irlandii i Hiszpanii poza rynkiem pracy wi\u0119cej jest krajowc\u00f3w ni\u017c przybyszy z innych kraj\u00f3w.<\/p>\r\n<p>Jak wyja\u015bni\u0142a Grabowska-Lusi\u0144ska, sta\u0142o si\u0119 tak, dlatego \u017ce w ka\u017cdej rozwini\u0119tej gospodarce istnieje segmentowany rynek pracy, tj. istnieje pewna kategoria zawod\u00f3w, kt\u00f3rych krajowcy ju\u017c nie chc\u0105 wykonywa\u0107 przy okre\u015blonych stawkach wynagrodzenia. Dzi\u0119ki temu imigranci mogli utrzyma\u0107 si\u0119 w krajach, kt\u00f3rych dotkn\u0105\u0142 nawet ostry kryzys. Zdaje si\u0119 to potwierdza\u0107 fakt, \u017ce z 2,2 mln os\u00f3b, kt\u00f3re wyjecha\u0142y z Polski do pracy za granic\u0105 po 2004 r., wr\u00f3ci\u0142a mniej wi\u0119cej po\u0142owa, jednak tylko dla co dziesi\u0105tego by\u0142o to zwi\u0105zane z utrat\u0105 pracy za granic\u0105.<\/p>\r\n<p>Z prezentowanych informacji wynika tak\u017ce, \u017ce og\u00f3lnie w krajach wsp\u00f3lnoty skutki kryzysu bardziej dotkn\u0119\u0142y pracownik\u00f3w starszych, bardziej wykszta\u0142conych i wykwalifikowanych.<\/p>\r\n<p>W\u015br\u00f3d kraj\u00f3w, do kt\u00f3rych Polacy najcz\u0119\u015bciej wyje\u017cd\u017caj\u0105, nadal dominuje Wielka Brytania; kolejne miejsca zajmuj\u0105 Niemcy i Hiszpania. W latach kryzysu na znaczeniu zyska\u0142a Holandia, znacznie straci\u0142a natomiast Irlandia.<\/p>\r\n<p>Napisa\u0142(a) Za onet\/r <\/p>","protected":false},"excerpt":{"rendered":"Co drugi Polak, kt\u00f3ry wyjecha\u0142 za granic\u0119 po przyst\u0105pieniu Polski do UE, wr\u00f3ci\u0142 do kraju. Tylko dla co dziesi\u0105tego by\u0142o to zwi\u0105zane z utrat\u0105 pracy w miejscu pobytu &#8211; wynika z danych prezentowanych na seminarium Wojew\u00f3dzkiego Urz\u0119du Pracy w Warszawie. Jak powiedzia\u0142a Izabela Grabowska-Lusi\u0144ska z O\u015brodka Bada\u0144 nad Migracjami UW, trwaj\u0105cy od kilku lat kryzys [&hellip;]","protected":false},"author":1,"featured_media":0,"comment_status":"closed","ping_status":"closed","sticky":false,"template":"","format":"standard","meta":{"_acf_changed":false,"_monsterinsights_skip_tracking":false,"_monsterinsights_sitenote_active":false,"_monsterinsights_sitenote_note":"","_monsterinsights_sitenote_category":0,"ngg_post_thumbnail":0,"footnotes":"","_wp_rev_ctl_limit":""},"categories":[8],"tags":[152,92],"acf":[],"_links":{"self":[{"href":"https:\/\/www.bibula.com\/index.php?rest_route=\/wp\/v2\/posts\/53242"}],"collection":[{"href":"https:\/\/www.bibula.com\/index.php?rest_route=\/wp\/v2\/posts"}],"about":[{"href":"https:\/\/www.bibula.com\/index.php?rest_route=\/wp\/v2\/types\/post"}],"author":[{"embeddable":true,"href":"https:\/\/www.bibula.com\/index.php?rest_route=\/wp\/v2\/users\/1"}],"replies":[{"embeddable":true,"href":"https:\/\/www.bibula.com\/index.php?rest_route=%2Fwp%2Fv2%2Fcomments&post=53242"}],"version-history":[{"count":0,"href":"https:\/\/www.bibula.com\/index.php?rest_route=\/wp\/v2\/posts\/53242\/revisions"}],"wp:attachment":[{"href":"https:\/\/www.bibula.com\/index.php?rest_route=%2Fwp%2Fv2%2Fmedia&parent=53242"}],"wp:term":[{"taxonomy":"category","embeddable":true,"href":"https:\/\/www.bibula.com\/index.php?rest_route=%2Fwp%2Fv2%2Fcategories&post=53242"},{"taxonomy":"post_tag","embeddable":true,"href":"https:\/\/www.bibula.com\/index.php?rest_route=%2Fwp%2Fv2%2Ftags&post=53242"}],"curies":[{"name":"wp","href":"https:\/\/api.w.org\/{rel}","templated":true}]}}