{"id":52858,"date":"2012-03-04T21:20:19","date_gmt":"2012-03-05T02:20:19","guid":{"rendered":"http:\/\/www.bibula.com\/?p=52858"},"modified":"2012-03-04T22:02:44","modified_gmt":"2012-03-05T03:02:44","slug":"skad-to-zdziwienie-rafal-a-ziemkiewicz","status":"publish","type":"post","link":"https:\/\/www.bibula.com\/?p=52858","title":{"rendered":"Sk\u0105d to zdziwienie? &#8211; <em>Rafa\u0142 A. Ziemkiewicz<\/em>"},"content":{"rendered":"<p>\u201eJaka szkoda, \u017ce o tych sprawach m\u00f3wimy dopiero w obliczu takiej tragedii\u201d &#8211; podsumowa\u0142a \u00a0refleksyjnie prezenterka jednej \u00a0z ca\u0142odobowych telewizji informacyjnych rozmow\u0119 z ekspertami opisuj\u0105cymi organizacyjne nonsensy na polskiej kolei, zaniedbania i zaniechania, zmarnowanie \u00a0przeznaczonych na popraw\u0119 bezpiecze\u0144stwa \u015brodk\u00f3w unijnych i inne patologie. A ja przed telewizorem zakl\u0105\u0142em tak samo, jak &#8211; pami\u0119tam &#8211; kl\u0105\u0142 przed laty \u00a0m\u00f3j tata przy komunistycznym \u201eDzienniku Telewizyjnym\u201d. W\u0142a\u015bnie, pani redaktor, dlaczeg\u00f3\u017c to \u00a0nie m\u00f3wili\u015bcie o tym wcze\u015bniej?<\/p>\r\n<p>W ubieg\u0142ym roku mieli\u015bmy cztery powa\u017cne wypadki w ruchu pasa\u017cerskim, z kt\u00f3rych ka\u017cdy m\u00f3g\u0142 sko\u0144czy\u0107 si\u0119 wi\u0119kszymi ofiarami. Wypadk\u00f3w w ruchu towarowym nikt nie liczy\u0142 i nie odnotowywa\u0142. Eksperci za ka\u017cdym razem alarmowali o fatalnych skutkach podzielenia PKP na zbyt wielk\u0105 liczb\u0119 sp\u00f3\u0142ek, decyzyjnych \u00a0absurdach, ryzykownych oszcz\u0119dno\u015bciach i marnowaniu \u015brodk\u00f3w unijnych. Opozycyjni dziennikarze \u00a0pisali o tym wielokrotnie. Z jakiego\u015b powodu media elektroniczne nigdy nie sz\u0142y tropem tych publikacji, a po wypadkach skwapliwie \u00a0wraca\u0142y do ca\u0142odobowego \u00a0zachwycania si\u0119 w\u0142adz\u0105 i bicia piany o zagro\u017ceniu \u201epowrotem IV RP\u201d.<\/p>\r\n<p>A teraz co us\u0142yszymy? \u0179e wypadki, niestety, wsz\u0119dzie si\u0119 czasem zdarzaj\u0105 i \u017ce pa\u0144stwo zda\u0142o egzamin, bo sprawnie zorganizowa\u0142o pomoc dla rodzin i wyp\u0142aci\u0142o zasi\u0142ki pogrzebowe? Pochwa\u0142y dla akcji ratowniczej i dla przygotowanej napr\u0119dce przez rz\u0105dowych piarowc\u00f3w (jak nale\u017cy si\u0119 spodziewa\u0107) kolejnej specustawy? Ruganie prawicowych polityk\u00f3w i komentator\u00f3w za \u201egranie tragedi\u0105\u201d? Co jeszcze musi si\u0119 w III RP zawali\u0107, wybuchn\u0105\u0107 albo sp\u0142on\u0105\u0107, \u017ceby wyrwa\u0142o to w\u0142adz\u0119 z butnego samozadowolenia, a jej medialnych giermk\u00f3w sk\u0142oni\u0142o do zaj\u0119cia si\u0119 dziennikarstwem zamiast propagandy?<\/p>\r\n<p><strong><em>Rafa\u0142 A. Ziemkiewicz<\/em><\/strong><\/p>\r\n<p><em>Autor jest publicyst\u0105 tygodnika \u201eUwa\u017cam Rze\u201d<\/em><\/p>","protected":false},"excerpt":{"rendered":"\u201eJaka szkoda, \u017ce o tych sprawach m\u00f3wimy dopiero w obliczu takiej tragedii\u201d &#8211; podsumowa\u0142a \u00a0refleksyjnie prezenterka jednej \u00a0z ca\u0142odobowych telewizji informacyjnych rozmow\u0119 z ekspertami opisuj\u0105cymi organizacyjne nonsensy na polskiej kolei, zaniedbania i zaniechania, zmarnowanie \u00a0przeznaczonych na popraw\u0119 bezpiecze\u0144stwa \u015brodk\u00f3w unijnych i inne patologie. A ja przed telewizorem zakl\u0105\u0142em tak samo, jak &#8211; pami\u0119tam &#8211; kl\u0105\u0142 [&hellip;]","protected":false},"author":1,"featured_media":0,"comment_status":"closed","ping_status":"closed","sticky":false,"template":"","format":"standard","meta":{"_acf_changed":false,"_monsterinsights_skip_tracking":false,"_monsterinsights_sitenote_active":false,"_monsterinsights_sitenote_note":"","_monsterinsights_sitenote_category":0,"ngg_post_thumbnail":0,"footnotes":"","_wp_rev_ctl_limit":""},"categories":[9],"tags":[92,104],"acf":[],"_links":{"self":[{"href":"https:\/\/www.bibula.com\/index.php?rest_route=\/wp\/v2\/posts\/52858"}],"collection":[{"href":"https:\/\/www.bibula.com\/index.php?rest_route=\/wp\/v2\/posts"}],"about":[{"href":"https:\/\/www.bibula.com\/index.php?rest_route=\/wp\/v2\/types\/post"}],"author":[{"embeddable":true,"href":"https:\/\/www.bibula.com\/index.php?rest_route=\/wp\/v2\/users\/1"}],"replies":[{"embeddable":true,"href":"https:\/\/www.bibula.com\/index.php?rest_route=%2Fwp%2Fv2%2Fcomments&post=52858"}],"version-history":[{"count":0,"href":"https:\/\/www.bibula.com\/index.php?rest_route=\/wp\/v2\/posts\/52858\/revisions"}],"wp:attachment":[{"href":"https:\/\/www.bibula.com\/index.php?rest_route=%2Fwp%2Fv2%2Fmedia&parent=52858"}],"wp:term":[{"taxonomy":"category","embeddable":true,"href":"https:\/\/www.bibula.com\/index.php?rest_route=%2Fwp%2Fv2%2Fcategories&post=52858"},{"taxonomy":"post_tag","embeddable":true,"href":"https:\/\/www.bibula.com\/index.php?rest_route=%2Fwp%2Fv2%2Ftags&post=52858"}],"curies":[{"name":"wp","href":"https:\/\/api.w.org\/{rel}","templated":true}]}}